{"id":15709,"date":"2025-12-20T12:42:05","date_gmt":"2025-12-20T12:42:05","guid":{"rendered":"https:\/\/bojornal.pt\/?p=15709"},"modified":"2025-12-20T12:42:12","modified_gmt":"2025-12-20T12:42:12","slug":"entrega-de-certificados-de-merito-escolar","status":"publish","type":"post","link":"https:\/\/bojornal.pt\/?p=15709","title":{"rendered":"Entrega de Certificados de M\u00e9rito Escolar"},"content":{"rendered":"\n<p><strong><em>Sess\u00e3o solene realiza-se no pr\u00f3ximo dia 22 de dezembro de 2025<\/em><\/strong><\/p>\n\n\n\n<figure class=\"wp-block-image size-full\"><img loading=\"lazy\" decoding=\"async\" width=\"446\" height=\"336\" src=\"https:\/\/bojornal.pt\/wp-content\/uploads\/2025\/12\/IMG-20251219-WA0013-1.jpg\" alt=\"\" class=\"wp-image-15711\" srcset=\"https:\/\/bojornal.pt\/wp-content\/uploads\/2025\/12\/IMG-20251219-WA0013-1.jpg 446w, https:\/\/bojornal.pt\/wp-content\/uploads\/2025\/12\/IMG-20251219-WA0013-1-300x226.jpg 300w, https:\/\/bojornal.pt\/wp-content\/uploads\/2025\/12\/IMG-20251219-WA0013-1-150x113.jpg 150w\" sizes=\"auto, (max-width: 446px) 100vw, 446px\" \/><\/figure>\n\n\n\n<p> O Agrupamento de Escolas Em\u00eddio Garcia vai realizar a sess\u00e3o solene de entrega de Certificados de M\u00e9rito Escolar dos alunos, que integram os Quadros de M\u00e9rito de 2020 a 2025 (do 7\u00ba ao 12\u00ba ano). Os documentos v\u00e3o ser distribu\u00eddos no dia <strong>22\/12\/2025 (segunda-feira),\u00a0<\/strong>pelas 15:00 horas, no Sal\u00e3o Nobre da Escola Em\u00eddio Garcia. A comunidade escolar, em particular os alunos indicados nos Quadros de M\u00e9rito Escolar e seus pais e\/ou encarregados de educa\u00e7\u00e3o, est\u00e1 convidada a participar na sess\u00e3o p\u00fablica de entrega dos certificados, no hor\u00e1rio indicado.\u00a0<\/p>\n\n\n\n<p>\u00a0\u00a0\u00a0\u00a0\u00a0\u00a0\u00a0\u00a0\u00a0\u00a0 <em>Os \u00d3rg\u00e3os de Gest\u00e3o do Agrupamento de Escolas Em\u00eddio Garcia <\/em><\/p>\n\n\n\n<p><\/p>\n","protected":false},"excerpt":{"rendered":"<p>Sess\u00e3o solene realiza-se no pr\u00f3ximo dia 22 de dezembro de 2025 O Agrupamento de Escolas Em\u00eddio Garcia vai realizar a sess\u00e3o solene de entrega de Certificados de M\u00e9rito Escolar dos alunos, que integram os&#46;&#46;&#46;<\/p>\n","protected":false},"author":1,"featured_media":15711,"comment_status":"closed","ping_status":"open","sticky":false,"template":"","format":"standard","meta":{"footnotes":""},"categories":[9,16],"tags":[],"class_list":["post-15709","post","type-post","status-publish","format-standard","has-post-thumbnail","hentry","category-em-foco","category-escola-secundaria-emidio-garcia"],"_links":{"self":[{"href":"https:\/\/bojornal.pt\/index.php?rest_route=\/wp\/v2\/posts\/15709","targetHints":{"allow":["GET"]}}],"collection":[{"href":"https:\/\/bojornal.pt\/index.php?rest_route=\/wp\/v2\/posts"}],"about":[{"href":"https:\/\/bojornal.pt\/index.php?rest_route=\/wp\/v2\/types\/post"}],"author":[{"embeddable":true,"href":"https:\/\/bojornal.pt\/index.php?rest_route=\/wp\/v2\/users\/1"}],"replies":[{"embeddable":true,"href":"https:\/\/bojornal.pt\/index.php?rest_route=%2Fwp%2Fv2%2Fcomments&post=15709"}],"version-history":[{"count":1,"href":"https:\/\/bojornal.pt\/index.php?rest_route=\/wp\/v2\/posts\/15709\/revisions"}],"predecessor-version":[{"id":15712,"href":"https:\/\/bojornal.pt\/index.php?rest_route=\/wp\/v2\/posts\/15709\/revisions\/15712"}],"wp:featuredmedia":[{"embeddable":true,"href":"https:\/\/bojornal.pt\/index.php?rest_route=\/wp\/v2\/media\/15711"}],"wp:attachment":[{"href":"https:\/\/bojornal.pt\/index.php?rest_route=%2Fwp%2Fv2%2Fmedia&parent=15709"}],"wp:term":[{"taxonomy":"category","embeddable":true,"href":"https:\/\/bojornal.pt\/index.php?rest_route=%2Fwp%2Fv2%2Fcategories&post=15709"},{"taxonomy":"post_tag","embeddable":true,"href":"https:\/\/bojornal.pt\/index.php?rest_route=%2Fwp%2Fv2%2Ftags&post=15709"}],"curies":[{"name":"wp","href":"https:\/\/api.w.org\/{rel}","templated":true}]}}