{"id":15704,"date":"2025-12-13T17:39:41","date_gmt":"2025-12-13T17:39:41","guid":{"rendered":"https:\/\/bojornal.pt\/?p=15704"},"modified":"2025-12-13T17:41:43","modified_gmt":"2025-12-13T17:41:43","slug":"eleicoes-para-o-parlamento-dos-jovens-ensino-secundario","status":"publish","type":"post","link":"https:\/\/bojornal.pt\/?p=15704","title":{"rendered":"Elei\u00e7\u00f5es para o Parlamento dos Jovens (Ensino Secund\u00e1rio)"},"content":{"rendered":"\n<p><strong><em>Lista J foi a grande vencedora com 140 votos, contra os 66 da Lista V e 53 da Lista L<\/em><\/strong><\/p>\n\n\n\n<figure class=\"wp-block-gallery has-nested-images columns-default is-cropped wp-block-gallery-1 is-layout-flex wp-block-gallery-is-layout-flex\">\n<figure class=\"wp-block-image size-large\"><img loading=\"lazy\" decoding=\"async\" width=\"1024\" height=\"768\" data-id=\"15706\" src=\"https:\/\/bojornal.pt\/wp-content\/uploads\/2025\/12\/WhatsApp-Image-2025-12-13-at-17.37.36-1-1024x768.jpeg\" alt=\"\" class=\"wp-image-15706\" srcset=\"https:\/\/bojornal.pt\/wp-content\/uploads\/2025\/12\/WhatsApp-Image-2025-12-13-at-17.37.36-1-1024x768.jpeg 1024w, https:\/\/bojornal.pt\/wp-content\/uploads\/2025\/12\/WhatsApp-Image-2025-12-13-at-17.37.36-1-300x225.jpeg 300w, https:\/\/bojornal.pt\/wp-content\/uploads\/2025\/12\/WhatsApp-Image-2025-12-13-at-17.37.36-1-150x113.jpeg 150w, https:\/\/bojornal.pt\/wp-content\/uploads\/2025\/12\/WhatsApp-Image-2025-12-13-at-17.37.36-1-768x576.jpeg 768w, https:\/\/bojornal.pt\/wp-content\/uploads\/2025\/12\/WhatsApp-Image-2025-12-13-at-17.37.36-1-1536x1152.jpeg 1536w, https:\/\/bojornal.pt\/wp-content\/uploads\/2025\/12\/WhatsApp-Image-2025-12-13-at-17.37.36-1.jpeg 2048w\" sizes=\"auto, (max-width: 1024px) 100vw, 1024px\" \/><\/figure>\n\n\n\n<figure class=\"wp-block-image size-large\"><img loading=\"lazy\" decoding=\"async\" width=\"1024\" height=\"768\" data-id=\"15705\" src=\"https:\/\/bojornal.pt\/wp-content\/uploads\/2025\/12\/WhatsApp-Image-2025-12-13-at-17.37.36-1024x768.jpeg\" alt=\"\" class=\"wp-image-15705\" srcset=\"https:\/\/bojornal.pt\/wp-content\/uploads\/2025\/12\/WhatsApp-Image-2025-12-13-at-17.37.36-1024x768.jpeg 1024w, https:\/\/bojornal.pt\/wp-content\/uploads\/2025\/12\/WhatsApp-Image-2025-12-13-at-17.37.36-300x225.jpeg 300w, https:\/\/bojornal.pt\/wp-content\/uploads\/2025\/12\/WhatsApp-Image-2025-12-13-at-17.37.36-150x113.jpeg 150w, https:\/\/bojornal.pt\/wp-content\/uploads\/2025\/12\/WhatsApp-Image-2025-12-13-at-17.37.36-768x576.jpeg 768w, https:\/\/bojornal.pt\/wp-content\/uploads\/2025\/12\/WhatsApp-Image-2025-12-13-at-17.37.36-1536x1152.jpeg 1536w, https:\/\/bojornal.pt\/wp-content\/uploads\/2025\/12\/WhatsApp-Image-2025-12-13-at-17.37.36.jpeg 2000w\" sizes=\"auto, (max-width: 1024px) 100vw, 1024px\" \/><\/figure>\n<\/figure>\n\n\n\n<p>J\u00e1 s\u00e3o conhecidos os 23 deputados que ir\u00e3o debater os respetivos projetos de recomenda\u00e7\u00e3o na Sess\u00e3o Escolar do Parlamento dos Jovens, do ensino secund\u00e1rio. No dia 12 de dezembro, realizou-se o ato eleitoral para elei\u00e7\u00e3o dos representantes das tr\u00eas listas candidatas. Votaram 277 alunos que determinaram os seguintes resultados:<\/p>\n\n\n\n<p>Lista J &#8211; 140 votos<\/p>\n\n\n\n<p>Lista L &#8211; 53 votos<\/p>\n\n\n\n<p>Lista V &#8211; 66 votos<\/p>\n\n\n\n<p>Brancos: 2 votos<\/p>\n\n\n\n<p>Nulos: 15 votos<\/p>\n\n\n\n<p>Com estes resultados, a Lista J elege, para a Sess\u00e3o Escolar, a totalidade de deputados (10), a Lista L (5 deputados) e a Lista V (8 deputados). A Sess\u00e3o Escolar est\u00e1 agendada para o dia 19 de janeiro de 2025, no Sal\u00e3o Nobre da Escola Em\u00eddio Garcia. No dia 15 de dezembro, s\u00e3o os alunos do ensino b\u00e1sico a elegerem os deputados das tr\u00eas listas candidatas.<\/p>\n","protected":false},"excerpt":{"rendered":"<p>Lista J foi a grande vencedora com 140 votos, contra os 66 da Lista V e 53 da Lista L J\u00e1 s\u00e3o conhecidos os 23 deputados que ir\u00e3o debater os respetivos projetos de recomenda\u00e7\u00e3o&#46;&#46;&#46;<\/p>\n","protected":false},"author":1,"featured_media":15705,"comment_status":"closed","ping_status":"open","sticky":false,"template":"","format":"standard","meta":{"footnotes":""},"categories":[9,16],"tags":[],"class_list":["post-15704","post","type-post","status-publish","format-standard","has-post-thumbnail","hentry","category-em-foco","category-escola-secundaria-emidio-garcia"],"_links":{"self":[{"href":"https:\/\/bojornal.pt\/index.php?rest_route=\/wp\/v2\/posts\/15704","targetHints":{"allow":["GET"]}}],"collection":[{"href":"https:\/\/bojornal.pt\/index.php?rest_route=\/wp\/v2\/posts"}],"about":[{"href":"https:\/\/bojornal.pt\/index.php?rest_route=\/wp\/v2\/types\/post"}],"author":[{"embeddable":true,"href":"https:\/\/bojornal.pt\/index.php?rest_route=\/wp\/v2\/users\/1"}],"replies":[{"embeddable":true,"href":"https:\/\/bojornal.pt\/index.php?rest_route=%2Fwp%2Fv2%2Fcomments&post=15704"}],"version-history":[{"count":2,"href":"https:\/\/bojornal.pt\/index.php?rest_route=\/wp\/v2\/posts\/15704\/revisions"}],"predecessor-version":[{"id":15708,"href":"https:\/\/bojornal.pt\/index.php?rest_route=\/wp\/v2\/posts\/15704\/revisions\/15708"}],"wp:featuredmedia":[{"embeddable":true,"href":"https:\/\/bojornal.pt\/index.php?rest_route=\/wp\/v2\/media\/15705"}],"wp:attachment":[{"href":"https:\/\/bojornal.pt\/index.php?rest_route=%2Fwp%2Fv2%2Fmedia&parent=15704"}],"wp:term":[{"taxonomy":"category","embeddable":true,"href":"https:\/\/bojornal.pt\/index.php?rest_route=%2Fwp%2Fv2%2Fcategories&post=15704"},{"taxonomy":"post_tag","embeddable":true,"href":"https:\/\/bojornal.pt\/index.php?rest_route=%2Fwp%2Fv2%2Ftags&post=15704"}],"curies":[{"name":"wp","href":"https:\/\/api.w.org\/{rel}","templated":true}]}}