{"id":15683,"date":"2025-12-13T16:19:31","date_gmt":"2025-12-13T16:19:31","guid":{"rendered":"https:\/\/bojornal.pt\/?p=15683"},"modified":"2025-12-13T16:40:25","modified_gmt":"2025-12-13T16:40:25","slug":"semear-tratar-plantar","status":"publish","type":"post","link":"https:\/\/bojornal.pt\/?p=15683","title":{"rendered":"Semear, tratar, plantar"},"content":{"rendered":"\n<p><strong><em>Alunos do 7.\u00baC em iniciativa promovida pelo ICNF<\/em><\/strong> <\/p>\n\n\n\n<figure class=\"wp-block-gallery has-nested-images columns-default is-cropped wp-block-gallery-1 is-layout-flex wp-block-gallery-is-layout-flex\">\n<figure class=\"wp-block-image size-large\"><img loading=\"lazy\" decoding=\"async\" width=\"769\" height=\"1024\" data-id=\"15684\" src=\"https:\/\/bojornal.pt\/wp-content\/uploads\/2025\/12\/1765446678199-769x1024.jpg\" alt=\"\" class=\"wp-image-15684\" srcset=\"https:\/\/bojornal.pt\/wp-content\/uploads\/2025\/12\/1765446678199-769x1024.jpg 769w, https:\/\/bojornal.pt\/wp-content\/uploads\/2025\/12\/1765446678199-225x300.jpg 225w, https:\/\/bojornal.pt\/wp-content\/uploads\/2025\/12\/1765446678199-113x150.jpg 113w, https:\/\/bojornal.pt\/wp-content\/uploads\/2025\/12\/1765446678199-768x1023.jpg 768w, https:\/\/bojornal.pt\/wp-content\/uploads\/2025\/12\/1765446678199-1153x1536.jpg 1153w, https:\/\/bojornal.pt\/wp-content\/uploads\/2025\/12\/1765446678199-1538x2048.jpg 1538w, https:\/\/bojornal.pt\/wp-content\/uploads\/2025\/12\/1765446678199-scaled.jpg 1922w\" sizes=\"auto, (max-width: 769px) 100vw, 769px\" \/><\/figure>\n\n\n\n<figure class=\"wp-block-image size-large\"><img loading=\"lazy\" decoding=\"async\" width=\"769\" height=\"1024\" data-id=\"15686\" src=\"https:\/\/bojornal.pt\/wp-content\/uploads\/2025\/12\/1765446678312-769x1024.jpg\" alt=\"\" class=\"wp-image-15686\" srcset=\"https:\/\/bojornal.pt\/wp-content\/uploads\/2025\/12\/1765446678312-769x1024.jpg 769w, https:\/\/bojornal.pt\/wp-content\/uploads\/2025\/12\/1765446678312-225x300.jpg 225w, https:\/\/bojornal.pt\/wp-content\/uploads\/2025\/12\/1765446678312-113x150.jpg 113w, https:\/\/bojornal.pt\/wp-content\/uploads\/2025\/12\/1765446678312-768x1023.jpg 768w, https:\/\/bojornal.pt\/wp-content\/uploads\/2025\/12\/1765446678312-1153x1536.jpg 1153w, https:\/\/bojornal.pt\/wp-content\/uploads\/2025\/12\/1765446678312-1538x2048.jpg 1538w, https:\/\/bojornal.pt\/wp-content\/uploads\/2025\/12\/1765446678312-scaled.jpg 1922w\" sizes=\"auto, (max-width: 769px) 100vw, 769px\" \/><\/figure>\n\n\n\n<figure class=\"wp-block-image size-large\"><img loading=\"lazy\" decoding=\"async\" width=\"769\" height=\"1024\" data-id=\"15685\" src=\"https:\/\/bojornal.pt\/wp-content\/uploads\/2025\/12\/1765446678164-769x1024.jpg\" alt=\"\" class=\"wp-image-15685\" srcset=\"https:\/\/bojornal.pt\/wp-content\/uploads\/2025\/12\/1765446678164-769x1024.jpg 769w, https:\/\/bojornal.pt\/wp-content\/uploads\/2025\/12\/1765446678164-225x300.jpg 225w, https:\/\/bojornal.pt\/wp-content\/uploads\/2025\/12\/1765446678164-113x150.jpg 113w, https:\/\/bojornal.pt\/wp-content\/uploads\/2025\/12\/1765446678164-768x1023.jpg 768w, https:\/\/bojornal.pt\/wp-content\/uploads\/2025\/12\/1765446678164-1153x1536.jpg 1153w, https:\/\/bojornal.pt\/wp-content\/uploads\/2025\/12\/1765446678164-1538x2048.jpg 1538w, https:\/\/bojornal.pt\/wp-content\/uploads\/2025\/12\/1765446678164-scaled.jpg 1922w\" sizes=\"auto, (max-width: 769px) 100vw, 769px\" \/><\/figure>\n<\/figure>\n\n\n\n<p>No dia 24 de novembro, os alunos do 7\u00ba C participaram ativamente no projeto de educa\u00e7\u00e3o ambiental &#8220;Semear, Tratar, Plantar&#8221;, uma iniciativa com o ICNF que liga a escola \u00e0 gest\u00e3o sustent\u00e1vel da paisagem em Portugal.<\/p>\n\n\n\n<p>O projeto come\u00e7ou com a sementeira de bolotas de carvalho, uma esp\u00e9cie aut\u00f3ctone essencial na nossa regi\u00e3o. Os alunos aprenderam a cultivar as sementes sem o uso de qu\u00edmicos, focando-se na import\u00e2ncia do solo, \u00e1gua e luz. Ao longo do processo os alunos ter\u00e3o de cuidar e monitorizar o crescimento das pl\u00e2ntulas recorrendo ao conhecimento adquirido em diversas disciplinas.<\/p>\n\n\n\n<p>O grande dia ser\u00e1 o transplante, onde os jovens estudantes colocar\u00e3o as m\u00e3os na terra, aplicando t\u00e9cnicas de planta\u00e7\u00e3o para garantir que as suas \u00e1rvores cres\u00e7am saud\u00e1veis.&nbsp;<\/p>\n\n\n\n<p>Estas \u00e1rvores destinam-se a enriquecer a biodiversidade e, muitas vezes, a recuperar \u00e1reas de floresta&nbsp;danificadas.<\/p>\n\n\n\n<p>Esta atividade n\u00e3o \u00e9 apenas plantar. \u00c9 a demonstra\u00e7\u00e3o pr\u00e1tica de como a teoria escolar se traduz em a\u00e7\u00f5es concretas pela conserva\u00e7\u00e3o e por um futuro mais verde para o nosso pa\u00eds.<\/p>\n","protected":false},"excerpt":{"rendered":"<p>Alunos do 7.\u00baC em iniciativa promovida pelo ICNF No dia 24 de novembro, os alunos do 7\u00ba C participaram ativamente no projeto de educa\u00e7\u00e3o ambiental &#8220;Semear, Tratar, Plantar&#8221;, uma iniciativa com o ICNF que&#46;&#46;&#46;<\/p>\n","protected":false},"author":1,"featured_media":0,"comment_status":"closed","ping_status":"open","sticky":false,"template":"","format":"standard","meta":{"footnotes":""},"categories":[2],"tags":[],"class_list":["post-15683","post","type-post","status-publish","format-standard","hentry","category-atualidade"],"_links":{"self":[{"href":"https:\/\/bojornal.pt\/index.php?rest_route=\/wp\/v2\/posts\/15683","targetHints":{"allow":["GET"]}}],"collection":[{"href":"https:\/\/bojornal.pt\/index.php?rest_route=\/wp\/v2\/posts"}],"about":[{"href":"https:\/\/bojornal.pt\/index.php?rest_route=\/wp\/v2\/types\/post"}],"author":[{"embeddable":true,"href":"https:\/\/bojornal.pt\/index.php?rest_route=\/wp\/v2\/users\/1"}],"replies":[{"embeddable":true,"href":"https:\/\/bojornal.pt\/index.php?rest_route=%2Fwp%2Fv2%2Fcomments&post=15683"}],"version-history":[{"count":1,"href":"https:\/\/bojornal.pt\/index.php?rest_route=\/wp\/v2\/posts\/15683\/revisions"}],"predecessor-version":[{"id":15688,"href":"https:\/\/bojornal.pt\/index.php?rest_route=\/wp\/v2\/posts\/15683\/revisions\/15688"}],"wp:attachment":[{"href":"https:\/\/bojornal.pt\/index.php?rest_route=%2Fwp%2Fv2%2Fmedia&parent=15683"}],"wp:term":[{"taxonomy":"category","embeddable":true,"href":"https:\/\/bojornal.pt\/index.php?rest_route=%2Fwp%2Fv2%2Fcategories&post=15683"},{"taxonomy":"post_tag","embeddable":true,"href":"https:\/\/bojornal.pt\/index.php?rest_route=%2Fwp%2Fv2%2Ftags&post=15683"}],"curies":[{"name":"wp","href":"https:\/\/api.w.org\/{rel}","templated":true}]}}