{"id":15672,"date":"2025-12-13T16:04:12","date_gmt":"2025-12-13T16:04:12","guid":{"rendered":"https:\/\/bojornal.pt\/?p=15672"},"modified":"2025-12-13T16:04:17","modified_gmt":"2025-12-13T16:04:17","slug":"alunos-em-contacto-com-a-natureza","status":"publish","type":"post","link":"https:\/\/bojornal.pt\/?p=15672","title":{"rendered":"Alunos em contacto com a natureza"},"content":{"rendered":"\n<p><strong><em>Projeto Semear, Tratar e Plantar levou estudantes do 8.\u00baF ao Parque Biol\u00f3gico de Vinhais<\/em><\/strong><\/p>\n\n\n\n<figure class=\"wp-block-gallery has-nested-images columns-default is-cropped wp-block-gallery-1 is-layout-flex wp-block-gallery-is-layout-flex\">\n<figure class=\"wp-block-image size-large\"><img loading=\"lazy\" decoding=\"async\" width=\"1024\" height=\"768\" data-id=\"15674\" src=\"https:\/\/bojornal.pt\/wp-content\/uploads\/2025\/12\/ICNF4-1024x768.jpg\" alt=\"\" class=\"wp-image-15674\" srcset=\"https:\/\/bojornal.pt\/wp-content\/uploads\/2025\/12\/ICNF4-1024x768.jpg 1024w, https:\/\/bojornal.pt\/wp-content\/uploads\/2025\/12\/ICNF4-300x225.jpg 300w, https:\/\/bojornal.pt\/wp-content\/uploads\/2025\/12\/ICNF4-150x113.jpg 150w, https:\/\/bojornal.pt\/wp-content\/uploads\/2025\/12\/ICNF4-768x576.jpg 768w, https:\/\/bojornal.pt\/wp-content\/uploads\/2025\/12\/ICNF4-1536x1152.jpg 1536w, https:\/\/bojornal.pt\/wp-content\/uploads\/2025\/12\/ICNF4.jpg 1600w\" sizes=\"auto, (max-width: 1024px) 100vw, 1024px\" \/><\/figure>\n\n\n\n<figure class=\"wp-block-image size-large\"><img loading=\"lazy\" decoding=\"async\" width=\"576\" height=\"1024\" data-id=\"15677\" src=\"https:\/\/bojornal.pt\/wp-content\/uploads\/2025\/12\/ICNF3-576x1024.jpg\" alt=\"\" class=\"wp-image-15677\" srcset=\"https:\/\/bojornal.pt\/wp-content\/uploads\/2025\/12\/ICNF3-576x1024.jpg 576w, https:\/\/bojornal.pt\/wp-content\/uploads\/2025\/12\/ICNF3-169x300.jpg 169w, https:\/\/bojornal.pt\/wp-content\/uploads\/2025\/12\/ICNF3-84x150.jpg 84w, https:\/\/bojornal.pt\/wp-content\/uploads\/2025\/12\/ICNF3-768x1365.jpg 768w, https:\/\/bojornal.pt\/wp-content\/uploads\/2025\/12\/ICNF3-864x1536.jpg 864w, https:\/\/bojornal.pt\/wp-content\/uploads\/2025\/12\/ICNF3.jpg 900w\" sizes=\"auto, (max-width: 576px) 100vw, 576px\" \/><\/figure>\n\n\n\n<figure class=\"wp-block-image size-large\"><img loading=\"lazy\" decoding=\"async\" width=\"768\" height=\"1024\" data-id=\"15673\" src=\"https:\/\/bojornal.pt\/wp-content\/uploads\/2025\/12\/imagem-6-768x1024.jpg\" alt=\"\" class=\"wp-image-15673\" srcset=\"https:\/\/bojornal.pt\/wp-content\/uploads\/2025\/12\/imagem-6-768x1024.jpg 768w, https:\/\/bojornal.pt\/wp-content\/uploads\/2025\/12\/imagem-6-225x300.jpg 225w, https:\/\/bojornal.pt\/wp-content\/uploads\/2025\/12\/imagem-6-113x150.jpg 113w, https:\/\/bojornal.pt\/wp-content\/uploads\/2025\/12\/imagem-6-1152x1536.jpg 1152w, https:\/\/bojornal.pt\/wp-content\/uploads\/2025\/12\/imagem-6.jpg 1200w\" sizes=\"auto, (max-width: 768px) 100vw, 768px\" \/><\/figure>\n<\/figure>\n\n\n\n<figure class=\"wp-block-gallery has-nested-images columns-default is-cropped wp-block-gallery-2 is-layout-flex wp-block-gallery-is-layout-flex\">\n<figure class=\"wp-block-image size-large\"><img loading=\"lazy\" decoding=\"async\" width=\"1024\" height=\"576\" data-id=\"15679\" src=\"https:\/\/bojornal.pt\/wp-content\/uploads\/2025\/12\/ICNF1-1-1024x576.jpg\" alt=\"\" class=\"wp-image-15679\" srcset=\"https:\/\/bojornal.pt\/wp-content\/uploads\/2025\/12\/ICNF1-1-1024x576.jpg 1024w, https:\/\/bojornal.pt\/wp-content\/uploads\/2025\/12\/ICNF1-1-300x169.jpg 300w, https:\/\/bojornal.pt\/wp-content\/uploads\/2025\/12\/ICNF1-1-150x84.jpg 150w, https:\/\/bojornal.pt\/wp-content\/uploads\/2025\/12\/ICNF1-1-768x432.jpg 768w, https:\/\/bojornal.pt\/wp-content\/uploads\/2025\/12\/ICNF1-1-1536x864.jpg 1536w, https:\/\/bojornal.pt\/wp-content\/uploads\/2025\/12\/ICNF1-1.jpg 1600w\" sizes=\"auto, (max-width: 1024px) 100vw, 1024px\" \/><\/figure>\n\n\n\n<figure class=\"wp-block-image size-large\"><img loading=\"lazy\" decoding=\"async\" width=\"1024\" height=\"768\" data-id=\"15680\" src=\"https:\/\/bojornal.pt\/wp-content\/uploads\/2025\/12\/ICNF-1-1024x768.jpg\" alt=\"\" class=\"wp-image-15680\" srcset=\"https:\/\/bojornal.pt\/wp-content\/uploads\/2025\/12\/ICNF-1-1024x768.jpg 1024w, https:\/\/bojornal.pt\/wp-content\/uploads\/2025\/12\/ICNF-1-300x225.jpg 300w, https:\/\/bojornal.pt\/wp-content\/uploads\/2025\/12\/ICNF-1-150x113.jpg 150w, https:\/\/bojornal.pt\/wp-content\/uploads\/2025\/12\/ICNF-1-768x576.jpg 768w, https:\/\/bojornal.pt\/wp-content\/uploads\/2025\/12\/ICNF-1-1536x1152.jpg 1536w, https:\/\/bojornal.pt\/wp-content\/uploads\/2025\/12\/ICNF-1.jpg 1600w\" sizes=\"auto, (max-width: 1024px) 100vw, 1024px\" \/><\/figure>\n<\/figure>\n\n\n\n<p>No dia 12 de dezembro, os alunos do 8.\u00ba F acompanhados pelo Diretor de Turma, Lu\u00eds Esteves, a Professora de Ci\u00eancias Naturais, Cl\u00e1udia Parente e a Coordenadora de Projetos, Lu\u00edsa Fernandes, deslocaram-se ao Parque Biol\u00f3gico de Vinhais, com o prop\u00f3sito de dar continuidade \u00e0 \u00faltima etapa do Projeto #Semear#Tratar#Plantar do ICNF(Instituto da Conserva\u00e7\u00e3o da Natureza e das Florestas), durante a qual procederam \u00e0 planta\u00e7\u00e3o dos carvalhos que haviam cuidado no ano letivo anterior. Esta atividade teve como principais objetivos promover a educa\u00e7\u00e3o ambiental, refor\u00e7ar a responsabilidade ecol\u00f3gica dos alunos, consolidar conhecimentos sobre a preserva\u00e7\u00e3o das esp\u00e9cies aut\u00f3ctones e incentivar o contacto direto com a natureza atrav\u00e9s de pr\u00e1ticas sustent\u00e1veis.<\/p>\n\n\n\n<p>Cla\u00fadia Parente<\/p>\n\n\n\n<p><\/p>\n","protected":false},"excerpt":{"rendered":"<p>Projeto Semear, Tratar e Plantar levou estudantes do 8.\u00baF ao Parque Biol\u00f3gico de Vinhais No dia 12 de dezembro, os alunos do 8.\u00ba F acompanhados pelo Diretor de Turma, Lu\u00eds Esteves, a Professora de&#46;&#46;&#46;<\/p>\n","protected":false},"author":1,"featured_media":15681,"comment_status":"closed","ping_status":"open","sticky":false,"template":"","format":"standard","meta":{"footnotes":""},"categories":[9,16],"tags":[],"class_list":["post-15672","post","type-post","status-publish","format-standard","has-post-thumbnail","hentry","category-em-foco","category-escola-secundaria-emidio-garcia"],"_links":{"self":[{"href":"https:\/\/bojornal.pt\/index.php?rest_route=\/wp\/v2\/posts\/15672","targetHints":{"allow":["GET"]}}],"collection":[{"href":"https:\/\/bojornal.pt\/index.php?rest_route=\/wp\/v2\/posts"}],"about":[{"href":"https:\/\/bojornal.pt\/index.php?rest_route=\/wp\/v2\/types\/post"}],"author":[{"embeddable":true,"href":"https:\/\/bojornal.pt\/index.php?rest_route=\/wp\/v2\/users\/1"}],"replies":[{"embeddable":true,"href":"https:\/\/bojornal.pt\/index.php?rest_route=%2Fwp%2Fv2%2Fcomments&post=15672"}],"version-history":[{"count":1,"href":"https:\/\/bojornal.pt\/index.php?rest_route=\/wp\/v2\/posts\/15672\/revisions"}],"predecessor-version":[{"id":15682,"href":"https:\/\/bojornal.pt\/index.php?rest_route=\/wp\/v2\/posts\/15672\/revisions\/15682"}],"wp:featuredmedia":[{"embeddable":true,"href":"https:\/\/bojornal.pt\/index.php?rest_route=\/wp\/v2\/media\/15681"}],"wp:attachment":[{"href":"https:\/\/bojornal.pt\/index.php?rest_route=%2Fwp%2Fv2%2Fmedia&parent=15672"}],"wp:term":[{"taxonomy":"category","embeddable":true,"href":"https:\/\/bojornal.pt\/index.php?rest_route=%2Fwp%2Fv2%2Fcategories&post=15672"},{"taxonomy":"post_tag","embeddable":true,"href":"https:\/\/bojornal.pt\/index.php?rest_route=%2Fwp%2Fv2%2Ftags&post=15672"}],"curies":[{"name":"wp","href":"https:\/\/api.w.org\/{rel}","templated":true}]}}