{"id":15650,"date":"2025-12-01T23:55:53","date_gmt":"2025-12-01T23:55:53","guid":{"rendered":"https:\/\/bojornal.pt\/?p=15650"},"modified":"2025-12-02T09:02:25","modified_gmt":"2025-12-02T09:02:25","slug":"assembleia-de-alunos-2","status":"publish","type":"post","link":"https:\/\/bojornal.pt\/?p=15650","title":{"rendered":"Assembleia de alunos"},"content":{"rendered":"\n<p><strong><em>Representantes das turmas tiveram a oportunidade de manifestar a sua opini\u00e3o e apresentar  propostas ao Projeto Educativo do Agrupamento<\/em><\/strong><\/p>\n\n\n\n<figure class=\"wp-block-gallery has-nested-images columns-default is-cropped wp-block-gallery-1 is-layout-flex wp-block-gallery-is-layout-flex\">\n<figure class=\"wp-block-image size-large\"><img loading=\"lazy\" decoding=\"async\" width=\"1024\" height=\"768\" data-id=\"15651\" src=\"https:\/\/bojornal.pt\/wp-content\/uploads\/2025\/12\/WhatsApp-Image-2025-12-01-at-11.39.53-1024x768.jpeg\" alt=\"\" class=\"wp-image-15651\" srcset=\"https:\/\/bojornal.pt\/wp-content\/uploads\/2025\/12\/WhatsApp-Image-2025-12-01-at-11.39.53-1024x768.jpeg 1024w, https:\/\/bojornal.pt\/wp-content\/uploads\/2025\/12\/WhatsApp-Image-2025-12-01-at-11.39.53-300x225.jpeg 300w, https:\/\/bojornal.pt\/wp-content\/uploads\/2025\/12\/WhatsApp-Image-2025-12-01-at-11.39.53-150x113.jpeg 150w, https:\/\/bojornal.pt\/wp-content\/uploads\/2025\/12\/WhatsApp-Image-2025-12-01-at-11.39.53-768x576.jpeg 768w, https:\/\/bojornal.pt\/wp-content\/uploads\/2025\/12\/WhatsApp-Image-2025-12-01-at-11.39.53-1536x1152.jpeg 1536w, https:\/\/bojornal.pt\/wp-content\/uploads\/2025\/12\/WhatsApp-Image-2025-12-01-at-11.39.53.jpeg 2040w\" sizes=\"auto, (max-width: 1024px) 100vw, 1024px\" \/><\/figure>\n\n\n\n<figure class=\"wp-block-image size-large\"><img loading=\"lazy\" decoding=\"async\" width=\"1024\" height=\"997\" data-id=\"15653\" src=\"https:\/\/bojornal.pt\/wp-content\/uploads\/2025\/12\/WhatsApp-Image-2025-12-01-at-11.39.05-1024x997.jpeg\" alt=\"\" class=\"wp-image-15653\" srcset=\"https:\/\/bojornal.pt\/wp-content\/uploads\/2025\/12\/WhatsApp-Image-2025-12-01-at-11.39.05-1024x997.jpeg 1024w, https:\/\/bojornal.pt\/wp-content\/uploads\/2025\/12\/WhatsApp-Image-2025-12-01-at-11.39.05-300x292.jpeg 300w, https:\/\/bojornal.pt\/wp-content\/uploads\/2025\/12\/WhatsApp-Image-2025-12-01-at-11.39.05-150x146.jpeg 150w, https:\/\/bojornal.pt\/wp-content\/uploads\/2025\/12\/WhatsApp-Image-2025-12-01-at-11.39.05-768x748.jpeg 768w, https:\/\/bojornal.pt\/wp-content\/uploads\/2025\/12\/WhatsApp-Image-2025-12-01-at-11.39.05-1536x1496.jpeg 1536w, https:\/\/bojornal.pt\/wp-content\/uploads\/2025\/12\/WhatsApp-Image-2025-12-01-at-11.39.05.jpeg 2048w\" sizes=\"auto, (max-width: 1024px) 100vw, 1024px\" \/><\/figure>\n<\/figure>\n\n\n\n<p>A exemplo dos anos letivos anteriores, realizaram-se, no Audit\u00f3rio da Escola Em\u00eddio Garcia, nos dias 17 e 19 de novembro de 2025, respetivamente, as assembleias de delegados de turma do ensino secund\u00e1rio e de delegados de turma do 3\u00ba ciclo do ensino b\u00e1sico.<\/p>\n\n\n\n<p>Os representantes de cada turma, delegado\/a e subdelegado\/a, puderam exp\u00f4r d\u00favidas diretamente aos representantes dos \u00f3rg\u00e3os de gest\u00e3o do Agrupamento, dar sugest\u00f5es e opini\u00f5es de melhoria, sendo eles os porta-vozes dos\/as alunos\/as das turmas que representam. Em cada uma das assembleias foi eleito o representante de cada ciclo na equipa de avalia\u00e7\u00e3o interna do Agrupamento j\u00e1 que os anteriores representantes prosseguiram os seus estudos no ensino superior.<\/p>\n\n\n\n<p>Carlos Fernandes, diretor do Agrupamento, considera ser muito importante a participa\u00e7\u00e3o dos alunos na orienta\u00e7\u00e3o do Agrupamento, sendo, as Assembleias de Delegados de Turma, espa\u00e7os de viv\u00eancia democr\u00e1tica participativa, onde se debatem ideias e se reflete coletivamente, com o objetivo da melhoria da qualidade do ensino-aprendizagem e onde as opini\u00f5es respons\u00e1veis dos alunos s\u00e3o tidas em conta.<\/p>\n","protected":false},"excerpt":{"rendered":"<p>Representantes das turmas tiveram a oportunidade de manifestar a sua opini\u00e3o e apresentar propostas ao Projeto Educativo do Agrupamento A exemplo dos anos letivos anteriores, realizaram-se, no Audit\u00f3rio da Escola Em\u00eddio Garcia, nos dias&#46;&#46;&#46;<\/p>\n","protected":false},"author":1,"featured_media":15653,"comment_status":"closed","ping_status":"open","sticky":false,"template":"","format":"standard","meta":{"footnotes":""},"categories":[9,16],"tags":[],"class_list":["post-15650","post","type-post","status-publish","format-standard","has-post-thumbnail","hentry","category-em-foco","category-escola-secundaria-emidio-garcia"],"_links":{"self":[{"href":"https:\/\/bojornal.pt\/index.php?rest_route=\/wp\/v2\/posts\/15650","targetHints":{"allow":["GET"]}}],"collection":[{"href":"https:\/\/bojornal.pt\/index.php?rest_route=\/wp\/v2\/posts"}],"about":[{"href":"https:\/\/bojornal.pt\/index.php?rest_route=\/wp\/v2\/types\/post"}],"author":[{"embeddable":true,"href":"https:\/\/bojornal.pt\/index.php?rest_route=\/wp\/v2\/users\/1"}],"replies":[{"embeddable":true,"href":"https:\/\/bojornal.pt\/index.php?rest_route=%2Fwp%2Fv2%2Fcomments&post=15650"}],"version-history":[{"count":2,"href":"https:\/\/bojornal.pt\/index.php?rest_route=\/wp\/v2\/posts\/15650\/revisions"}],"predecessor-version":[{"id":15657,"href":"https:\/\/bojornal.pt\/index.php?rest_route=\/wp\/v2\/posts\/15650\/revisions\/15657"}],"wp:featuredmedia":[{"embeddable":true,"href":"https:\/\/bojornal.pt\/index.php?rest_route=\/wp\/v2\/media\/15653"}],"wp:attachment":[{"href":"https:\/\/bojornal.pt\/index.php?rest_route=%2Fwp%2Fv2%2Fmedia&parent=15650"}],"wp:term":[{"taxonomy":"category","embeddable":true,"href":"https:\/\/bojornal.pt\/index.php?rest_route=%2Fwp%2Fv2%2Fcategories&post=15650"},{"taxonomy":"post_tag","embeddable":true,"href":"https:\/\/bojornal.pt\/index.php?rest_route=%2Fwp%2Fv2%2Ftags&post=15650"}],"curies":[{"name":"wp","href":"https:\/\/api.w.org\/{rel}","templated":true}]}}