{"id":15630,"date":"2025-11-24T15:53:48","date_gmt":"2025-11-24T15:53:48","guid":{"rendered":"https:\/\/bojornal.pt\/?p=15630"},"modified":"2025-11-24T15:53:52","modified_gmt":"2025-11-24T15:53:52","slug":"visita-as-instalacoes-etar-braganca","status":"publish","type":"post","link":"https:\/\/bojornal.pt\/?p=15630","title":{"rendered":"Visita \u00e0s instala\u00e7\u00f5es ETAR &#8211; Bragan\u00e7a"},"content":{"rendered":"\n<figure class=\"wp-block-image size-large\"><img loading=\"lazy\" decoding=\"async\" width=\"768\" height=\"1024\" src=\"https:\/\/bojornal.pt\/wp-content\/uploads\/2025\/11\/IMG_3722-768x1024.jpg\" alt=\"\" class=\"wp-image-15631\" srcset=\"https:\/\/bojornal.pt\/wp-content\/uploads\/2025\/11\/IMG_3722-768x1024.jpg 768w, https:\/\/bojornal.pt\/wp-content\/uploads\/2025\/11\/IMG_3722-225x300.jpg 225w, https:\/\/bojornal.pt\/wp-content\/uploads\/2025\/11\/IMG_3722-113x150.jpg 113w, https:\/\/bojornal.pt\/wp-content\/uploads\/2025\/11\/IMG_3722-1152x1536.jpg 1152w, https:\/\/bojornal.pt\/wp-content\/uploads\/2025\/11\/IMG_3722-1536x2048.jpg 1536w, https:\/\/bojornal.pt\/wp-content\/uploads\/2025\/11\/IMG_3722-scaled.jpg 1920w\" sizes=\"auto, (max-width: 768px) 100vw, 768px\" \/><\/figure>\n\n\n\n<p>No passado dia 21 de novembro, pelas 14h00, os alunos do Curso Profissional de T\u00e9cnico Auxiliar de Sa\u00fade de 11.\u00ba ano deslocaram-se \u00e0s \u00c1guas do Norte &#8211; ETAR de Bragan\u00e7a, com a colabora\u00e7\u00e3o da T\u00e9cnica de Sa\u00fade Ambiental da ULSNE. Os alunos reconheceram\u00a0 a gest\u00e3o de \u00e1guas residuais como m\u00e9todo de prote\u00e7\u00e3o do ambiente e da sa\u00fade p\u00fablica.<\/p>\n","protected":false},"excerpt":{"rendered":"<p>No passado dia 21 de novembro, pelas 14h00, os alunos do Curso Profissional de T\u00e9cnico Auxiliar de Sa\u00fade de 11.\u00ba ano deslocaram-se \u00e0s \u00c1guas do Norte &#8211; ETAR de Bragan\u00e7a, com a colabora\u00e7\u00e3o da&#46;&#46;&#46;<\/p>\n","protected":false},"author":1,"featured_media":15631,"comment_status":"closed","ping_status":"open","sticky":false,"template":"","format":"standard","meta":{"footnotes":""},"categories":[16],"tags":[],"class_list":["post-15630","post","type-post","status-publish","format-standard","has-post-thumbnail","hentry","category-escola-secundaria-emidio-garcia"],"_links":{"self":[{"href":"https:\/\/bojornal.pt\/index.php?rest_route=\/wp\/v2\/posts\/15630","targetHints":{"allow":["GET"]}}],"collection":[{"href":"https:\/\/bojornal.pt\/index.php?rest_route=\/wp\/v2\/posts"}],"about":[{"href":"https:\/\/bojornal.pt\/index.php?rest_route=\/wp\/v2\/types\/post"}],"author":[{"embeddable":true,"href":"https:\/\/bojornal.pt\/index.php?rest_route=\/wp\/v2\/users\/1"}],"replies":[{"embeddable":true,"href":"https:\/\/bojornal.pt\/index.php?rest_route=%2Fwp%2Fv2%2Fcomments&post=15630"}],"version-history":[{"count":1,"href":"https:\/\/bojornal.pt\/index.php?rest_route=\/wp\/v2\/posts\/15630\/revisions"}],"predecessor-version":[{"id":15632,"href":"https:\/\/bojornal.pt\/index.php?rest_route=\/wp\/v2\/posts\/15630\/revisions\/15632"}],"wp:featuredmedia":[{"embeddable":true,"href":"https:\/\/bojornal.pt\/index.php?rest_route=\/wp\/v2\/media\/15631"}],"wp:attachment":[{"href":"https:\/\/bojornal.pt\/index.php?rest_route=%2Fwp%2Fv2%2Fmedia&parent=15630"}],"wp:term":[{"taxonomy":"category","embeddable":true,"href":"https:\/\/bojornal.pt\/index.php?rest_route=%2Fwp%2Fv2%2Fcategories&post=15630"},{"taxonomy":"post_tag","embeddable":true,"href":"https:\/\/bojornal.pt\/index.php?rest_route=%2Fwp%2Fv2%2Ftags&post=15630"}],"curies":[{"name":"wp","href":"https:\/\/api.w.org\/{rel}","templated":true}]}}