{"id":15620,"date":"2025-11-21T17:52:01","date_gmt":"2025-11-21T17:52:01","guid":{"rendered":"https:\/\/bojornal.pt\/?p=15620"},"modified":"2025-11-21T18:16:11","modified_gmt":"2025-11-21T18:16:11","slug":"branar-uma-experiencia-inesquecivel","status":"publish","type":"post","link":"https:\/\/bojornal.pt\/?p=15620","title":{"rendered":"&#8220;Bra\u00f1ar&#8221; &#8211; Uma experi\u00eancia inesquec\u00edvel"},"content":{"rendered":"\n<p><strong><em>Agrupamento de Escolas Em\u00eddio Garcia (Bragan\u00e7a) e Instituto Pablo Diez (Bo\u00f1ar &#8211; Le\u00f2n) apresentaram resultados do programa ERIS_IE, em Trancoso<\/em><\/strong><\/p>\n\n\n\n<figure class=\"wp-block-image size-large\"><img loading=\"lazy\" decoding=\"async\" width=\"768\" height=\"1024\" src=\"https:\/\/bojornal.pt\/wp-content\/uploads\/2025\/11\/WhatsApp-Image-2025-11-20-at-20.05.42-768x1024.jpeg\" alt=\"\" class=\"wp-image-15624\" srcset=\"https:\/\/bojornal.pt\/wp-content\/uploads\/2025\/11\/WhatsApp-Image-2025-11-20-at-20.05.42-768x1024.jpeg 768w, https:\/\/bojornal.pt\/wp-content\/uploads\/2025\/11\/WhatsApp-Image-2025-11-20-at-20.05.42-225x300.jpeg 225w, https:\/\/bojornal.pt\/wp-content\/uploads\/2025\/11\/WhatsApp-Image-2025-11-20-at-20.05.42-113x150.jpeg 113w, https:\/\/bojornal.pt\/wp-content\/uploads\/2025\/11\/WhatsApp-Image-2025-11-20-at-20.05.42-1152x1536.jpeg 1152w, https:\/\/bojornal.pt\/wp-content\/uploads\/2025\/11\/WhatsApp-Image-2025-11-20-at-20.05.42.jpeg 1536w\" sizes=\"auto, (max-width: 768px) 100vw, 768px\" \/><\/figure>\n\n\n\n<figure class=\"wp-block-gallery has-nested-images columns-default is-cropped wp-block-gallery-1 is-layout-flex wp-block-gallery-is-layout-flex\">\n<figure class=\"wp-block-image size-large\"><img loading=\"lazy\" decoding=\"async\" width=\"768\" height=\"1024\" data-id=\"15622\" src=\"https:\/\/bojornal.pt\/wp-content\/uploads\/2025\/11\/WhatsApp-Image-2025-11-21-at-16.10.26-768x1024.jpeg\" alt=\"\" class=\"wp-image-15622\" srcset=\"https:\/\/bojornal.pt\/wp-content\/uploads\/2025\/11\/WhatsApp-Image-2025-11-21-at-16.10.26-768x1024.jpeg 768w, https:\/\/bojornal.pt\/wp-content\/uploads\/2025\/11\/WhatsApp-Image-2025-11-21-at-16.10.26-225x300.jpeg 225w, https:\/\/bojornal.pt\/wp-content\/uploads\/2025\/11\/WhatsApp-Image-2025-11-21-at-16.10.26-113x150.jpeg 113w, https:\/\/bojornal.pt\/wp-content\/uploads\/2025\/11\/WhatsApp-Image-2025-11-21-at-16.10.26-1152x1536.jpeg 1152w, https:\/\/bojornal.pt\/wp-content\/uploads\/2025\/11\/WhatsApp-Image-2025-11-21-at-16.10.26.jpeg 1536w\" sizes=\"auto, (max-width: 768px) 100vw, 768px\" \/><\/figure>\n\n\n\n<figure class=\"wp-block-image size-large\"><img loading=\"lazy\" decoding=\"async\" width=\"768\" height=\"1024\" data-id=\"15623\" src=\"https:\/\/bojornal.pt\/wp-content\/uploads\/2025\/11\/WhatsApp-Image-2025-11-21-at-17.14.04-768x1024.jpeg\" alt=\"\" class=\"wp-image-15623\" srcset=\"https:\/\/bojornal.pt\/wp-content\/uploads\/2025\/11\/WhatsApp-Image-2025-11-21-at-17.14.04-768x1024.jpeg 768w, https:\/\/bojornal.pt\/wp-content\/uploads\/2025\/11\/WhatsApp-Image-2025-11-21-at-17.14.04-225x300.jpeg 225w, https:\/\/bojornal.pt\/wp-content\/uploads\/2025\/11\/WhatsApp-Image-2025-11-21-at-17.14.04-113x150.jpeg 113w, https:\/\/bojornal.pt\/wp-content\/uploads\/2025\/11\/WhatsApp-Image-2025-11-21-at-17.14.04-1152x1536.jpeg 1152w, https:\/\/bojornal.pt\/wp-content\/uploads\/2025\/11\/WhatsApp-Image-2025-11-21-at-17.14.04.jpeg 1536w\" sizes=\"auto, (max-width: 768px) 100vw, 768px\" \/><\/figure>\n\n\n\n<figure class=\"wp-block-image size-large\"><img loading=\"lazy\" decoding=\"async\" width=\"1024\" height=\"768\" data-id=\"15621\" src=\"https:\/\/bojornal.pt\/wp-content\/uploads\/2025\/11\/WhatsApp-Image-2025-11-21-at-17.08.24-1024x768.jpeg\" alt=\"\" class=\"wp-image-15621\" srcset=\"https:\/\/bojornal.pt\/wp-content\/uploads\/2025\/11\/WhatsApp-Image-2025-11-21-at-17.08.24-1024x768.jpeg 1024w, https:\/\/bojornal.pt\/wp-content\/uploads\/2025\/11\/WhatsApp-Image-2025-11-21-at-17.08.24-300x225.jpeg 300w, https:\/\/bojornal.pt\/wp-content\/uploads\/2025\/11\/WhatsApp-Image-2025-11-21-at-17.08.24-150x113.jpeg 150w, https:\/\/bojornal.pt\/wp-content\/uploads\/2025\/11\/WhatsApp-Image-2025-11-21-at-17.08.24-768x576.jpeg 768w, https:\/\/bojornal.pt\/wp-content\/uploads\/2025\/11\/WhatsApp-Image-2025-11-21-at-17.08.24-1536x1152.jpeg 1536w, https:\/\/bojornal.pt\/wp-content\/uploads\/2025\/11\/WhatsApp-Image-2025-11-21-at-17.08.24.jpeg 2040w\" sizes=\"auto, (max-width: 1024px) 100vw, 1024px\" \/><\/figure>\n<\/figure>\n\n\n\n<p>&#8220;Uma experi\u00eancia inesquec\u00edvel&#8221; foi o lema de &#8220;Bra\u00f1ar&#8221;, projeto desenvolvido pelo A.E. Em\u00eddio Garcia de Bragan\u00e7a e do I.E.Pablo Diez de Bo\u00f1ar, na sequ\u00eancia do programa ERIS_IE (INTERREG). Ao longo do \u00faltimo ano, as duas institui\u00e7\u00f5es de ensino desenvolveram diversas atividades, com a participa\u00e7\u00e3o dos alunos na promo\u00e7\u00e3o das tradi\u00e7\u00f5es e produtos de cada regi\u00e3o e com a mobilidade de alunos dos dois pa\u00edses.<\/p>\n\n\n\n<p>O encerramento do programa e apresenta\u00e7\u00e3o do projeto &#8220;Bo\u00f1ar&#8221; realizou-se em Trancoso, nos dias 20 e 21de novembro, numa a\u00e7\u00e3o que reuniu os professores respons\u00e1veis pelos diversos projetos de escolas das zonas norte e centro de Portugal e de Castela e Le\u00e3o, de Espanha. Os presentes tiveram a oportunidade de partilhar diversas ideias e lan\u00e7ar bases para novos projetos.  <\/p>\n\n\n\n<p><\/p>\n\n\n\n<p><\/p>\n\n\n\n<p><\/p>\n\n\n\n<p><\/p>\n","protected":false},"excerpt":{"rendered":"<p>Agrupamento de Escolas Em\u00eddio Garcia (Bragan\u00e7a) e Instituto Pablo Diez (Bo\u00f1ar &#8211; Le\u00f2n) apresentaram resultados do programa ERIS_IE, em Trancoso &#8220;Uma experi\u00eancia inesquec\u00edvel&#8221; foi o lema de &#8220;Bra\u00f1ar&#8221;, projeto desenvolvido pelo A.E. Em\u00eddio Garcia&#46;&#46;&#46;<\/p>\n","protected":false},"author":1,"featured_media":15624,"comment_status":"closed","ping_status":"open","sticky":false,"template":"","format":"standard","meta":{"footnotes":""},"categories":[2,9,16],"tags":[],"class_list":["post-15620","post","type-post","status-publish","format-standard","has-post-thumbnail","hentry","category-atualidade","category-em-foco","category-escola-secundaria-emidio-garcia"],"_links":{"self":[{"href":"https:\/\/bojornal.pt\/index.php?rest_route=\/wp\/v2\/posts\/15620","targetHints":{"allow":["GET"]}}],"collection":[{"href":"https:\/\/bojornal.pt\/index.php?rest_route=\/wp\/v2\/posts"}],"about":[{"href":"https:\/\/bojornal.pt\/index.php?rest_route=\/wp\/v2\/types\/post"}],"author":[{"embeddable":true,"href":"https:\/\/bojornal.pt\/index.php?rest_route=\/wp\/v2\/users\/1"}],"replies":[{"embeddable":true,"href":"https:\/\/bojornal.pt\/index.php?rest_route=%2Fwp%2Fv2%2Fcomments&post=15620"}],"version-history":[{"count":4,"href":"https:\/\/bojornal.pt\/index.php?rest_route=\/wp\/v2\/posts\/15620\/revisions"}],"predecessor-version":[{"id":15629,"href":"https:\/\/bojornal.pt\/index.php?rest_route=\/wp\/v2\/posts\/15620\/revisions\/15629"}],"wp:featuredmedia":[{"embeddable":true,"href":"https:\/\/bojornal.pt\/index.php?rest_route=\/wp\/v2\/media\/15624"}],"wp:attachment":[{"href":"https:\/\/bojornal.pt\/index.php?rest_route=%2Fwp%2Fv2%2Fmedia&parent=15620"}],"wp:term":[{"taxonomy":"category","embeddable":true,"href":"https:\/\/bojornal.pt\/index.php?rest_route=%2Fwp%2Fv2%2Fcategories&post=15620"},{"taxonomy":"post_tag","embeddable":true,"href":"https:\/\/bojornal.pt\/index.php?rest_route=%2Fwp%2Fv2%2Ftags&post=15620"}],"curies":[{"name":"wp","href":"https:\/\/api.w.org\/{rel}","templated":true}]}}