{"id":15617,"date":"2025-11-19T10:30:00","date_gmt":"2025-11-19T10:30:00","guid":{"rendered":"https:\/\/bojornal.pt\/?p=15617"},"modified":"2025-11-21T17:23:50","modified_gmt":"2025-11-21T17:23:50","slug":"joana-martins-e-iara-matela-eleitas-para-o-conselho-geral-do-agrupamento","status":"publish","type":"post","link":"https:\/\/bojornal.pt\/?p=15617","title":{"rendered":"Joana  Martins e Iara Matela eleitas para o Conselho Geral do Agrupamento"},"content":{"rendered":"\n<p>A<em><strong>s duas estudantes s\u00e3o as novas representantes dos alunos, no Conselho Geral do Agrupamento de Escolas Em\u00eddio Garcia (2025\/2026)<\/strong><\/em><\/p>\n\n\n\n<figure class=\"wp-block-image size-large\"><img loading=\"lazy\" decoding=\"async\" width=\"768\" height=\"1024\" src=\"https:\/\/bojornal.pt\/wp-content\/uploads\/2025\/11\/WhatsApp-Image-2025-11-19-at-17.41.53-1-768x1024.jpeg\" alt=\"\" class=\"wp-image-15618\" srcset=\"https:\/\/bojornal.pt\/wp-content\/uploads\/2025\/11\/WhatsApp-Image-2025-11-19-at-17.41.53-1-768x1024.jpeg 768w, https:\/\/bojornal.pt\/wp-content\/uploads\/2025\/11\/WhatsApp-Image-2025-11-19-at-17.41.53-1-225x300.jpeg 225w, https:\/\/bojornal.pt\/wp-content\/uploads\/2025\/11\/WhatsApp-Image-2025-11-19-at-17.41.53-1-113x150.jpeg 113w, https:\/\/bojornal.pt\/wp-content\/uploads\/2025\/11\/WhatsApp-Image-2025-11-19-at-17.41.53-1-1152x1536.jpeg 1152w, https:\/\/bojornal.pt\/wp-content\/uploads\/2025\/11\/WhatsApp-Image-2025-11-19-at-17.41.53-1.jpeg 1200w\" sizes=\"auto, (max-width: 768px) 100vw, 768px\" \/><\/figure>\n\n\n\n<p>Os alunos do Agrupamento de Escolas Em\u00eddio Garcia j\u00e1 t\u00eam novas representantes no Conselho Geral. Depois do ato eleitoral, realizado no dia 19 de novembro, Joana Martins (12.\u00baD) e Iara Matela (11.\u00baB) foram as alunas eleitas.<br \/>A vota\u00e7\u00e3o contou apenas com uma lista candidata, registando-se os seguintes resultados:<\/p>\n\n\n\n<p>N\u00famero total de eleitores (alunos do ensino secund\u00e1rio): 540<\/p>\n\n\n\n<p>N\u00famero de votos na lista A: 270<\/p>\n\n\n\n<p>N\u00famero de Votos nulos: 34<\/p>\n\n\n\n<p>N\u00famero de votos em branco: 10<\/p>\n\n\n\n<p><\/p>\n\n\n\n<p>As alunas manifestaram entusiasmo com o novo desafio, afirmando: \u201cAgradecemos a todos os que votaram na nossa lista, ainda que \u00fanica, o apoio demonstrado \u00e9 profundamente valorizado e traduz um voto de confian\u00e7a no trabalho que nos propomos desenvolver&#8221;. As estudantes assumem o compromisso &#8221; &#8220;de trabalhar com dedica\u00e7\u00e3o refor\u00e7ada para aproximar ainda mais a comunidade escolar dos processos de decis\u00e3o. Estamos empenhadas em promover iniciativas que ampliem a participa\u00e7\u00e3o, fortale\u00e7am o di\u00e1logo e tornem a escola um espa\u00e7o mais coeso e inclusivo&#8221;.<br \/><\/p>\n","protected":false},"excerpt":{"rendered":"<p>As duas estudantes s\u00e3o as novas representantes dos alunos, no Conselho Geral do Agrupamento de Escolas Em\u00eddio Garcia (2025\/2026) Os alunos do Agrupamento de Escolas Em\u00eddio Garcia j\u00e1 t\u00eam novas representantes no Conselho Geral.&#46;&#46;&#46;<\/p>\n","protected":false},"author":1,"featured_media":15618,"comment_status":"closed","ping_status":"open","sticky":false,"template":"","format":"standard","meta":{"footnotes":""},"categories":[2,9,16],"tags":[],"class_list":["post-15617","post","type-post","status-publish","format-standard","has-post-thumbnail","hentry","category-atualidade","category-em-foco","category-escola-secundaria-emidio-garcia"],"_links":{"self":[{"href":"https:\/\/bojornal.pt\/index.php?rest_route=\/wp\/v2\/posts\/15617","targetHints":{"allow":["GET"]}}],"collection":[{"href":"https:\/\/bojornal.pt\/index.php?rest_route=\/wp\/v2\/posts"}],"about":[{"href":"https:\/\/bojornal.pt\/index.php?rest_route=\/wp\/v2\/types\/post"}],"author":[{"embeddable":true,"href":"https:\/\/bojornal.pt\/index.php?rest_route=\/wp\/v2\/users\/1"}],"replies":[{"embeddable":true,"href":"https:\/\/bojornal.pt\/index.php?rest_route=%2Fwp%2Fv2%2Fcomments&post=15617"}],"version-history":[{"count":1,"href":"https:\/\/bojornal.pt\/index.php?rest_route=\/wp\/v2\/posts\/15617\/revisions"}],"predecessor-version":[{"id":15619,"href":"https:\/\/bojornal.pt\/index.php?rest_route=\/wp\/v2\/posts\/15617\/revisions\/15619"}],"wp:featuredmedia":[{"embeddable":true,"href":"https:\/\/bojornal.pt\/index.php?rest_route=\/wp\/v2\/media\/15618"}],"wp:attachment":[{"href":"https:\/\/bojornal.pt\/index.php?rest_route=%2Fwp%2Fv2%2Fmedia&parent=15617"}],"wp:term":[{"taxonomy":"category","embeddable":true,"href":"https:\/\/bojornal.pt\/index.php?rest_route=%2Fwp%2Fv2%2Fcategories&post=15617"},{"taxonomy":"post_tag","embeddable":true,"href":"https:\/\/bojornal.pt\/index.php?rest_route=%2Fwp%2Fv2%2Ftags&post=15617"}],"curies":[{"name":"wp","href":"https:\/\/api.w.org\/{rel}","templated":true}]}}