{"id":15605,"date":"2025-11-18T23:34:34","date_gmt":"2025-11-18T23:34:34","guid":{"rendered":"https:\/\/bojornal.pt\/?p=15605"},"modified":"2025-11-18T23:35:52","modified_gmt":"2025-11-18T23:35:52","slug":"error-404-a-verdade-da-mente","status":"publish","type":"post","link":"https:\/\/bojornal.pt\/?p=15605","title":{"rendered":"\u201cError 404 &#8211; A Verdade da Mente\u201d"},"content":{"rendered":"\n<figure class=\"wp-block-gallery has-nested-images columns-default is-cropped wp-block-gallery-1 is-layout-flex wp-block-gallery-is-layout-flex\">\n<figure class=\"wp-block-image size-large\"><img loading=\"lazy\" decoding=\"async\" width=\"1024\" height=\"461\" data-id=\"15613\" src=\"https:\/\/bojornal.pt\/wp-content\/uploads\/2025\/11\/IMG-20251112-WA0003-1024x461.jpg\" alt=\"\" class=\"wp-image-15613\" srcset=\"https:\/\/bojornal.pt\/wp-content\/uploads\/2025\/11\/IMG-20251112-WA0003-1024x461.jpg 1024w, https:\/\/bojornal.pt\/wp-content\/uploads\/2025\/11\/IMG-20251112-WA0003-300x135.jpg 300w, https:\/\/bojornal.pt\/wp-content\/uploads\/2025\/11\/IMG-20251112-WA0003-150x68.jpg 150w, https:\/\/bojornal.pt\/wp-content\/uploads\/2025\/11\/IMG-20251112-WA0003-768x346.jpg 768w, https:\/\/bojornal.pt\/wp-content\/uploads\/2025\/11\/IMG-20251112-WA0003-1536x691.jpg 1536w, https:\/\/bojornal.pt\/wp-content\/uploads\/2025\/11\/IMG-20251112-WA0003.jpg 2000w\" sizes=\"auto, (max-width: 1024px) 100vw, 1024px\" \/><\/figure>\n\n\n\n<figure class=\"wp-block-image size-large\"><img loading=\"lazy\" decoding=\"async\" width=\"1024\" height=\"461\" data-id=\"15608\" src=\"https:\/\/bojornal.pt\/wp-content\/uploads\/2025\/11\/IMG-20251112-WA0004-1024x461.jpg\" alt=\"\" class=\"wp-image-15608\" srcset=\"https:\/\/bojornal.pt\/wp-content\/uploads\/2025\/11\/IMG-20251112-WA0004-1024x461.jpg 1024w, https:\/\/bojornal.pt\/wp-content\/uploads\/2025\/11\/IMG-20251112-WA0004-300x135.jpg 300w, https:\/\/bojornal.pt\/wp-content\/uploads\/2025\/11\/IMG-20251112-WA0004-150x68.jpg 150w, https:\/\/bojornal.pt\/wp-content\/uploads\/2025\/11\/IMG-20251112-WA0004-768x346.jpg 768w, https:\/\/bojornal.pt\/wp-content\/uploads\/2025\/11\/IMG-20251112-WA0004-1536x691.jpg 1536w, https:\/\/bojornal.pt\/wp-content\/uploads\/2025\/11\/IMG-20251112-WA0004.jpg 2000w\" sizes=\"auto, (max-width: 1024px) 100vw, 1024px\" \/><\/figure>\n\n\n\n<figure class=\"wp-block-image size-large\"><img loading=\"lazy\" decoding=\"async\" width=\"1024\" height=\"461\" data-id=\"15607\" src=\"https:\/\/bojornal.pt\/wp-content\/uploads\/2025\/11\/IMG-20251112-WA0005-1024x461.jpg\" alt=\"\" class=\"wp-image-15607\" srcset=\"https:\/\/bojornal.pt\/wp-content\/uploads\/2025\/11\/IMG-20251112-WA0005-1024x461.jpg 1024w, https:\/\/bojornal.pt\/wp-content\/uploads\/2025\/11\/IMG-20251112-WA0005-300x135.jpg 300w, https:\/\/bojornal.pt\/wp-content\/uploads\/2025\/11\/IMG-20251112-WA0005-150x68.jpg 150w, https:\/\/bojornal.pt\/wp-content\/uploads\/2025\/11\/IMG-20251112-WA0005-768x346.jpg 768w, https:\/\/bojornal.pt\/wp-content\/uploads\/2025\/11\/IMG-20251112-WA0005-1536x691.jpg 1536w, https:\/\/bojornal.pt\/wp-content\/uploads\/2025\/11\/IMG-20251112-WA0005.jpg 2000w\" sizes=\"auto, (max-width: 1024px) 100vw, 1024px\" \/><\/figure>\n\n\n\n<figure class=\"wp-block-image size-large\"><img loading=\"lazy\" decoding=\"async\" width=\"1024\" height=\"461\" data-id=\"15609\" src=\"https:\/\/bojornal.pt\/wp-content\/uploads\/2025\/11\/IMG-20251112-WA0006-1024x461.jpg\" alt=\"\" class=\"wp-image-15609\" srcset=\"https:\/\/bojornal.pt\/wp-content\/uploads\/2025\/11\/IMG-20251112-WA0006-1024x461.jpg 1024w, https:\/\/bojornal.pt\/wp-content\/uploads\/2025\/11\/IMG-20251112-WA0006-300x135.jpg 300w, https:\/\/bojornal.pt\/wp-content\/uploads\/2025\/11\/IMG-20251112-WA0006-150x68.jpg 150w, https:\/\/bojornal.pt\/wp-content\/uploads\/2025\/11\/IMG-20251112-WA0006-768x346.jpg 768w, https:\/\/bojornal.pt\/wp-content\/uploads\/2025\/11\/IMG-20251112-WA0006-1536x691.jpg 1536w, https:\/\/bojornal.pt\/wp-content\/uploads\/2025\/11\/IMG-20251112-WA0006.jpg 2000w\" sizes=\"auto, (max-width: 1024px) 100vw, 1024px\" \/><\/figure>\n\n\n\n<figure class=\"wp-block-image size-large\"><img loading=\"lazy\" decoding=\"async\" width=\"1024\" height=\"461\" data-id=\"15606\" src=\"https:\/\/bojornal.pt\/wp-content\/uploads\/2025\/11\/IMG-20251112-WA0009-1024x461.jpg\" alt=\"\" class=\"wp-image-15606\" srcset=\"https:\/\/bojornal.pt\/wp-content\/uploads\/2025\/11\/IMG-20251112-WA0009-1024x461.jpg 1024w, https:\/\/bojornal.pt\/wp-content\/uploads\/2025\/11\/IMG-20251112-WA0009-300x135.jpg 300w, https:\/\/bojornal.pt\/wp-content\/uploads\/2025\/11\/IMG-20251112-WA0009-150x68.jpg 150w, https:\/\/bojornal.pt\/wp-content\/uploads\/2025\/11\/IMG-20251112-WA0009-768x346.jpg 768w, https:\/\/bojornal.pt\/wp-content\/uploads\/2025\/11\/IMG-20251112-WA0009-1536x691.jpg 1536w, https:\/\/bojornal.pt\/wp-content\/uploads\/2025\/11\/IMG-20251112-WA0009.jpg 2000w\" sizes=\"auto, (max-width: 1024px) 100vw, 1024px\" \/><\/figure>\n\n\n\n<figure class=\"wp-block-image size-large\"><img loading=\"lazy\" decoding=\"async\" width=\"461\" height=\"1024\" data-id=\"15610\" src=\"https:\/\/bojornal.pt\/wp-content\/uploads\/2025\/11\/IMG-20251112-WA0010-461x1024.jpg\" alt=\"\" class=\"wp-image-15610\" srcset=\"https:\/\/bojornal.pt\/wp-content\/uploads\/2025\/11\/IMG-20251112-WA0010-461x1024.jpg 461w, https:\/\/bojornal.pt\/wp-content\/uploads\/2025\/11\/IMG-20251112-WA0010-135x300.jpg 135w, https:\/\/bojornal.pt\/wp-content\/uploads\/2025\/11\/IMG-20251112-WA0010-68x150.jpg 68w, https:\/\/bojornal.pt\/wp-content\/uploads\/2025\/11\/IMG-20251112-WA0010-768x1707.jpg 768w, https:\/\/bojornal.pt\/wp-content\/uploads\/2025\/11\/IMG-20251112-WA0010-691x1536.jpg 691w, https:\/\/bojornal.pt\/wp-content\/uploads\/2025\/11\/IMG-20251112-WA0010.jpg 900w\" sizes=\"auto, (max-width: 461px) 100vw, 461px\" \/><\/figure>\n<\/figure>\n\n\n\n<p>Foi no passado dia 12\/11\/2025, que as turmas de Biologia do 12\u00ba ano passaram 2 horas da sua manh\u00e3 a resolver enigmas com pistas espalhadas no interior do Shopping do Loreto.<\/p>\n\n\n\n<p>\u201cError 404 &#8211; A Verdade da Mente\u201d foi criado pelo Escape Room Bragan\u00e7a com a contribui\u00e7\u00e3o das turmas participantes, desafiados pelo Munic\u00edpio de Bragan\u00e7a, atrav\u00e9s da Biblioteca Municipal, a&nbsp;integrar o projeto europeu \u00ab<em>Citizens and Libraries against Disinformation<\/em>\u00bb (CLAD), que re\u00fane parceiros de Portugal, da Alemanha e da Eslov\u00e1quia, nomeadamente a BAD-Bibliotec\u00e1rios, Arquivistas, Profissionais da Informa\u00e7\u00e3o e Documenta\u00e7\u00e3o, a DGLAB (atrav\u00e9s de 6 bibliotecas municipais), o Goethe-Institut em Lisboa e o Goethe-Institut em Bratislava. Este projeto tem como objetivo o combate \u00e0 desinforma\u00e7\u00e3o em quatro \u00e1reas: as minorias culturais, o ambiente, as culturas urbanas e a identidade europeia. Este ano o foco foi a Sa\u00fade Mental e desinforma\u00e7\u00e3o, com especial aten\u00e7\u00e3o \u00e0 Ansiedade.<\/p>\n\n\n\n<p>Com uma banca cheia de itens essenciais, e pap\u00e9is espalhados por todos os cantos (com relatos de coelhos \u00e0 solta!) as tr\u00eas turmas, divididas em grupos de 3 e 4 elementos, disputaram o 1\u00ba lugar. O grupo vencedor concluiu todos os enigmas em 1h40m, os segundos classificados demoraram 1h43m, e os terceiros qualificados chegaram apenas 1 minuto depois, com um tempo de 1h44m!<\/p>\n\n\n\n<p>Foi uma atividade diferente que, apesar de desafiante, ficar\u00e1 na mem\u00f3ria de todos que participaram e que ir\u00e3o participar.<\/p>\n","protected":false},"excerpt":{"rendered":"<p>Foi no passado dia 12\/11\/2025, que as turmas de Biologia do 12\u00ba ano passaram 2 horas da sua manh\u00e3 a resolver enigmas com pistas espalhadas no interior do Shopping do Loreto. \u201cError 404 &#8211;&#46;&#46;&#46;<\/p>\n","protected":false},"author":1,"featured_media":15609,"comment_status":"closed","ping_status":"open","sticky":false,"template":"","format":"standard","meta":{"footnotes":""},"categories":[9,16],"tags":[],"class_list":["post-15605","post","type-post","status-publish","format-standard","has-post-thumbnail","hentry","category-em-foco","category-escola-secundaria-emidio-garcia"],"_links":{"self":[{"href":"https:\/\/bojornal.pt\/index.php?rest_route=\/wp\/v2\/posts\/15605","targetHints":{"allow":["GET"]}}],"collection":[{"href":"https:\/\/bojornal.pt\/index.php?rest_route=\/wp\/v2\/posts"}],"about":[{"href":"https:\/\/bojornal.pt\/index.php?rest_route=\/wp\/v2\/types\/post"}],"author":[{"embeddable":true,"href":"https:\/\/bojornal.pt\/index.php?rest_route=\/wp\/v2\/users\/1"}],"replies":[{"embeddable":true,"href":"https:\/\/bojornal.pt\/index.php?rest_route=%2Fwp%2Fv2%2Fcomments&post=15605"}],"version-history":[{"count":3,"href":"https:\/\/bojornal.pt\/index.php?rest_route=\/wp\/v2\/posts\/15605\/revisions"}],"predecessor-version":[{"id":15616,"href":"https:\/\/bojornal.pt\/index.php?rest_route=\/wp\/v2\/posts\/15605\/revisions\/15616"}],"wp:featuredmedia":[{"embeddable":true,"href":"https:\/\/bojornal.pt\/index.php?rest_route=\/wp\/v2\/media\/15609"}],"wp:attachment":[{"href":"https:\/\/bojornal.pt\/index.php?rest_route=%2Fwp%2Fv2%2Fmedia&parent=15605"}],"wp:term":[{"taxonomy":"category","embeddable":true,"href":"https:\/\/bojornal.pt\/index.php?rest_route=%2Fwp%2Fv2%2Fcategories&post=15605"},{"taxonomy":"post_tag","embeddable":true,"href":"https:\/\/bojornal.pt\/index.php?rest_route=%2Fwp%2Fv2%2Ftags&post=15605"}],"curies":[{"name":"wp","href":"https:\/\/api.w.org\/{rel}","templated":true}]}}