{"id":15601,"date":"2025-11-18T23:24:43","date_gmt":"2025-11-18T23:24:43","guid":{"rendered":"https:\/\/bojornal.pt\/?p=15601"},"modified":"2025-11-18T23:24:50","modified_gmt":"2025-11-18T23:24:50","slug":"alunos-elegem-representantes-para-o-conselho-geral","status":"publish","type":"post","link":"https:\/\/bojornal.pt\/?p=15601","title":{"rendered":"Alunos elegem representantes para o Conselho Geral"},"content":{"rendered":"\n<figure class=\"wp-block-image size-large\"><img loading=\"lazy\" decoding=\"async\" width=\"1024\" height=\"801\" src=\"https:\/\/bojornal.pt\/wp-content\/uploads\/2025\/11\/Conselho-Geral-1380-x-1080-px-1-1024x801.png\" alt=\"\" class=\"wp-image-15603\" srcset=\"https:\/\/bojornal.pt\/wp-content\/uploads\/2025\/11\/Conselho-Geral-1380-x-1080-px-1-1024x801.png 1024w, https:\/\/bojornal.pt\/wp-content\/uploads\/2025\/11\/Conselho-Geral-1380-x-1080-px-1-300x235.png 300w, https:\/\/bojornal.pt\/wp-content\/uploads\/2025\/11\/Conselho-Geral-1380-x-1080-px-1-150x117.png 150w, https:\/\/bojornal.pt\/wp-content\/uploads\/2025\/11\/Conselho-Geral-1380-x-1080-px-1-768x601.png 768w, https:\/\/bojornal.pt\/wp-content\/uploads\/2025\/11\/Conselho-Geral-1380-x-1080-px-1.png 1380w\" sizes=\"auto, (max-width: 1024px) 100vw, 1024px\" \/><\/figure>\n\n\n\n<p>Os alunos do ensino secund\u00e1rio do Agrupamento de Escolas Em\u00eddio Garcia v\u00e3o eleger os seus representantes para o Conselho Geral (2025\/2026). O ato eleitoral realiza-se este dia 1<\/p>\n","protected":false},"excerpt":{"rendered":"<p>Os alunos do ensino secund\u00e1rio do Agrupamento de Escolas Em\u00eddio Garcia v\u00e3o eleger os seus representantes para o Conselho Geral (2025\/2026). O ato eleitoral realiza-se este dia 1<\/p>\n","protected":false},"author":1,"featured_media":15603,"comment_status":"closed","ping_status":"open","sticky":false,"template":"","format":"standard","meta":{"footnotes":""},"categories":[2],"tags":[],"class_list":["post-15601","post","type-post","status-publish","format-standard","has-post-thumbnail","hentry","category-atualidade"],"_links":{"self":[{"href":"https:\/\/bojornal.pt\/index.php?rest_route=\/wp\/v2\/posts\/15601","targetHints":{"allow":["GET"]}}],"collection":[{"href":"https:\/\/bojornal.pt\/index.php?rest_route=\/wp\/v2\/posts"}],"about":[{"href":"https:\/\/bojornal.pt\/index.php?rest_route=\/wp\/v2\/types\/post"}],"author":[{"embeddable":true,"href":"https:\/\/bojornal.pt\/index.php?rest_route=\/wp\/v2\/users\/1"}],"replies":[{"embeddable":true,"href":"https:\/\/bojornal.pt\/index.php?rest_route=%2Fwp%2Fv2%2Fcomments&post=15601"}],"version-history":[{"count":1,"href":"https:\/\/bojornal.pt\/index.php?rest_route=\/wp\/v2\/posts\/15601\/revisions"}],"predecessor-version":[{"id":15604,"href":"https:\/\/bojornal.pt\/index.php?rest_route=\/wp\/v2\/posts\/15601\/revisions\/15604"}],"wp:featuredmedia":[{"embeddable":true,"href":"https:\/\/bojornal.pt\/index.php?rest_route=\/wp\/v2\/media\/15603"}],"wp:attachment":[{"href":"https:\/\/bojornal.pt\/index.php?rest_route=%2Fwp%2Fv2%2Fmedia&parent=15601"}],"wp:term":[{"taxonomy":"category","embeddable":true,"href":"https:\/\/bojornal.pt\/index.php?rest_route=%2Fwp%2Fv2%2Fcategories&post=15601"},{"taxonomy":"post_tag","embeddable":true,"href":"https:\/\/bojornal.pt\/index.php?rest_route=%2Fwp%2Fv2%2Ftags&post=15601"}],"curies":[{"name":"wp","href":"https:\/\/api.w.org\/{rel}","templated":true}]}}