{"id":15594,"date":"2025-11-16T19:15:34","date_gmt":"2025-11-16T19:15:34","guid":{"rendered":"https:\/\/bojornal.pt\/?p=15594"},"modified":"2025-11-16T19:15:56","modified_gmt":"2025-11-16T19:15:56","slug":"escola-sem-bullying-escola-sem-violencia","status":"publish","type":"post","link":"https:\/\/bojornal.pt\/?p=15594","title":{"rendered":"&#8220;Escola Sem Bullying | Escola Sem Viol\u00eancia&#8221;"},"content":{"rendered":"\n<p><strong><em>Agrupamento de Escolas Em\u00eddio Garcia distinguido <\/em><\/strong><\/p>\n\n\n\n<figure class=\"wp-block-image size-full\"><img loading=\"lazy\" decoding=\"async\" width=\"637\" height=\"202\" src=\"https:\/\/bojornal.pt\/wp-content\/uploads\/2025\/11\/Bulliyng.jpg\" alt=\"\" class=\"wp-image-15595\" srcset=\"https:\/\/bojornal.pt\/wp-content\/uploads\/2025\/11\/Bulliyng.jpg 637w, https:\/\/bojornal.pt\/wp-content\/uploads\/2025\/11\/Bulliyng-300x95.jpg 300w, https:\/\/bojornal.pt\/wp-content\/uploads\/2025\/11\/Bulliyng-150x48.jpg 150w\" sizes=\"auto, (max-width: 637px) 100vw, 637px\" \/><\/figure>\n\n\n\n<p>O Agrupamento de Escolas Em\u00eddio Garcia foi distinguido, pela Dire\u00e7\u00e3o-Geral de Educa\u00e7\u00e3o (DGE), com o selo &#8220;Escola Sem Bullying | Escola Sem Viol\u00eancia&#8221;. \u00a0Esta distin\u00e7\u00e3o enquadra-se no \u00e2mbito do Programa de Apoio \u00e0 Promo\u00e7\u00e3o e Educa\u00e7\u00e3o para a Sa\u00fade (PAPES), da DGE. A distin\u00e7\u00e3o \u2013\u00a0<em>Selo Escola Saud\u00e1vel<\/em>\u00a0\u2013visa conceder \u00e0s escolas que integrem e assumam nas suas pr\u00e1ticas quotidianas a promo\u00e7\u00e3o da sa\u00fade e do bem-estar da comunidade educativa. A atribui\u00e7\u00e3o deste Selo ao Agrupamento de Escolas Em\u00eddio Garcia \u00e9 o reconhecimento do m\u00e9rito pelas suas pr\u00e1ticas direcionadas \u00e0 promo\u00e7\u00e3o de rela\u00e7\u00f5es interpessoais saud\u00e1veis e o envolvimento de toda a comunidade educativa.<\/p>\n\n\n\n<p>Parab\u00e9ns a toda a comunidade escolar!<\/p>\n","protected":false},"excerpt":{"rendered":"<p>Agrupamento de Escolas Em\u00eddio Garcia distinguido O Agrupamento de Escolas Em\u00eddio Garcia foi distinguido, pela Dire\u00e7\u00e3o-Geral de Educa\u00e7\u00e3o (DGE), com o selo &#8220;Escola Sem Bullying | Escola Sem Viol\u00eancia&#8221;. \u00a0Esta distin\u00e7\u00e3o enquadra-se no \u00e2mbito&#46;&#46;&#46;<\/p>\n","protected":false},"author":1,"featured_media":15595,"comment_status":"closed","ping_status":"open","sticky":false,"template":"","format":"standard","meta":{"footnotes":""},"categories":[14,9,13,16],"tags":[],"class_list":["post-15594","post","type-post","status-publish","format-standard","has-post-thumbnail","hentry","category-1o-ciclo","category-em-foco","category-escola-paulo-quintela","category-escola-secundaria-emidio-garcia"],"_links":{"self":[{"href":"https:\/\/bojornal.pt\/index.php?rest_route=\/wp\/v2\/posts\/15594","targetHints":{"allow":["GET"]}}],"collection":[{"href":"https:\/\/bojornal.pt\/index.php?rest_route=\/wp\/v2\/posts"}],"about":[{"href":"https:\/\/bojornal.pt\/index.php?rest_route=\/wp\/v2\/types\/post"}],"author":[{"embeddable":true,"href":"https:\/\/bojornal.pt\/index.php?rest_route=\/wp\/v2\/users\/1"}],"replies":[{"embeddable":true,"href":"https:\/\/bojornal.pt\/index.php?rest_route=%2Fwp%2Fv2%2Fcomments&post=15594"}],"version-history":[{"count":1,"href":"https:\/\/bojornal.pt\/index.php?rest_route=\/wp\/v2\/posts\/15594\/revisions"}],"predecessor-version":[{"id":15596,"href":"https:\/\/bojornal.pt\/index.php?rest_route=\/wp\/v2\/posts\/15594\/revisions\/15596"}],"wp:featuredmedia":[{"embeddable":true,"href":"https:\/\/bojornal.pt\/index.php?rest_route=\/wp\/v2\/media\/15595"}],"wp:attachment":[{"href":"https:\/\/bojornal.pt\/index.php?rest_route=%2Fwp%2Fv2%2Fmedia&parent=15594"}],"wp:term":[{"taxonomy":"category","embeddable":true,"href":"https:\/\/bojornal.pt\/index.php?rest_route=%2Fwp%2Fv2%2Fcategories&post=15594"},{"taxonomy":"post_tag","embeddable":true,"href":"https:\/\/bojornal.pt\/index.php?rest_route=%2Fwp%2Fv2%2Ftags&post=15594"}],"curies":[{"name":"wp","href":"https:\/\/api.w.org\/{rel}","templated":true}]}}