{"id":15571,"date":"2025-11-12T19:08:06","date_gmt":"2025-11-12T19:08:06","guid":{"rendered":"https:\/\/bojornal.pt\/?p=15571"},"modified":"2025-11-12T19:08:12","modified_gmt":"2025-11-12T19:08:12","slug":"paulo-quintela-assinala-s-martinho","status":"publish","type":"post","link":"https:\/\/bojornal.pt\/?p=15571","title":{"rendered":"Paulo Quintela assinala S.Martinho"},"content":{"rendered":"\n<p><strong><em>Alunos de 2.\u00baciclo comeram castanhas e participaram em diversas atividades<\/em><\/strong> <\/p>\n\n\n\n<figure class=\"wp-block-gallery has-nested-images columns-default is-cropped wp-block-gallery-1 is-layout-flex wp-block-gallery-is-layout-flex\">\n<figure class=\"wp-block-image size-large\"><img loading=\"lazy\" decoding=\"async\" width=\"1024\" height=\"681\" data-id=\"15585\" src=\"https:\/\/bojornal.pt\/wp-content\/uploads\/2025\/11\/DSC_0029-1024x681.jpg\" alt=\"\" class=\"wp-image-15585\" srcset=\"https:\/\/bojornal.pt\/wp-content\/uploads\/2025\/11\/DSC_0029-1024x681.jpg 1024w, https:\/\/bojornal.pt\/wp-content\/uploads\/2025\/11\/DSC_0029-300x199.jpg 300w, https:\/\/bojornal.pt\/wp-content\/uploads\/2025\/11\/DSC_0029-150x100.jpg 150w, https:\/\/bojornal.pt\/wp-content\/uploads\/2025\/11\/DSC_0029-768x511.jpg 768w, https:\/\/bojornal.pt\/wp-content\/uploads\/2025\/11\/DSC_0029-1536x1021.jpg 1536w, https:\/\/bojornal.pt\/wp-content\/uploads\/2025\/11\/DSC_0029-2048x1362.jpg 2048w\" sizes=\"auto, (max-width: 1024px) 100vw, 1024px\" \/><\/figure>\n\n\n\n<figure class=\"wp-block-image size-large\"><img loading=\"lazy\" decoding=\"async\" width=\"1024\" height=\"681\" data-id=\"15582\" src=\"https:\/\/bojornal.pt\/wp-content\/uploads\/2025\/11\/DSC_0052-1024x681.jpg\" alt=\"\" class=\"wp-image-15582\" srcset=\"https:\/\/bojornal.pt\/wp-content\/uploads\/2025\/11\/DSC_0052-1024x681.jpg 1024w, https:\/\/bojornal.pt\/wp-content\/uploads\/2025\/11\/DSC_0052-300x199.jpg 300w, https:\/\/bojornal.pt\/wp-content\/uploads\/2025\/11\/DSC_0052-150x100.jpg 150w, https:\/\/bojornal.pt\/wp-content\/uploads\/2025\/11\/DSC_0052-768x511.jpg 768w, https:\/\/bojornal.pt\/wp-content\/uploads\/2025\/11\/DSC_0052-1536x1021.jpg 1536w, https:\/\/bojornal.pt\/wp-content\/uploads\/2025\/11\/DSC_0052-2048x1362.jpg 2048w\" sizes=\"auto, (max-width: 1024px) 100vw, 1024px\" \/><\/figure>\n\n\n\n<figure class=\"wp-block-image size-large\"><img loading=\"lazy\" decoding=\"async\" width=\"1024\" height=\"681\" data-id=\"15581\" src=\"https:\/\/bojornal.pt\/wp-content\/uploads\/2025\/11\/DSC_0070-1024x681.jpg\" alt=\"\" class=\"wp-image-15581\" srcset=\"https:\/\/bojornal.pt\/wp-content\/uploads\/2025\/11\/DSC_0070-1024x681.jpg 1024w, https:\/\/bojornal.pt\/wp-content\/uploads\/2025\/11\/DSC_0070-300x199.jpg 300w, https:\/\/bojornal.pt\/wp-content\/uploads\/2025\/11\/DSC_0070-150x100.jpg 150w, https:\/\/bojornal.pt\/wp-content\/uploads\/2025\/11\/DSC_0070-768x511.jpg 768w, https:\/\/bojornal.pt\/wp-content\/uploads\/2025\/11\/DSC_0070-1536x1021.jpg 1536w, https:\/\/bojornal.pt\/wp-content\/uploads\/2025\/11\/DSC_0070-2048x1362.jpg 2048w\" sizes=\"auto, (max-width: 1024px) 100vw, 1024px\" \/><\/figure>\n\n\n\n<figure class=\"wp-block-image size-large\"><img loading=\"lazy\" decoding=\"async\" width=\"1024\" height=\"681\" data-id=\"15584\" src=\"https:\/\/bojornal.pt\/wp-content\/uploads\/2025\/11\/DSC_0086-1024x681.jpg\" alt=\"\" class=\"wp-image-15584\" srcset=\"https:\/\/bojornal.pt\/wp-content\/uploads\/2025\/11\/DSC_0086-1024x681.jpg 1024w, https:\/\/bojornal.pt\/wp-content\/uploads\/2025\/11\/DSC_0086-300x199.jpg 300w, https:\/\/bojornal.pt\/wp-content\/uploads\/2025\/11\/DSC_0086-150x100.jpg 150w, https:\/\/bojornal.pt\/wp-content\/uploads\/2025\/11\/DSC_0086-768x511.jpg 768w, https:\/\/bojornal.pt\/wp-content\/uploads\/2025\/11\/DSC_0086-1536x1021.jpg 1536w, https:\/\/bojornal.pt\/wp-content\/uploads\/2025\/11\/DSC_0086-2048x1362.jpg 2048w\" sizes=\"auto, (max-width: 1024px) 100vw, 1024px\" \/><\/figure>\n<\/figure>\n\n\n\n<p>Os alunos da Escola Paulo Quintela realizaram o tradicional Magusto, numa atividade repleta de alegria din\u00e2mica e emo\u00e7\u00e3o. No dia 12 de novembro, os estudantes de 2.\u00baciclo participaram em diversas atividades de dan\u00e7a, dramatiza\u00e7\u00e3o, leitura, jogos, futsal, e diversas atividades. Um dia para n\u00e3o esquecer&#8230; <\/p>\n\n\n\n<p><\/p>\n\n\n\n<figure class=\"wp-block-gallery has-nested-images columns-default is-cropped wp-block-gallery-2 is-layout-flex wp-block-gallery-is-layout-flex\">\n<figure class=\"wp-block-image size-large\"><img loading=\"lazy\" decoding=\"async\" width=\"1024\" height=\"681\" data-id=\"15589\" src=\"https:\/\/bojornal.pt\/wp-content\/uploads\/2025\/11\/DSC_0013-1-1024x681.jpg\" alt=\"\" class=\"wp-image-15589\" srcset=\"https:\/\/bojornal.pt\/wp-content\/uploads\/2025\/11\/DSC_0013-1-1024x681.jpg 1024w, https:\/\/bojornal.pt\/wp-content\/uploads\/2025\/11\/DSC_0013-1-300x199.jpg 300w, https:\/\/bojornal.pt\/wp-content\/uploads\/2025\/11\/DSC_0013-1-150x100.jpg 150w, https:\/\/bojornal.pt\/wp-content\/uploads\/2025\/11\/DSC_0013-1-768x511.jpg 768w, https:\/\/bojornal.pt\/wp-content\/uploads\/2025\/11\/DSC_0013-1-1536x1021.jpg 1536w, https:\/\/bojornal.pt\/wp-content\/uploads\/2025\/11\/DSC_0013-1-2048x1362.jpg 2048w\" sizes=\"auto, (max-width: 1024px) 100vw, 1024px\" \/><\/figure>\n\n\n\n<figure class=\"wp-block-image size-large\"><img loading=\"lazy\" decoding=\"async\" width=\"1024\" height=\"681\" data-id=\"15588\" src=\"https:\/\/bojornal.pt\/wp-content\/uploads\/2025\/11\/DSC_0016-1-1024x681.jpg\" alt=\"\" class=\"wp-image-15588\" srcset=\"https:\/\/bojornal.pt\/wp-content\/uploads\/2025\/11\/DSC_0016-1-1024x681.jpg 1024w, https:\/\/bojornal.pt\/wp-content\/uploads\/2025\/11\/DSC_0016-1-300x199.jpg 300w, https:\/\/bojornal.pt\/wp-content\/uploads\/2025\/11\/DSC_0016-1-150x100.jpg 150w, https:\/\/bojornal.pt\/wp-content\/uploads\/2025\/11\/DSC_0016-1-768x511.jpg 768w, https:\/\/bojornal.pt\/wp-content\/uploads\/2025\/11\/DSC_0016-1-1536x1021.jpg 1536w, https:\/\/bojornal.pt\/wp-content\/uploads\/2025\/11\/DSC_0016-1-2048x1362.jpg 2048w\" sizes=\"auto, (max-width: 1024px) 100vw, 1024px\" \/><\/figure>\n\n\n\n<figure class=\"wp-block-image size-large\"><img loading=\"lazy\" decoding=\"async\" width=\"1024\" height=\"681\" data-id=\"15587\" src=\"https:\/\/bojornal.pt\/wp-content\/uploads\/2025\/11\/DSC_0023-1024x681.jpg\" alt=\"\" class=\"wp-image-15587\" srcset=\"https:\/\/bojornal.pt\/wp-content\/uploads\/2025\/11\/DSC_0023-1024x681.jpg 1024w, https:\/\/bojornal.pt\/wp-content\/uploads\/2025\/11\/DSC_0023-300x199.jpg 300w, https:\/\/bojornal.pt\/wp-content\/uploads\/2025\/11\/DSC_0023-150x100.jpg 150w, https:\/\/bojornal.pt\/wp-content\/uploads\/2025\/11\/DSC_0023-768x511.jpg 768w, https:\/\/bojornal.pt\/wp-content\/uploads\/2025\/11\/DSC_0023-1536x1021.jpg 1536w, https:\/\/bojornal.pt\/wp-content\/uploads\/2025\/11\/DSC_0023-2048x1362.jpg 2048w\" sizes=\"auto, (max-width: 1024px) 100vw, 1024px\" \/><\/figure>\n\n\n\n<figure class=\"wp-block-image size-large\"><img loading=\"lazy\" decoding=\"async\" width=\"1024\" height=\"681\" data-id=\"15590\" src=\"https:\/\/bojornal.pt\/wp-content\/uploads\/2025\/11\/DSC_0025-1024x681.jpg\" alt=\"\" class=\"wp-image-15590\" srcset=\"https:\/\/bojornal.pt\/wp-content\/uploads\/2025\/11\/DSC_0025-1024x681.jpg 1024w, https:\/\/bojornal.pt\/wp-content\/uploads\/2025\/11\/DSC_0025-300x199.jpg 300w, https:\/\/bojornal.pt\/wp-content\/uploads\/2025\/11\/DSC_0025-150x100.jpg 150w, https:\/\/bojornal.pt\/wp-content\/uploads\/2025\/11\/DSC_0025-768x511.jpg 768w, https:\/\/bojornal.pt\/wp-content\/uploads\/2025\/11\/DSC_0025-1536x1021.jpg 1536w, https:\/\/bojornal.pt\/wp-content\/uploads\/2025\/11\/DSC_0025-2048x1362.jpg 2048w\" sizes=\"auto, (max-width: 1024px) 100vw, 1024px\" \/><\/figure>\n<\/figure>\n\n\n\n<figure class=\"wp-block-image size-large\"><img loading=\"lazy\" decoding=\"async\" width=\"1024\" height=\"461\" src=\"https:\/\/bojornal.pt\/wp-content\/uploads\/2025\/11\/WhatsApp-Image-2025-11-12-at-19.02.52-1024x461.jpeg\" alt=\"\" class=\"wp-image-15591\" srcset=\"https:\/\/bojornal.pt\/wp-content\/uploads\/2025\/11\/WhatsApp-Image-2025-11-12-at-19.02.52-1024x461.jpeg 1024w, https:\/\/bojornal.pt\/wp-content\/uploads\/2025\/11\/WhatsApp-Image-2025-11-12-at-19.02.52-300x135.jpeg 300w, https:\/\/bojornal.pt\/wp-content\/uploads\/2025\/11\/WhatsApp-Image-2025-11-12-at-19.02.52-150x68.jpeg 150w, https:\/\/bojornal.pt\/wp-content\/uploads\/2025\/11\/WhatsApp-Image-2025-11-12-at-19.02.52-768x346.jpeg 768w, https:\/\/bojornal.pt\/wp-content\/uploads\/2025\/11\/WhatsApp-Image-2025-11-12-at-19.02.52-1536x691.jpeg 1536w, https:\/\/bojornal.pt\/wp-content\/uploads\/2025\/11\/WhatsApp-Image-2025-11-12-at-19.02.52.jpeg 2040w\" sizes=\"auto, (max-width: 1024px) 100vw, 1024px\" \/><\/figure>\n\n\n\n<p><\/p>\n","protected":false},"excerpt":{"rendered":"<p>Alunos de 2.\u00baciclo comeram castanhas e participaram em diversas atividades Os alunos da Escola Paulo Quintela realizaram o tradicional Magusto, numa atividade repleta de alegria din\u00e2mica e emo\u00e7\u00e3o. No dia 12 de novembro, os&#46;&#46;&#46;<\/p>\n","protected":false},"author":1,"featured_media":15584,"comment_status":"closed","ping_status":"open","sticky":false,"template":"","format":"standard","meta":{"footnotes":""},"categories":[2],"tags":[],"class_list":["post-15571","post","type-post","status-publish","format-standard","has-post-thumbnail","hentry","category-atualidade"],"_links":{"self":[{"href":"https:\/\/bojornal.pt\/index.php?rest_route=\/wp\/v2\/posts\/15571","targetHints":{"allow":["GET"]}}],"collection":[{"href":"https:\/\/bojornal.pt\/index.php?rest_route=\/wp\/v2\/posts"}],"about":[{"href":"https:\/\/bojornal.pt\/index.php?rest_route=\/wp\/v2\/types\/post"}],"author":[{"embeddable":true,"href":"https:\/\/bojornal.pt\/index.php?rest_route=\/wp\/v2\/users\/1"}],"replies":[{"embeddable":true,"href":"https:\/\/bojornal.pt\/index.php?rest_route=%2Fwp%2Fv2%2Fcomments&post=15571"}],"version-history":[{"count":1,"href":"https:\/\/bojornal.pt\/index.php?rest_route=\/wp\/v2\/posts\/15571\/revisions"}],"predecessor-version":[{"id":15592,"href":"https:\/\/bojornal.pt\/index.php?rest_route=\/wp\/v2\/posts\/15571\/revisions\/15592"}],"wp:featuredmedia":[{"embeddable":true,"href":"https:\/\/bojornal.pt\/index.php?rest_route=\/wp\/v2\/media\/15584"}],"wp:attachment":[{"href":"https:\/\/bojornal.pt\/index.php?rest_route=%2Fwp%2Fv2%2Fmedia&parent=15571"}],"wp:term":[{"taxonomy":"category","embeddable":true,"href":"https:\/\/bojornal.pt\/index.php?rest_route=%2Fwp%2Fv2%2Fcategories&post=15571"},{"taxonomy":"post_tag","embeddable":true,"href":"https:\/\/bojornal.pt\/index.php?rest_route=%2Fwp%2Fv2%2Ftags&post=15571"}],"curies":[{"name":"wp","href":"https:\/\/api.w.org\/{rel}","templated":true}]}}