{"id":15540,"date":"2025-11-06T18:43:23","date_gmt":"2025-11-06T18:43:23","guid":{"rendered":"https:\/\/bojornal.pt\/?p=15540"},"modified":"2025-11-06T18:45:55","modified_gmt":"2025-11-06T18:45:55","slug":"excelente-arranque-nas-olimpiadas-de-matematica","status":"publish","type":"post","link":"https:\/\/bojornal.pt\/?p=15540","title":{"rendered":"Excelente arranque nas Olimp\u00edadas de Matem\u00e1tica"},"content":{"rendered":"\n<p><strong><em>Os alunos do Agrupamento de Escolas Em\u00eddio Garcia estiveram em grande n\u00edvel na 1.\u00aa eliminat\u00f3ria<\/em><\/strong><\/p>\n\n\n\n<figure class=\"wp-block-image size-full is-resized\"><img loading=\"lazy\" decoding=\"async\" width=\"1024\" height=\"900\" src=\"https:\/\/bojornal.pt\/wp-content\/uploads\/2025\/11\/Image-2.jpg\" alt=\"\" class=\"wp-image-15542\" style=\"aspect-ratio:1;width:679px;height:auto\" srcset=\"https:\/\/bojornal.pt\/wp-content\/uploads\/2025\/11\/Image-2.jpg 1024w, https:\/\/bojornal.pt\/wp-content\/uploads\/2025\/11\/Image-2-300x264.jpg 300w, https:\/\/bojornal.pt\/wp-content\/uploads\/2025\/11\/Image-2-150x132.jpg 150w, https:\/\/bojornal.pt\/wp-content\/uploads\/2025\/11\/Image-2-768x675.jpg 768w\" sizes=\"auto, (max-width: 1024px) 100vw, 1024px\" \/><\/figure>\n\n\n\n<p>Os alunos do Agrupamento de Escolas Em\u00eddio Garcia estiveram em grande n\u00edvel, no arranque das Olimp\u00edadas Portuguesas de Matem\u00e1tica. No passado dia 5 de novembro, o nosso Agrupamento juntou-se a centenas de escolas de todo o pa\u00eds na primeira eliminat\u00f3ria das XLIV Olimp\u00edadas Portuguesas de Matem\u00e1tica.<\/p>\n\n\n\n<p>Este ano tivemos uma excelente participa\u00e7\u00e3o:<br \/>\u2022 6 alunos\u00a0da Categoria J\u00fanior\u00a0(7.\u00ba ano)<br \/>\u2022 8 alunos\u00a0da Categoria A\u00a0(8.\u00ba e 9.\u00ba anos)<br \/>\u2022 3 alunos\u00a0da Categoria B\u00a0(10.\u00ba, 11.\u00ba e 12.\u00ba anos)<\/p>\n\n\n\n<p>Estamos muito orgulhosos do empenho e entusiasmo de todos os que participaram!\u00a0<br \/>Agora \u00e9 s\u00f3 esperar pelos resultados para descobrir quem ir\u00e1 representar o Agrupamento na segunda eliminat\u00f3ria, no dia 14 de janeiro.<\/p>\n\n\n\n<p>Os melhores classificados a n\u00edvel regional ir\u00e3o depois marcar presen\u00e7a na final nacional, que se realiza entre 26 e 29 de mar\u00e7o, na Escola Secund\u00e1ria Campos Melo, na Covilh\u00e3.<\/p>\n\n\n\n<p>Parab\u00e9ns a todos os participantes e boa sorte para os pr\u00f3ximos desafios matem\u00e1ticos!<strong>\u00a0<\/strong><\/p>\n","protected":false},"excerpt":{"rendered":"<p>Os alunos do Agrupamento de Escolas Em\u00eddio Garcia estiveram em grande n\u00edvel na 1.\u00aa eliminat\u00f3ria Os alunos do Agrupamento de Escolas Em\u00eddio Garcia estiveram em grande n\u00edvel, no arranque das Olimp\u00edadas Portuguesas de Matem\u00e1tica.&#46;&#46;&#46;<\/p>\n","protected":false},"author":1,"featured_media":15542,"comment_status":"closed","ping_status":"open","sticky":false,"template":"","format":"standard","meta":{"footnotes":""},"categories":[9,16],"tags":[],"class_list":["post-15540","post","type-post","status-publish","format-standard","has-post-thumbnail","hentry","category-em-foco","category-escola-secundaria-emidio-garcia"],"_links":{"self":[{"href":"https:\/\/bojornal.pt\/index.php?rest_route=\/wp\/v2\/posts\/15540","targetHints":{"allow":["GET"]}}],"collection":[{"href":"https:\/\/bojornal.pt\/index.php?rest_route=\/wp\/v2\/posts"}],"about":[{"href":"https:\/\/bojornal.pt\/index.php?rest_route=\/wp\/v2\/types\/post"}],"author":[{"embeddable":true,"href":"https:\/\/bojornal.pt\/index.php?rest_route=\/wp\/v2\/users\/1"}],"replies":[{"embeddable":true,"href":"https:\/\/bojornal.pt\/index.php?rest_route=%2Fwp%2Fv2%2Fcomments&post=15540"}],"version-history":[{"count":2,"href":"https:\/\/bojornal.pt\/index.php?rest_route=\/wp\/v2\/posts\/15540\/revisions"}],"predecessor-version":[{"id":15544,"href":"https:\/\/bojornal.pt\/index.php?rest_route=\/wp\/v2\/posts\/15540\/revisions\/15544"}],"wp:featuredmedia":[{"embeddable":true,"href":"https:\/\/bojornal.pt\/index.php?rest_route=\/wp\/v2\/media\/15542"}],"wp:attachment":[{"href":"https:\/\/bojornal.pt\/index.php?rest_route=%2Fwp%2Fv2%2Fmedia&parent=15540"}],"wp:term":[{"taxonomy":"category","embeddable":true,"href":"https:\/\/bojornal.pt\/index.php?rest_route=%2Fwp%2Fv2%2Fcategories&post=15540"},{"taxonomy":"post_tag","embeddable":true,"href":"https:\/\/bojornal.pt\/index.php?rest_route=%2Fwp%2Fv2%2Ftags&post=15540"}],"curies":[{"name":"wp","href":"https:\/\/api.w.org\/{rel}","templated":true}]}}