{"id":15537,"date":"2025-10-10T10:04:00","date_gmt":"2025-10-10T09:04:00","guid":{"rendered":"https:\/\/bojornal.pt\/?p=15537"},"modified":"2025-11-06T22:56:50","modified_gmt":"2025-11-06T22:56:50","slug":"dia-do-professor","status":"publish","type":"post","link":"https:\/\/bojornal.pt\/?p=15537","title":{"rendered":"Dia do Professor"},"content":{"rendered":"\n<p><strong><em>Agrupamento de Escolas Em\u00eddio Garcia celebrou o Dia do Professor com momentos de partilha e de reconhecimento<\/em><\/strong><\/p>\n\n\n\n<figure class=\"wp-block-image size-large\"><img loading=\"lazy\" decoding=\"async\" width=\"1024\" height=\"484\" src=\"https:\/\/bojornal.pt\/wp-content\/uploads\/2025\/10\/WhatsApp-Image-2025-10-21-at-10.11.00-1-1024x484.jpeg\" alt=\"\" class=\"wp-image-15550\" srcset=\"https:\/\/bojornal.pt\/wp-content\/uploads\/2025\/10\/WhatsApp-Image-2025-10-21-at-10.11.00-1-1024x484.jpeg 1024w, https:\/\/bojornal.pt\/wp-content\/uploads\/2025\/10\/WhatsApp-Image-2025-10-21-at-10.11.00-1-300x142.jpeg 300w, https:\/\/bojornal.pt\/wp-content\/uploads\/2025\/10\/WhatsApp-Image-2025-10-21-at-10.11.00-1-150x71.jpeg 150w, https:\/\/bojornal.pt\/wp-content\/uploads\/2025\/10\/WhatsApp-Image-2025-10-21-at-10.11.00-1-768x363.jpeg 768w, https:\/\/bojornal.pt\/wp-content\/uploads\/2025\/10\/WhatsApp-Image-2025-10-21-at-10.11.00-1-1536x727.jpeg 1536w, https:\/\/bojornal.pt\/wp-content\/uploads\/2025\/10\/WhatsApp-Image-2025-10-21-at-10.11.00-1-520x245.jpeg 520w, https:\/\/bojornal.pt\/wp-content\/uploads\/2025\/10\/WhatsApp-Image-2025-10-21-at-10.11.00-1-720x340.jpeg 720w, https:\/\/bojornal.pt\/wp-content\/uploads\/2025\/10\/WhatsApp-Image-2025-10-21-at-10.11.00-1.jpeg 1600w\" sizes=\"auto, (max-width: 1024px) 100vw, 1024px\" \/><\/figure>\n\n\n\n<p>Este ano, como j\u00e1 vem sendo norma no Agrupamento de Escolas Em\u00eddio Garcia, comemorou-se o dia do professor, no dia 7 de outubro, pelas 17h30, no audit\u00f3rio da Escola Secund\u00e1ria Em\u00eddio Garcia, no qual participaram, aproximadamente, oitenta docentes.<\/p>\n\n\n\n<p>A iniciativa, integrada no Plano Anual de Atividades (PAA), foi organizada pelo Coordenador e pelas v\u00e1rias sec\u00e7\u00f5es do Departamento de L\u00ednguas. Esta interessante e participada atividade, procurou responder a estes objetivos: valorizar o percurso dos professores aposentados, promover a partilha de experi\u00eancias e fortalecer os la\u00e7os entre as gera\u00e7\u00f5es de docentes.<\/p>\n\n\n\n<p>Ap\u00f3s a rece\u00e7\u00e3o e acolhimento dos participantes, a atividade come\u00e7ou com um apontamento musical, brilhantemente executado pelo aluno R\u00faben Nascimento, de 10.\u00ba ano, que encantou a plateia com a sua atua\u00e7\u00e3o.<\/p>\n\n\n\n<p>Seguiram-se as palavras de boas-vindas do coordenador do Departamento de L\u00ednguas, Orlando Rodrigues, que apresentou os convidados, fazendo uma s\u00edntese dos seus extensos curr\u00edculos, os professores Ac\u00e1cio Lopes e Manuel Fernandes.<\/p>\n\n\n\n<p>Ato cont\u00ednuo, o Coordenador do Departamento desafiou os convidados a refletir sobre temas como: as motiva\u00e7\u00f5es para a carreira docente, os momentos mais marcantes do percurso profissional, as transforma\u00e7\u00f5es na educa\u00e7\u00e3o e as aprendizagens que desejaram ter deixado aos seus alunos. A conversa revelou-se envolvente e inspiradora, despertando grande interesse entre os presentes.<\/p>\n\n\n\n<p>Terminada a envolvente e entusiasmante partilha dos dois professores, excelentes comunicadores, passou-se \u00e0 proje\u00e7\u00e3o dos v\u00eddeos realizados pelos alunos: Martinho Quintas, do 9.\u00ba F, e Joana Freixedelo, do 9.\u00ba B, e Alice Fontes, do 12.\u00ba H, e L\u00facia Vieira, do 12.\u00ba C, nos quais os jovens estudantes partilharam as suas perspetivas sobre a profiss\u00e3o docente, respondendo a quest\u00f5es como: \u201cSer professor \u00e9 f\u00e1cil ou dif\u00edcil?\u201d, \u201cQue qualidades s\u00e3o importantes num professor?\u201d e \u201cSe pudesses mudar alguma coisa na profiss\u00e3o de professor, o que seria?\u201d<\/p>\n\n\n\n<p>Na continua\u00e7\u00e3o, o professor Eurico Favas declamou umas quadras, alusivas ao professor, que dedicou a todos os colegas, e, em especial, aos dois oradores: Ac\u00e1cio Lopes e Manuel Fernandes. Seguiu-se uma breve interven\u00e7\u00e3o do professor Norberto Veiga, coordenador da Sec\u00e7\u00e3o de Portugu\u00eas, subordinada ao tema \u201co que \u00e9 ser professor\u2026\u201d.<\/p>\n\n\n\n<p>Nos momentos finais, ao som da m\u00fasica dos Pink Floyd, \u201c<em>Another Brick in the Wall<\/em>\u201d, os alunos da turma do 1.\u00ba ano do Centro Escolar da S\u00e9 (SE3), acompanhados pelos docentes Dulce Rodrigues, Alice Carvalho e Ant\u00f3nio Padr\u00e3o, distribu\u00edram uma rosa branca a cada participante. Os alunos estavam \u201cvestidos\u201d com mensagens coladas nas costas, expressando o que significa ser professor, numa a\u00e7\u00e3o simb\u00f3lica de valoriza\u00e7\u00e3o da profiss\u00e3o docente.<\/p>\n\n\n\n<p>Por fim, o Diretor do Agrupamento, professor Carlos Fernandes, felicitou os organizadores, os participantes e os palestrantes, destacando a import\u00e2ncia da iniciativa como um momento de reconhecimento e de uni\u00e3o entre os docentes. A cerim\u00f3nia terminou com a entrega de pequenas lembran\u00e7as e um lanche conv\u00edvio, que proporcionou a continuidade da partilha de experi\u00eancias, num ambiente descontra\u00eddo e cordial.<\/p>\n\n\n\n<p>Em suma, a comemora\u00e7\u00e3o do Dia do Professor 2025 no Agrupamento de Escolas Em\u00eddio Garcia foi um momento de reflex\u00e3o, celebra\u00e7\u00e3o e valoriza\u00e7\u00e3o do papel docente, cumprindo plenamente os seus objetivos e reafirmando a import\u00e2ncia de dar continuidade a esta iniciativa nos pr\u00f3ximos anos letivos.<\/p>\n","protected":false},"excerpt":{"rendered":"<p>Agrupamento de Escolas Em\u00eddio Garcia celebrou o Dia do Professor com momentos de partilha e de reconhecimento Este ano, como j\u00e1 vem sendo norma no Agrupamento de Escolas Em\u00eddio Garcia, comemorou-se o dia do&#46;&#46;&#46;<\/p>\n","protected":false},"author":2,"featured_media":15550,"comment_status":"closed","ping_status":"open","sticky":false,"template":"","format":"standard","meta":{"footnotes":""},"categories":[14,13,16],"tags":[],"class_list":["post-15537","post","type-post","status-publish","format-standard","has-post-thumbnail","hentry","category-1o-ciclo","category-escola-paulo-quintela","category-escola-secundaria-emidio-garcia"],"_links":{"self":[{"href":"https:\/\/bojornal.pt\/index.php?rest_route=\/wp\/v2\/posts\/15537","targetHints":{"allow":["GET"]}}],"collection":[{"href":"https:\/\/bojornal.pt\/index.php?rest_route=\/wp\/v2\/posts"}],"about":[{"href":"https:\/\/bojornal.pt\/index.php?rest_route=\/wp\/v2\/types\/post"}],"author":[{"embeddable":true,"href":"https:\/\/bojornal.pt\/index.php?rest_route=\/wp\/v2\/users\/2"}],"replies":[{"embeddable":true,"href":"https:\/\/bojornal.pt\/index.php?rest_route=%2Fwp%2Fv2%2Fcomments&post=15537"}],"version-history":[{"count":2,"href":"https:\/\/bojornal.pt\/index.php?rest_route=\/wp\/v2\/posts\/15537\/revisions"}],"predecessor-version":[{"id":15551,"href":"https:\/\/bojornal.pt\/index.php?rest_route=\/wp\/v2\/posts\/15537\/revisions\/15551"}],"wp:featuredmedia":[{"embeddable":true,"href":"https:\/\/bojornal.pt\/index.php?rest_route=\/wp\/v2\/media\/15550"}],"wp:attachment":[{"href":"https:\/\/bojornal.pt\/index.php?rest_route=%2Fwp%2Fv2%2Fmedia&parent=15537"}],"wp:term":[{"taxonomy":"category","embeddable":true,"href":"https:\/\/bojornal.pt\/index.php?rest_route=%2Fwp%2Fv2%2Fcategories&post=15537"},{"taxonomy":"post_tag","embeddable":true,"href":"https:\/\/bojornal.pt\/index.php?rest_route=%2Fwp%2Fv2%2Ftags&post=15537"}],"curies":[{"name":"wp","href":"https:\/\/api.w.org\/{rel}","templated":true}]}}