{"id":15515,"date":"2025-10-16T21:45:50","date_gmt":"2025-10-16T20:45:50","guid":{"rendered":"https:\/\/bojornal.pt\/?p=15515"},"modified":"2025-10-16T21:46:20","modified_gmt":"2025-10-16T20:46:20","slug":"um-agrupamento-em-movimento","status":"publish","type":"post","link":"https:\/\/bojornal.pt\/?p=15515","title":{"rendered":"Um Agrupamento &#8220;em Movimento&#8221;"},"content":{"rendered":"\n<p><strong><em>Agrupamento de Escolas Em\u00eddio Garcia promove o exerc\u00edcio f\u00edsico junto da comunidade<\/em><\/strong><\/p>\n\n\n\n<figure class=\"wp-block-image size-large\"><img loading=\"lazy\" decoding=\"async\" width=\"768\" height=\"1024\" src=\"https:\/\/bojornal.pt\/wp-content\/uploads\/2025\/10\/WhatsApp-Image-2025-10-16-at-17.05.13-768x1024.jpeg\" alt=\"\" class=\"wp-image-15516\" srcset=\"https:\/\/bojornal.pt\/wp-content\/uploads\/2025\/10\/WhatsApp-Image-2025-10-16-at-17.05.13-768x1024.jpeg 768w, https:\/\/bojornal.pt\/wp-content\/uploads\/2025\/10\/WhatsApp-Image-2025-10-16-at-17.05.13-225x300.jpeg 225w, https:\/\/bojornal.pt\/wp-content\/uploads\/2025\/10\/WhatsApp-Image-2025-10-16-at-17.05.13-113x150.jpeg 113w, https:\/\/bojornal.pt\/wp-content\/uploads\/2025\/10\/WhatsApp-Image-2025-10-16-at-17.05.13-1152x1536.jpeg 1152w, https:\/\/bojornal.pt\/wp-content\/uploads\/2025\/10\/WhatsApp-Image-2025-10-16-at-17.05.13.jpeg 1536w\" sizes=\"auto, (max-width: 768px) 100vw, 768px\" \/><\/figure>\n\n\n\n<p>O AEEG j\u00e1 est\u00e1 \u201cem movimento!! <\/p>\n\n\n\n<p>Toda a comunidade escolar &#8211; professores, alunos, assistentes operacionais, familiares, est\u00e1 convidada a participar nas aulas de atividade f\u00edsica, nomeadamente: cardio e pilates. As sess\u00f5es decorrem todas as segundas e quartas-feiras, entre as 18h30min. e as 19h30min., na Sala de Gin\u00e1stica (Escola Em\u00eddio Garcia).<br \/>Apare\u00e7am. A boa disposi\u00e7\u00e3o est\u00e1 garantida.<\/p>\n\n\n\n<p><\/p>\n","protected":false},"excerpt":{"rendered":"<p>Agrupamento de Escolas Em\u00eddio Garcia promove o exerc\u00edcio f\u00edsico junto da comunidade O AEEG j\u00e1 est\u00e1 \u201cem movimento!! Toda a comunidade escolar &#8211; professores, alunos, assistentes operacionais, familiares, est\u00e1 convidada a participar nas aulas&#46;&#46;&#46;<\/p>\n","protected":false},"author":2,"featured_media":15516,"comment_status":"closed","ping_status":"open","sticky":false,"template":"","format":"standard","meta":{"footnotes":""},"categories":[9,16],"tags":[],"class_list":["post-15515","post","type-post","status-publish","format-standard","has-post-thumbnail","hentry","category-em-foco","category-escola-secundaria-emidio-garcia"],"_links":{"self":[{"href":"https:\/\/bojornal.pt\/index.php?rest_route=\/wp\/v2\/posts\/15515","targetHints":{"allow":["GET"]}}],"collection":[{"href":"https:\/\/bojornal.pt\/index.php?rest_route=\/wp\/v2\/posts"}],"about":[{"href":"https:\/\/bojornal.pt\/index.php?rest_route=\/wp\/v2\/types\/post"}],"author":[{"embeddable":true,"href":"https:\/\/bojornal.pt\/index.php?rest_route=\/wp\/v2\/users\/2"}],"replies":[{"embeddable":true,"href":"https:\/\/bojornal.pt\/index.php?rest_route=%2Fwp%2Fv2%2Fcomments&post=15515"}],"version-history":[{"count":1,"href":"https:\/\/bojornal.pt\/index.php?rest_route=\/wp\/v2\/posts\/15515\/revisions"}],"predecessor-version":[{"id":15517,"href":"https:\/\/bojornal.pt\/index.php?rest_route=\/wp\/v2\/posts\/15515\/revisions\/15517"}],"wp:featuredmedia":[{"embeddable":true,"href":"https:\/\/bojornal.pt\/index.php?rest_route=\/wp\/v2\/media\/15516"}],"wp:attachment":[{"href":"https:\/\/bojornal.pt\/index.php?rest_route=%2Fwp%2Fv2%2Fmedia&parent=15515"}],"wp:term":[{"taxonomy":"category","embeddable":true,"href":"https:\/\/bojornal.pt\/index.php?rest_route=%2Fwp%2Fv2%2Fcategories&post=15515"},{"taxonomy":"post_tag","embeddable":true,"href":"https:\/\/bojornal.pt\/index.php?rest_route=%2Fwp%2Fv2%2Ftags&post=15515"}],"curies":[{"name":"wp","href":"https:\/\/api.w.org\/{rel}","templated":true}]}}