{"id":15507,"date":"2025-10-13T20:04:54","date_gmt":"2025-10-13T19:04:54","guid":{"rendered":"https:\/\/bojornal.pt\/?p=15507"},"modified":"2025-10-13T20:04:58","modified_gmt":"2025-10-13T19:04:58","slug":"dia-de-la-hispanidad","status":"publish","type":"post","link":"https:\/\/bojornal.pt\/?p=15507","title":{"rendered":"D\u00eda de la Hispanidad"},"content":{"rendered":"\n<figure class=\"wp-block-image size-large\"><img loading=\"lazy\" decoding=\"async\" width=\"768\" height=\"1024\" src=\"https:\/\/bojornal.pt\/wp-content\/uploads\/2025\/10\/IMG_0098-1-768x1024.jpeg\" alt=\"\" class=\"wp-image-15509\" srcset=\"https:\/\/bojornal.pt\/wp-content\/uploads\/2025\/10\/IMG_0098-1-768x1024.jpeg 768w, https:\/\/bojornal.pt\/wp-content\/uploads\/2025\/10\/IMG_0098-1-225x300.jpeg 225w, https:\/\/bojornal.pt\/wp-content\/uploads\/2025\/10\/IMG_0098-1-113x150.jpeg 113w, https:\/\/bojornal.pt\/wp-content\/uploads\/2025\/10\/IMG_0098-1-1152x1536.jpeg 1152w, https:\/\/bojornal.pt\/wp-content\/uploads\/2025\/10\/IMG_0098-1-1536x2048.jpeg 1536w, https:\/\/bojornal.pt\/wp-content\/uploads\/2025\/10\/IMG_0098-1-scaled.jpeg 1920w\" sizes=\"auto, (max-width: 768px) 100vw, 768px\" \/><\/figure>\n\n\n\n<p>El 12 de octubre, la Escuela Secundaria Em\u00eddio Garc\u00eda&nbsp; celebr\u00f3 el D\u00eda de la Hispanidad con una exposici\u00f3n especial. Los alumnos presentaron objetos, comidas t\u00edpicas y trajes tradicionales de varios pa\u00edses hispanohablantes, como M\u00e9xico, Espa\u00f1a, Colombia y Argentina. La actividad permiti\u00f3 conocer mejor la diversidad cultural del mundo hispano y disfrutar de un ambiente festivo lleno de colores, m\u00fasica y aprendizaje compartido.<\/p>\n\n\n\n<p><em>Dia da Hispanidade<\/em><\/p>\n\n\n\n<p><em>No dia 12 de outubro, a nossa escola celebrou o Dia da Hispanidade com uma exposi\u00e7\u00e3o especial. Os alunos apresentaram objetos, comidas t\u00edpicas e trajes tradicionais de v\u00e1rios pa\u00edses de l\u00edngua espanhola, como o M\u00e9xico, a Espanha, a Col\u00f4mbia e a Argentina. A atividade permitiu conhecer melhor a diversidade cultural do mundo hispano e desfrutar de um ambiente festivo cheio de cores, m\u00fasica e partilha de conhecimento.<\/em><\/p>\n\n\n\n<figure class=\"wp-block-gallery has-nested-images columns-default is-cropped wp-block-gallery-1 is-layout-flex wp-block-gallery-is-layout-flex\">\n<figure class=\"wp-block-image size-large\"><img loading=\"lazy\" decoding=\"async\" width=\"768\" height=\"1024\" data-id=\"15510\" src=\"https:\/\/bojornal.pt\/wp-content\/uploads\/2025\/10\/IMG_0100-768x1024.jpeg\" alt=\"\" class=\"wp-image-15510\" srcset=\"https:\/\/bojornal.pt\/wp-content\/uploads\/2025\/10\/IMG_0100-768x1024.jpeg 768w, https:\/\/bojornal.pt\/wp-content\/uploads\/2025\/10\/IMG_0100-225x300.jpeg 225w, https:\/\/bojornal.pt\/wp-content\/uploads\/2025\/10\/IMG_0100-113x150.jpeg 113w, https:\/\/bojornal.pt\/wp-content\/uploads\/2025\/10\/IMG_0100-1152x1536.jpeg 1152w, https:\/\/bojornal.pt\/wp-content\/uploads\/2025\/10\/IMG_0100-1536x2048.jpeg 1536w, https:\/\/bojornal.pt\/wp-content\/uploads\/2025\/10\/IMG_0100-scaled.jpeg 1920w\" sizes=\"auto, (max-width: 768px) 100vw, 768px\" \/><\/figure>\n\n\n\n<figure class=\"wp-block-image size-large\"><img loading=\"lazy\" decoding=\"async\" width=\"768\" height=\"1024\" data-id=\"15513\" src=\"https:\/\/bojornal.pt\/wp-content\/uploads\/2025\/10\/IMG_0099-768x1024.jpeg\" alt=\"\" class=\"wp-image-15513\" srcset=\"https:\/\/bojornal.pt\/wp-content\/uploads\/2025\/10\/IMG_0099-768x1024.jpeg 768w, https:\/\/bojornal.pt\/wp-content\/uploads\/2025\/10\/IMG_0099-225x300.jpeg 225w, https:\/\/bojornal.pt\/wp-content\/uploads\/2025\/10\/IMG_0099-113x150.jpeg 113w, https:\/\/bojornal.pt\/wp-content\/uploads\/2025\/10\/IMG_0099-1152x1536.jpeg 1152w, https:\/\/bojornal.pt\/wp-content\/uploads\/2025\/10\/IMG_0099-1536x2048.jpeg 1536w, https:\/\/bojornal.pt\/wp-content\/uploads\/2025\/10\/IMG_0099-scaled.jpeg 1920w\" sizes=\"auto, (max-width: 768px) 100vw, 768px\" \/><\/figure>\n\n\n\n<figure class=\"wp-block-image size-large\"><img loading=\"lazy\" decoding=\"async\" width=\"768\" height=\"1024\" data-id=\"15512\" src=\"https:\/\/bojornal.pt\/wp-content\/uploads\/2025\/10\/IMG_0096-768x1024.jpeg\" alt=\"\" class=\"wp-image-15512\" srcset=\"https:\/\/bojornal.pt\/wp-content\/uploads\/2025\/10\/IMG_0096-768x1024.jpeg 768w, https:\/\/bojornal.pt\/wp-content\/uploads\/2025\/10\/IMG_0096-225x300.jpeg 225w, https:\/\/bojornal.pt\/wp-content\/uploads\/2025\/10\/IMG_0096-113x150.jpeg 113w, https:\/\/bojornal.pt\/wp-content\/uploads\/2025\/10\/IMG_0096-1152x1536.jpeg 1152w, https:\/\/bojornal.pt\/wp-content\/uploads\/2025\/10\/IMG_0096-1536x2048.jpeg 1536w, https:\/\/bojornal.pt\/wp-content\/uploads\/2025\/10\/IMG_0096-scaled.jpeg 1920w\" sizes=\"auto, (max-width: 768px) 100vw, 768px\" \/><\/figure>\n\n\n\n<figure class=\"wp-block-image size-large\"><img loading=\"lazy\" decoding=\"async\" width=\"768\" height=\"1024\" data-id=\"15511\" src=\"https:\/\/bojornal.pt\/wp-content\/uploads\/2025\/10\/IMG_0108-768x1024.jpeg\" alt=\"\" class=\"wp-image-15511\" srcset=\"https:\/\/bojornal.pt\/wp-content\/uploads\/2025\/10\/IMG_0108-768x1024.jpeg 768w, https:\/\/bojornal.pt\/wp-content\/uploads\/2025\/10\/IMG_0108-225x300.jpeg 225w, https:\/\/bojornal.pt\/wp-content\/uploads\/2025\/10\/IMG_0108-113x150.jpeg 113w, https:\/\/bojornal.pt\/wp-content\/uploads\/2025\/10\/IMG_0108-1152x1536.jpeg 1152w, https:\/\/bojornal.pt\/wp-content\/uploads\/2025\/10\/IMG_0108-1536x2048.jpeg 1536w, https:\/\/bojornal.pt\/wp-content\/uploads\/2025\/10\/IMG_0108-scaled.jpeg 1920w\" sizes=\"auto, (max-width: 768px) 100vw, 768px\" \/><\/figure>\n<\/figure>\n","protected":false},"excerpt":{"rendered":"<p>El 12 de octubre, la Escuela Secundaria Em\u00eddio Garc\u00eda&nbsp; celebr\u00f3 el D\u00eda de la Hispanidad con una exposici\u00f3n especial. Los alumnos presentaron objetos, comidas t\u00edpicas y trajes tradicionales de varios pa\u00edses hispanohablantes, como M\u00e9xico,&#46;&#46;&#46;<\/p>\n","protected":false},"author":2,"featured_media":15509,"comment_status":"closed","ping_status":"open","sticky":false,"template":"","format":"standard","meta":{"footnotes":""},"categories":[9,16],"tags":[],"class_list":["post-15507","post","type-post","status-publish","format-standard","has-post-thumbnail","hentry","category-em-foco","category-escola-secundaria-emidio-garcia"],"_links":{"self":[{"href":"https:\/\/bojornal.pt\/index.php?rest_route=\/wp\/v2\/posts\/15507","targetHints":{"allow":["GET"]}}],"collection":[{"href":"https:\/\/bojornal.pt\/index.php?rest_route=\/wp\/v2\/posts"}],"about":[{"href":"https:\/\/bojornal.pt\/index.php?rest_route=\/wp\/v2\/types\/post"}],"author":[{"embeddable":true,"href":"https:\/\/bojornal.pt\/index.php?rest_route=\/wp\/v2\/users\/2"}],"replies":[{"embeddable":true,"href":"https:\/\/bojornal.pt\/index.php?rest_route=%2Fwp%2Fv2%2Fcomments&post=15507"}],"version-history":[{"count":1,"href":"https:\/\/bojornal.pt\/index.php?rest_route=\/wp\/v2\/posts\/15507\/revisions"}],"predecessor-version":[{"id":15514,"href":"https:\/\/bojornal.pt\/index.php?rest_route=\/wp\/v2\/posts\/15507\/revisions\/15514"}],"wp:featuredmedia":[{"embeddable":true,"href":"https:\/\/bojornal.pt\/index.php?rest_route=\/wp\/v2\/media\/15509"}],"wp:attachment":[{"href":"https:\/\/bojornal.pt\/index.php?rest_route=%2Fwp%2Fv2%2Fmedia&parent=15507"}],"wp:term":[{"taxonomy":"category","embeddable":true,"href":"https:\/\/bojornal.pt\/index.php?rest_route=%2Fwp%2Fv2%2Fcategories&post=15507"},{"taxonomy":"post_tag","embeddable":true,"href":"https:\/\/bojornal.pt\/index.php?rest_route=%2Fwp%2Fv2%2Ftags&post=15507"}],"curies":[{"name":"wp","href":"https:\/\/api.w.org\/{rel}","templated":true}]}}