{"id":15485,"date":"2025-10-09T19:29:31","date_gmt":"2025-10-09T18:29:31","guid":{"rendered":"https:\/\/bojornal.pt\/?p=15485"},"modified":"2025-10-09T19:32:32","modified_gmt":"2025-10-09T18:32:32","slug":"visita-de-estudo-a-barcelona","status":"publish","type":"post","link":"https:\/\/bojornal.pt\/?p=15485","title":{"rendered":"Visita de estudo a Barcelona"},"content":{"rendered":"\n<p><strong>Cerca de 100 alunos de 11.\u00baano, inscritos em EMRC e Espanhol visitaram a Catalunha<\/strong><\/p>\n\n\n\n<figure class=\"wp-block-image size-large\"><img loading=\"lazy\" decoding=\"async\" width=\"681\" height=\"1024\" src=\"https:\/\/bojornal.pt\/wp-content\/uploads\/2025\/10\/3_Barcelona_Sagra-343-681x1024.jpg\" alt=\"\" class=\"wp-image-15487\" srcset=\"https:\/\/bojornal.pt\/wp-content\/uploads\/2025\/10\/3_Barcelona_Sagra-343-681x1024.jpg 681w, https:\/\/bojornal.pt\/wp-content\/uploads\/2025\/10\/3_Barcelona_Sagra-343-199x300.jpg 199w, https:\/\/bojornal.pt\/wp-content\/uploads\/2025\/10\/3_Barcelona_Sagra-343-100x150.jpg 100w, https:\/\/bojornal.pt\/wp-content\/uploads\/2025\/10\/3_Barcelona_Sagra-343-768x1155.jpg 768w, https:\/\/bojornal.pt\/wp-content\/uploads\/2025\/10\/3_Barcelona_Sagra-343-1021x1536.jpg 1021w, https:\/\/bojornal.pt\/wp-content\/uploads\/2025\/10\/3_Barcelona_Sagra-343-1362x2048.jpg 1362w, https:\/\/bojornal.pt\/wp-content\/uploads\/2025\/10\/3_Barcelona_Sagra-343-scaled.jpg 1702w\" sizes=\"auto, (max-width: 681px) 100vw, 681px\" \/><\/figure>\n\n\n\n<p>Os alunos de EMRC (Educa\u00e7\u00e3o Moral e Religiosa Cat\u00f3lica) e Espanhol visitaram, entre os dias 6 e 9 de outubro, as cidades de Barcelona e Sarago\u00e7a, com passagem por Montserrat. No primeiro dia, os cerca de 100 alunos, acompanhados pelos 8 professores, subiram a Montserrat, mosteiro e santu\u00e1rio dedicado \u00e0 Virgem de Montserrat. Este \u00e9 um local hist\u00f3rico na Catalunha que este ano assinala uma efem\u00e9ride especial: a abadia beneditina, faz parte da Rota Mariana e celebra 1.000 anos de hist\u00f3ria no presente ano de 2025. Em Barcelona, o grupo visitou o Parque G\u00fcell (obra projetada por Antoni Gaud\u00ed entre 1900 e 1914, por encomenda do empres\u00e1rio Eusebi G\u00fcell); o Museu Nacional de Arte da Catalunha, mundialmente reconhecido pela sua cole\u00e7\u00e3o de arte Rom\u00e2nica, considerada uma das mais completas e importantes do mundo mas tamb\u00e9m por interessant\u00edssimas obras renascentistas e barrocas. \u00a0O ponto alto da viagem foi a visita \u00e0 Sagrada Fam\u00edlia, de Antoni Gaud\u00ed. Um templo \u00fanico, tanto pelas suas origens, funda\u00e7\u00e3o e prop\u00f3sito. Os alunos aprofundaram os seus conhecimentos hist\u00f3ricos, culturais e religiosos. Na visita destacaram-se ainda as visitas \u00e0s casas Batl\u00f3 e La Pedrera, Mont Juic e Est\u00e1dio Ol\u00edmpico. Por fim e j\u00e1 em caminho, o grupo aproveitou uma pequena paragem para visitar a cidade de Sarago\u00e7a.<\/p>\n\n\n\n<p><\/p>\n\n\n\n<figure class=\"wp-block-gallery has-nested-images columns-default is-cropped wp-block-gallery-1 is-layout-flex wp-block-gallery-is-layout-flex\">\n<figure class=\"wp-block-image size-large\"><img loading=\"lazy\" decoding=\"async\" width=\"1024\" height=\"681\" data-id=\"15490\" src=\"https:\/\/bojornal.pt\/wp-content\/uploads\/2025\/10\/3_Barcelona_Sagra-260-1024x681.jpg\" alt=\"\" class=\"wp-image-15490\" srcset=\"https:\/\/bojornal.pt\/wp-content\/uploads\/2025\/10\/3_Barcelona_Sagra-260-1024x681.jpg 1024w, https:\/\/bojornal.pt\/wp-content\/uploads\/2025\/10\/3_Barcelona_Sagra-260-300x199.jpg 300w, https:\/\/bojornal.pt\/wp-content\/uploads\/2025\/10\/3_Barcelona_Sagra-260-150x100.jpg 150w, https:\/\/bojornal.pt\/wp-content\/uploads\/2025\/10\/3_Barcelona_Sagra-260-768x511.jpg 768w, https:\/\/bojornal.pt\/wp-content\/uploads\/2025\/10\/3_Barcelona_Sagra-260-1536x1021.jpg 1536w, https:\/\/bojornal.pt\/wp-content\/uploads\/2025\/10\/3_Barcelona_Sagra-260-2048x1362.jpg 2048w\" sizes=\"auto, (max-width: 1024px) 100vw, 1024px\" \/><\/figure>\n<\/figure>\n\n\n\n<p><\/p>\n","protected":false},"excerpt":{"rendered":"<p>Cerca de 100 alunos de 11.\u00baano, inscritos em EMRC e Espanhol visitaram a Catalunha Os alunos de EMRC (Educa\u00e7\u00e3o Moral e Religiosa Cat\u00f3lica) e Espanhol visitaram, entre os dias 6 e 9 de outubro,&#46;&#46;&#46;<\/p>\n","protected":false},"author":2,"featured_media":15490,"comment_status":"closed","ping_status":"open","sticky":false,"template":"","format":"standard","meta":{"footnotes":""},"categories":[9,16],"tags":[],"class_list":["post-15485","post","type-post","status-publish","format-standard","has-post-thumbnail","hentry","category-em-foco","category-escola-secundaria-emidio-garcia"],"_links":{"self":[{"href":"https:\/\/bojornal.pt\/index.php?rest_route=\/wp\/v2\/posts\/15485","targetHints":{"allow":["GET"]}}],"collection":[{"href":"https:\/\/bojornal.pt\/index.php?rest_route=\/wp\/v2\/posts"}],"about":[{"href":"https:\/\/bojornal.pt\/index.php?rest_route=\/wp\/v2\/types\/post"}],"author":[{"embeddable":true,"href":"https:\/\/bojornal.pt\/index.php?rest_route=\/wp\/v2\/users\/2"}],"replies":[{"embeddable":true,"href":"https:\/\/bojornal.pt\/index.php?rest_route=%2Fwp%2Fv2%2Fcomments&post=15485"}],"version-history":[{"count":2,"href":"https:\/\/bojornal.pt\/index.php?rest_route=\/wp\/v2\/posts\/15485\/revisions"}],"predecessor-version":[{"id":15491,"href":"https:\/\/bojornal.pt\/index.php?rest_route=\/wp\/v2\/posts\/15485\/revisions\/15491"}],"wp:featuredmedia":[{"embeddable":true,"href":"https:\/\/bojornal.pt\/index.php?rest_route=\/wp\/v2\/media\/15490"}],"wp:attachment":[{"href":"https:\/\/bojornal.pt\/index.php?rest_route=%2Fwp%2Fv2%2Fmedia&parent=15485"}],"wp:term":[{"taxonomy":"category","embeddable":true,"href":"https:\/\/bojornal.pt\/index.php?rest_route=%2Fwp%2Fv2%2Fcategories&post=15485"},{"taxonomy":"post_tag","embeddable":true,"href":"https:\/\/bojornal.pt\/index.php?rest_route=%2Fwp%2Fv2%2Ftags&post=15485"}],"curies":[{"name":"wp","href":"https:\/\/api.w.org\/{rel}","templated":true}]}}