{"id":15479,"date":"2025-10-01T12:40:10","date_gmt":"2025-10-01T11:40:10","guid":{"rendered":"https:\/\/bojornal.pt\/?p=15479"},"modified":"2025-10-01T12:40:15","modified_gmt":"2025-10-01T11:40:15","slug":"dia-europeu-das-linguas","status":"publish","type":"post","link":"https:\/\/bojornal.pt\/?p=15479","title":{"rendered":"Dia Europeu das L\u00ednguas"},"content":{"rendered":"\n<p><strong><em>Sec\u00e7\u00e3o de L\u00ednguas Estrangeiras promove exposi\u00e7\u00e3o de trabalhos produzidos pelos alunos<\/em><\/strong><\/p>\n\n\n\n<figure class=\"wp-block-image size-large is-resized\"><img loading=\"lazy\" decoding=\"async\" width=\"768\" height=\"1024\" src=\"https:\/\/bojornal.pt\/wp-content\/uploads\/2025\/10\/WhatsApp-Image-2025-10-01-at-12.37.00-768x1024.jpeg\" alt=\"\" class=\"wp-image-15480\" style=\"width:849px;height:auto\" srcset=\"https:\/\/bojornal.pt\/wp-content\/uploads\/2025\/10\/WhatsApp-Image-2025-10-01-at-12.37.00-768x1024.jpeg 768w, https:\/\/bojornal.pt\/wp-content\/uploads\/2025\/10\/WhatsApp-Image-2025-10-01-at-12.37.00-225x300.jpeg 225w, https:\/\/bojornal.pt\/wp-content\/uploads\/2025\/10\/WhatsApp-Image-2025-10-01-at-12.37.00-113x150.jpeg 113w, https:\/\/bojornal.pt\/wp-content\/uploads\/2025\/10\/WhatsApp-Image-2025-10-01-at-12.37.00-1152x1536.jpeg 1152w, https:\/\/bojornal.pt\/wp-content\/uploads\/2025\/10\/WhatsApp-Image-2025-10-01-at-12.37.00.jpeg 1200w\" sizes=\"auto, (max-width: 768px) 100vw, 768px\" \/><\/figure>\n\n\n\n<p>No \u00e2mbito da comemora\u00e7\u00e3o do <strong>Dia Europeu das L\u00ednguas<\/strong>, dinamizada pelo Departamento de L\u00ednguas, sobretudo atrav\u00e9s da Sec\u00e7\u00e3o de L\u00ednguas Estrangeiras, &nbsp;realizou-se uma exposi\u00e7\u00e3o de trabalhos produzidos pelos alunos, que teve como prop\u00f3sito celebrar a diversidade lingu\u00edstica e cultural. A mostra reuniu produ\u00e7\u00f5es criativas sobre diferentes temas, como <em>\u201cAs minhas palavras preferidas\u201d<\/em> ou <em>\u201cPalavras que s\u00f3 existem em determinadas l\u00ednguas\u201d<\/em>, permitindo destacar a riqueza expressiva e a singularidade de cada idioma.<\/p>\n\n\n\n<p>Os trabalhos revelaram n\u00e3o apenas a curiosidade dos estudantes pelas l\u00ednguas estrangeiras, mas tamb\u00e9m o seu olhar pessoal sobre a import\u00e2ncia da comunica\u00e7\u00e3o e da identidade cultural.<\/p>\n\n\n\n<p>Procurou-se, assim, promover o gosto pelo estudo das l\u00ednguas, incentivando a descoberta de novas palavras e express\u00f5es, valorizar a diversidade cultural e lingu\u00edstica presente na Europa e no mundo, estimular a criatividade dos alunos e sensibilizar para o papel das l\u00ednguas como ferramentas de inclus\u00e3o, di\u00e1logo e respeito pelas diferen\u00e7as.<\/p>\n\n\n\n<p>Esta iniciativa mostrou que aprender l\u00ednguas vai al\u00e9m da gram\u00e1tica: \u00e9 uma forma de compreender melhor os outros e de alargar horizontes.<\/p>\n\n\n\n<p><strong><em>Veja o v\u00eddeo:<\/em><\/strong><\/p>\n\n\n\n<figure class=\"wp-block-video\"><video controls src=\"https:\/\/bojornal.pt\/wp-content\/uploads\/2025\/10\/Dia-Europeu-das-Linguas.mp4\"><\/video><\/figure>\n","protected":false},"excerpt":{"rendered":"<p>Sec\u00e7\u00e3o de L\u00ednguas Estrangeiras promove exposi\u00e7\u00e3o de trabalhos produzidos pelos alunos No \u00e2mbito da comemora\u00e7\u00e3o do Dia Europeu das L\u00ednguas, dinamizada pelo Departamento de L\u00ednguas, sobretudo atrav\u00e9s da Sec\u00e7\u00e3o de L\u00ednguas Estrangeiras, &nbsp;realizou-se uma&#46;&#46;&#46;<\/p>\n","protected":false},"author":2,"featured_media":15480,"comment_status":"closed","ping_status":"open","sticky":false,"template":"","format":"standard","meta":{"footnotes":""},"categories":[9,16],"tags":[],"class_list":["post-15479","post","type-post","status-publish","format-standard","has-post-thumbnail","hentry","category-em-foco","category-escola-secundaria-emidio-garcia"],"_links":{"self":[{"href":"https:\/\/bojornal.pt\/index.php?rest_route=\/wp\/v2\/posts\/15479","targetHints":{"allow":["GET"]}}],"collection":[{"href":"https:\/\/bojornal.pt\/index.php?rest_route=\/wp\/v2\/posts"}],"about":[{"href":"https:\/\/bojornal.pt\/index.php?rest_route=\/wp\/v2\/types\/post"}],"author":[{"embeddable":true,"href":"https:\/\/bojornal.pt\/index.php?rest_route=\/wp\/v2\/users\/2"}],"replies":[{"embeddable":true,"href":"https:\/\/bojornal.pt\/index.php?rest_route=%2Fwp%2Fv2%2Fcomments&post=15479"}],"version-history":[{"count":2,"href":"https:\/\/bojornal.pt\/index.php?rest_route=\/wp\/v2\/posts\/15479\/revisions"}],"predecessor-version":[{"id":15483,"href":"https:\/\/bojornal.pt\/index.php?rest_route=\/wp\/v2\/posts\/15479\/revisions\/15483"}],"wp:featuredmedia":[{"embeddable":true,"href":"https:\/\/bojornal.pt\/index.php?rest_route=\/wp\/v2\/media\/15480"}],"wp:attachment":[{"href":"https:\/\/bojornal.pt\/index.php?rest_route=%2Fwp%2Fv2%2Fmedia&parent=15479"}],"wp:term":[{"taxonomy":"category","embeddable":true,"href":"https:\/\/bojornal.pt\/index.php?rest_route=%2Fwp%2Fv2%2Fcategories&post=15479"},{"taxonomy":"post_tag","embeddable":true,"href":"https:\/\/bojornal.pt\/index.php?rest_route=%2Fwp%2Fv2%2Ftags&post=15479"}],"curies":[{"name":"wp","href":"https:\/\/api.w.org\/{rel}","templated":true}]}}