{"id":15474,"date":"2025-09-29T20:15:23","date_gmt":"2025-09-29T19:15:23","guid":{"rendered":"https:\/\/bojornal.pt\/?p=15474"},"modified":"2025-09-29T20:15:26","modified_gmt":"2025-09-29T19:15:26","slug":"silver-jobs","status":"publish","type":"post","link":"https:\/\/bojornal.pt\/?p=15474","title":{"rendered":"\u201cSilver Jobs\u201d"},"content":{"rendered":"\n<p><strong><em>Alunos do Curso Profissional de T\u00e9cnico Auxiliar de Sa\u00fade em Semin\u00e1rio Internacional<\/em><\/strong><\/p>\n\n\n\n<figure class=\"wp-block-gallery has-nested-images columns-default is-cropped wp-block-gallery-1 is-layout-flex wp-block-gallery-is-layout-flex\">\n<figure class=\"wp-block-image size-large\"><img loading=\"lazy\" decoding=\"async\" width=\"1024\" height=\"768\" data-id=\"15475\" src=\"https:\/\/bojornal.pt\/wp-content\/uploads\/2025\/09\/att.WZWfK0NZZlRpjNT3CANMIxEsMtjZfk0MEaRa_AB-oNg-1024x768.jpeg\" alt=\"\" class=\"wp-image-15475\" srcset=\"https:\/\/bojornal.pt\/wp-content\/uploads\/2025\/09\/att.WZWfK0NZZlRpjNT3CANMIxEsMtjZfk0MEaRa_AB-oNg-1024x768.jpeg 1024w, https:\/\/bojornal.pt\/wp-content\/uploads\/2025\/09\/att.WZWfK0NZZlRpjNT3CANMIxEsMtjZfk0MEaRa_AB-oNg-300x225.jpeg 300w, https:\/\/bojornal.pt\/wp-content\/uploads\/2025\/09\/att.WZWfK0NZZlRpjNT3CANMIxEsMtjZfk0MEaRa_AB-oNg-150x113.jpeg 150w, https:\/\/bojornal.pt\/wp-content\/uploads\/2025\/09\/att.WZWfK0NZZlRpjNT3CANMIxEsMtjZfk0MEaRa_AB-oNg-768x576.jpeg 768w, https:\/\/bojornal.pt\/wp-content\/uploads\/2025\/09\/att.WZWfK0NZZlRpjNT3CANMIxEsMtjZfk0MEaRa_AB-oNg-1536x1152.jpeg 1536w, https:\/\/bojornal.pt\/wp-content\/uploads\/2025\/09\/att.WZWfK0NZZlRpjNT3CANMIxEsMtjZfk0MEaRa_AB-oNg.jpeg 2048w\" sizes=\"auto, (max-width: 1024px) 100vw, 1024px\" \/><\/figure>\n\n\n\n<figure class=\"wp-block-image size-large\"><img loading=\"lazy\" decoding=\"async\" width=\"1024\" height=\"768\" data-id=\"15476\" src=\"https:\/\/bojornal.pt\/wp-content\/uploads\/2025\/09\/6705a13b-3e9d-463f-8d95-ade51c1aa35e-1024x768.jpeg\" alt=\"\" class=\"wp-image-15476\" srcset=\"https:\/\/bojornal.pt\/wp-content\/uploads\/2025\/09\/6705a13b-3e9d-463f-8d95-ade51c1aa35e-1024x768.jpeg 1024w, https:\/\/bojornal.pt\/wp-content\/uploads\/2025\/09\/6705a13b-3e9d-463f-8d95-ade51c1aa35e-300x225.jpeg 300w, https:\/\/bojornal.pt\/wp-content\/uploads\/2025\/09\/6705a13b-3e9d-463f-8d95-ade51c1aa35e-150x113.jpeg 150w, https:\/\/bojornal.pt\/wp-content\/uploads\/2025\/09\/6705a13b-3e9d-463f-8d95-ade51c1aa35e-768x576.jpeg 768w, https:\/\/bojornal.pt\/wp-content\/uploads\/2025\/09\/6705a13b-3e9d-463f-8d95-ade51c1aa35e-1536x1152.jpeg 1536w, https:\/\/bojornal.pt\/wp-content\/uploads\/2025\/09\/6705a13b-3e9d-463f-8d95-ade51c1aa35e.jpeg 1600w\" sizes=\"auto, (max-width: 1024px) 100vw, 1024px\" \/><\/figure>\n<\/figure>\n\n\n\n<p>Na passada sexta-feira, dia 26 de setembro, os alunos do Curso Profissional de T\u00e9cnico Auxiliar de Sa\u00fade de 11\u00baano marcaram presen\u00e7a no\u00a0Semin\u00e1rio Internacional \u201cSilver Jobs\u201d, decorrido no audit\u00f3rio Miranda Nunes, na Escola Superior de Sa\u00fade do Instituto Polit\u00e9cnico de Bragan\u00e7a.<\/p>\n\n\n\n<p><\/p>\n","protected":false},"excerpt":{"rendered":"<p>Alunos do Curso Profissional de T\u00e9cnico Auxiliar de Sa\u00fade em Semin\u00e1rio Internacional Na passada sexta-feira, dia 26 de setembro, os alunos do Curso Profissional de T\u00e9cnico Auxiliar de Sa\u00fade de 11\u00baano marcaram presen\u00e7a no\u00a0Semin\u00e1rio&#46;&#46;&#46;<\/p>\n","protected":false},"author":2,"featured_media":15475,"comment_status":"closed","ping_status":"open","sticky":false,"template":"","format":"standard","meta":{"footnotes":""},"categories":[9,16],"tags":[],"class_list":["post-15474","post","type-post","status-publish","format-standard","has-post-thumbnail","hentry","category-em-foco","category-escola-secundaria-emidio-garcia"],"_links":{"self":[{"href":"https:\/\/bojornal.pt\/index.php?rest_route=\/wp\/v2\/posts\/15474","targetHints":{"allow":["GET"]}}],"collection":[{"href":"https:\/\/bojornal.pt\/index.php?rest_route=\/wp\/v2\/posts"}],"about":[{"href":"https:\/\/bojornal.pt\/index.php?rest_route=\/wp\/v2\/types\/post"}],"author":[{"embeddable":true,"href":"https:\/\/bojornal.pt\/index.php?rest_route=\/wp\/v2\/users\/2"}],"replies":[{"embeddable":true,"href":"https:\/\/bojornal.pt\/index.php?rest_route=%2Fwp%2Fv2%2Fcomments&post=15474"}],"version-history":[{"count":1,"href":"https:\/\/bojornal.pt\/index.php?rest_route=\/wp\/v2\/posts\/15474\/revisions"}],"predecessor-version":[{"id":15477,"href":"https:\/\/bojornal.pt\/index.php?rest_route=\/wp\/v2\/posts\/15474\/revisions\/15477"}],"wp:featuredmedia":[{"embeddable":true,"href":"https:\/\/bojornal.pt\/index.php?rest_route=\/wp\/v2\/media\/15475"}],"wp:attachment":[{"href":"https:\/\/bojornal.pt\/index.php?rest_route=%2Fwp%2Fv2%2Fmedia&parent=15474"}],"wp:term":[{"taxonomy":"category","embeddable":true,"href":"https:\/\/bojornal.pt\/index.php?rest_route=%2Fwp%2Fv2%2Fcategories&post=15474"},{"taxonomy":"post_tag","embeddable":true,"href":"https:\/\/bojornal.pt\/index.php?rest_route=%2Fwp%2Fv2%2Ftags&post=15474"}],"curies":[{"name":"wp","href":"https:\/\/api.w.org\/{rel}","templated":true}]}}