{"id":15461,"date":"2025-06-26T11:21:17","date_gmt":"2025-06-26T10:21:17","guid":{"rendered":"https:\/\/bojornal.pt\/?p=15461"},"modified":"2025-07-06T11:23:48","modified_gmt":"2025-07-06T10:23:48","slug":"universidade-do-minho-atribui-bolsa-de-excelencia-a-ex-aluna-do-agrupamento-de-escolas-emidio-garcia","status":"publish","type":"post","link":"https:\/\/bojornal.pt\/?p=15461","title":{"rendered":"Universidade do Minho Atribui Bolsa de Excel\u00eancia a Ex-Aluna do Agrupamento de Escolas Em\u00eddio Garcia\u00a0"},"content":{"rendered":"\n<p><strong><em>Catarina Vilas Boas distinguida na \u00e1rea de Geografia e Planeamento<\/em><\/strong><\/p>\n\n\n\n<figure class=\"wp-block-image size-full\"><img loading=\"lazy\" decoding=\"async\" width=\"800\" height=\"705\" src=\"https:\/\/bojornal.pt\/wp-content\/uploads\/2025\/07\/1bad27ac-b6ac-446c-937d-cdc9ea0ef0b2.jpeg\" alt=\"\" class=\"wp-image-15462\" srcset=\"https:\/\/bojornal.pt\/wp-content\/uploads\/2025\/07\/1bad27ac-b6ac-446c-937d-cdc9ea0ef0b2.jpeg 800w, https:\/\/bojornal.pt\/wp-content\/uploads\/2025\/07\/1bad27ac-b6ac-446c-937d-cdc9ea0ef0b2-300x264.jpeg 300w, https:\/\/bojornal.pt\/wp-content\/uploads\/2025\/07\/1bad27ac-b6ac-446c-937d-cdc9ea0ef0b2-150x132.jpeg 150w, https:\/\/bojornal.pt\/wp-content\/uploads\/2025\/07\/1bad27ac-b6ac-446c-937d-cdc9ea0ef0b2-768x677.jpeg 768w\" sizes=\"auto, (max-width: 800px) 100vw, 800px\" \/><\/figure>\n\n\n\n<p>\u00c9 com enorme orgulho que o nosso agrupamento anuncia que a aluna\u202fCatarina Vilas Boas, atualmente a frequentar o 1.\u00ba ano do curso de Geografia e Planeamento na Universidade do Minho, foi distinguida com a prestigiada Bolsa de Excel\u00eancia atribu\u00edda por aquela institui\u00e7\u00e3o de ensino superior.&nbsp;<\/p>\n\n\n\n<p>Este pr\u00e9mio reconhece os estudantes que ingressaram no ano letivo 2024\/2025 pelo contingente geral do Concurso Nacional de Acesso ao Ensino Superior, distinguindo o aluno com a classifica\u00e7\u00e3o mais elevada em cada curso. A cerim\u00f3nia de entrega decorreu no Sal\u00e3o Medieval da Reitoria, em Braga.&nbsp;<\/p>\n\n\n\n<p>Destacamos com especial satisfa\u00e7\u00e3o que Catarina Vilas Boas foi a \u00fanica estudante premiada que ingressou fora do distrito de Braga, o que enaltece ainda mais o seu m\u00e9rito e dedica\u00e7\u00e3o, e muito honra o nosso agrupamento, os seus docentes e toda a comunidade educativa.&nbsp;<\/p>\n\n\n\n<p>O agrupamento de Escolas Em\u00eddio Garcia felicita a Catarina por esta conquista not\u00e1vel e deseja-lhe muitos sucessos ao longo da sua vida acad\u00e9mica e pessoal. Que este seja apenas o primeiro de muitos triunfos!&nbsp;<\/p>\n\n\n\n<p>Parab\u00e9ns, Catarina! O teu percurso \u00e9 motivo de inspira\u00e7\u00e3o para todos n\u00f3s.&nbsp;<\/p>\n","protected":false},"excerpt":{"rendered":"<p>Catarina Vilas Boas distinguida na \u00e1rea de Geografia e Planeamento \u00c9 com enorme orgulho que o nosso agrupamento anuncia que a aluna\u202fCatarina Vilas Boas, atualmente a frequentar o 1.\u00ba ano do curso de Geografia&#46;&#46;&#46;<\/p>\n","protected":false},"author":2,"featured_media":15462,"comment_status":"closed","ping_status":"open","sticky":false,"template":"","format":"standard","meta":{"footnotes":""},"categories":[16],"tags":[],"class_list":["post-15461","post","type-post","status-publish","format-standard","has-post-thumbnail","hentry","category-escola-secundaria-emidio-garcia"],"_links":{"self":[{"href":"https:\/\/bojornal.pt\/index.php?rest_route=\/wp\/v2\/posts\/15461","targetHints":{"allow":["GET"]}}],"collection":[{"href":"https:\/\/bojornal.pt\/index.php?rest_route=\/wp\/v2\/posts"}],"about":[{"href":"https:\/\/bojornal.pt\/index.php?rest_route=\/wp\/v2\/types\/post"}],"author":[{"embeddable":true,"href":"https:\/\/bojornal.pt\/index.php?rest_route=\/wp\/v2\/users\/2"}],"replies":[{"embeddable":true,"href":"https:\/\/bojornal.pt\/index.php?rest_route=%2Fwp%2Fv2%2Fcomments&post=15461"}],"version-history":[{"count":2,"href":"https:\/\/bojornal.pt\/index.php?rest_route=\/wp\/v2\/posts\/15461\/revisions"}],"predecessor-version":[{"id":15464,"href":"https:\/\/bojornal.pt\/index.php?rest_route=\/wp\/v2\/posts\/15461\/revisions\/15464"}],"wp:featuredmedia":[{"embeddable":true,"href":"https:\/\/bojornal.pt\/index.php?rest_route=\/wp\/v2\/media\/15462"}],"wp:attachment":[{"href":"https:\/\/bojornal.pt\/index.php?rest_route=%2Fwp%2Fv2%2Fmedia&parent=15461"}],"wp:term":[{"taxonomy":"category","embeddable":true,"href":"https:\/\/bojornal.pt\/index.php?rest_route=%2Fwp%2Fv2%2Fcategories&post=15461"},{"taxonomy":"post_tag","embeddable":true,"href":"https:\/\/bojornal.pt\/index.php?rest_route=%2Fwp%2Fv2%2Ftags&post=15461"}],"curies":[{"name":"wp","href":"https:\/\/api.w.org\/{rel}","templated":true}]}}