{"id":15452,"date":"2025-06-14T11:14:05","date_gmt":"2025-06-14T10:14:05","guid":{"rendered":"https:\/\/bojornal.pt\/?p=15452"},"modified":"2025-07-06T11:16:25","modified_gmt":"2025-07-06T10:16:25","slug":"supertmatik","status":"publish","type":"post","link":"https:\/\/bojornal.pt\/?p=15452","title":{"rendered":"SUPERTMATIK"},"content":{"rendered":"\n<figure class=\"wp-block-gallery has-nested-images columns-default is-cropped wp-block-gallery-1 is-layout-flex wp-block-gallery-is-layout-flex\">\n<figure class=\"wp-block-image size-large\"><img loading=\"lazy\" decoding=\"async\" width=\"461\" height=\"1024\" data-id=\"15453\" src=\"https:\/\/bojornal.pt\/wp-content\/uploads\/2025\/07\/88aec9af-1409-43c5-b712-20c0f6fb8c66-461x1024.jpg\" alt=\"\" class=\"wp-image-15453\" srcset=\"https:\/\/bojornal.pt\/wp-content\/uploads\/2025\/07\/88aec9af-1409-43c5-b712-20c0f6fb8c66-461x1024.jpg 461w, https:\/\/bojornal.pt\/wp-content\/uploads\/2025\/07\/88aec9af-1409-43c5-b712-20c0f6fb8c66-135x300.jpg 135w, https:\/\/bojornal.pt\/wp-content\/uploads\/2025\/07\/88aec9af-1409-43c5-b712-20c0f6fb8c66-68x150.jpg 68w, https:\/\/bojornal.pt\/wp-content\/uploads\/2025\/07\/88aec9af-1409-43c5-b712-20c0f6fb8c66-691x1536.jpg 691w, https:\/\/bojornal.pt\/wp-content\/uploads\/2025\/07\/88aec9af-1409-43c5-b712-20c0f6fb8c66.jpg 720w\" sizes=\"auto, (max-width: 461px) 100vw, 461px\" \/><\/figure>\n\n\n\n<figure class=\"wp-block-image size-large\"><img loading=\"lazy\" decoding=\"async\" width=\"461\" height=\"1024\" data-id=\"15456\" src=\"https:\/\/bojornal.pt\/wp-content\/uploads\/2025\/07\/23d23464-24b3-4422-b8a2-5371042277d8-461x1024.jpg\" alt=\"\" class=\"wp-image-15456\" srcset=\"https:\/\/bojornal.pt\/wp-content\/uploads\/2025\/07\/23d23464-24b3-4422-b8a2-5371042277d8-461x1024.jpg 461w, https:\/\/bojornal.pt\/wp-content\/uploads\/2025\/07\/23d23464-24b3-4422-b8a2-5371042277d8-135x300.jpg 135w, https:\/\/bojornal.pt\/wp-content\/uploads\/2025\/07\/23d23464-24b3-4422-b8a2-5371042277d8-68x150.jpg 68w, https:\/\/bojornal.pt\/wp-content\/uploads\/2025\/07\/23d23464-24b3-4422-b8a2-5371042277d8-691x1536.jpg 691w, https:\/\/bojornal.pt\/wp-content\/uploads\/2025\/07\/23d23464-24b3-4422-b8a2-5371042277d8.jpg 720w\" sizes=\"auto, (max-width: 461px) 100vw, 461px\" \/><\/figure>\n\n\n\n<figure class=\"wp-block-image size-large\"><img loading=\"lazy\" decoding=\"async\" width=\"461\" height=\"1024\" data-id=\"15455\" src=\"https:\/\/bojornal.pt\/wp-content\/uploads\/2025\/07\/3c770144-efea-4e0b-90f9-dd8423455cde-461x1024.jpg\" alt=\"\" class=\"wp-image-15455\" srcset=\"https:\/\/bojornal.pt\/wp-content\/uploads\/2025\/07\/3c770144-efea-4e0b-90f9-dd8423455cde-461x1024.jpg 461w, https:\/\/bojornal.pt\/wp-content\/uploads\/2025\/07\/3c770144-efea-4e0b-90f9-dd8423455cde-135x300.jpg 135w, https:\/\/bojornal.pt\/wp-content\/uploads\/2025\/07\/3c770144-efea-4e0b-90f9-dd8423455cde-68x150.jpg 68w, https:\/\/bojornal.pt\/wp-content\/uploads\/2025\/07\/3c770144-efea-4e0b-90f9-dd8423455cde-691x1536.jpg 691w, https:\/\/bojornal.pt\/wp-content\/uploads\/2025\/07\/3c770144-efea-4e0b-90f9-dd8423455cde.jpg 720w\" sizes=\"auto, (max-width: 461px) 100vw, 461px\" \/><\/figure>\n<\/figure>\n\n\n\n<p>Entre os dias 1 e 16 de maio decorreu a Grande Final Online da XV Edi\u00e7\u00e3o Internacional do Concurso SuperTmatik \u2013 Prova Quiz Matem\u00e1tica, uma competi\u00e7\u00e3o que re\u00fane milhares de alunos de diferentes pa\u00edses, promovendo o gosto pela Matem\u00e1tica atrav\u00e9s do jogo e do desafio. Nesta final participaram seis alunos da nossa escola, tr\u00eas do 5.\u00ba ano e tr\u00eas do 6.\u00ba ano de escolaridade, que demonstraram grande empenho, rapidez de racioc\u00ednio e esp\u00edrito competitivo.<\/p>\n\n\n\n<p>No escal\u00e3o do 5.\u00ba ano, entre um total de 4.371 participantes, os resultados obtidos foram de grande destaque: Diogo Cadime, do 5.\u00baG, alcan\u00e7ou o 9.\u00ba lugar; Marta Cruz, do 5.\u00baB, conquistou a 43.\u00aa posi\u00e7\u00e3o; e Miguel Freitas, tamb\u00e9m do 5.\u00baB, ficou em 60.\u00ba lugar.<\/p>\n\n\n\n<p>J\u00e1 no 6.\u00ba ano de escolaridade, entre 5.208 alunos participantes, Ana Afonso, do 6.\u00baA, obteve um excelente 23.\u00ba lugar; Rodrigo Fernandes, do 6.\u00baG, classificou-se em 99.\u00ba; e Gabriel Br\u00e1s, do 6.\u00baF, terminou na 144.\u00aa posi\u00e7\u00e3o.<\/p>\n\n\n\n<p>Como forma de reconhecimento pelo esfor\u00e7o e desempenho destes alunos, os certificados e algumas lembran\u00e7as foram distribu\u00eddos no passado dia 3 de junho, pelas 10h00, na Biblioteca \u00c1lvaro Gomes, num momento simb\u00f3lico que contou com a presen\u00e7a de colegas e professores. &nbsp;<\/p>\n\n\n\n<p>A Escola felicita todos os participantes pelo seu envolvimento e pelos bons resultados alcan\u00e7ados, incentivando todos os alunos a continuarem a desafiar-se e a cultivar o gosto pela Matem\u00e1tica.<\/p>\n\n\n\n<p><\/p>\n","protected":false},"excerpt":{"rendered":"<p>Entre os dias 1 e 16 de maio decorreu a Grande Final Online da XV Edi\u00e7\u00e3o Internacional do Concurso SuperTmatik \u2013 Prova Quiz Matem\u00e1tica, uma competi\u00e7\u00e3o que re\u00fane milhares de alunos de diferentes pa\u00edses,&#46;&#46;&#46;<\/p>\n","protected":false},"author":2,"featured_media":15453,"comment_status":"closed","ping_status":"open","sticky":false,"template":"","format":"standard","meta":{"footnotes":""},"categories":[2,9,13],"tags":[],"class_list":["post-15452","post","type-post","status-publish","format-standard","has-post-thumbnail","hentry","category-atualidade","category-em-foco","category-escola-paulo-quintela"],"_links":{"self":[{"href":"https:\/\/bojornal.pt\/index.php?rest_route=\/wp\/v2\/posts\/15452","targetHints":{"allow":["GET"]}}],"collection":[{"href":"https:\/\/bojornal.pt\/index.php?rest_route=\/wp\/v2\/posts"}],"about":[{"href":"https:\/\/bojornal.pt\/index.php?rest_route=\/wp\/v2\/types\/post"}],"author":[{"embeddable":true,"href":"https:\/\/bojornal.pt\/index.php?rest_route=\/wp\/v2\/users\/2"}],"replies":[{"embeddable":true,"href":"https:\/\/bojornal.pt\/index.php?rest_route=%2Fwp%2Fv2%2Fcomments&post=15452"}],"version-history":[{"count":3,"href":"https:\/\/bojornal.pt\/index.php?rest_route=\/wp\/v2\/posts\/15452\/revisions"}],"predecessor-version":[{"id":15460,"href":"https:\/\/bojornal.pt\/index.php?rest_route=\/wp\/v2\/posts\/15452\/revisions\/15460"}],"wp:featuredmedia":[{"embeddable":true,"href":"https:\/\/bojornal.pt\/index.php?rest_route=\/wp\/v2\/media\/15453"}],"wp:attachment":[{"href":"https:\/\/bojornal.pt\/index.php?rest_route=%2Fwp%2Fv2%2Fmedia&parent=15452"}],"wp:term":[{"taxonomy":"category","embeddable":true,"href":"https:\/\/bojornal.pt\/index.php?rest_route=%2Fwp%2Fv2%2Fcategories&post=15452"},{"taxonomy":"post_tag","embeddable":true,"href":"https:\/\/bojornal.pt\/index.php?rest_route=%2Fwp%2Fv2%2Ftags&post=15452"}],"curies":[{"name":"wp","href":"https:\/\/api.w.org\/{rel}","templated":true}]}}