{"id":15445,"date":"2025-06-26T22:35:03","date_gmt":"2025-06-26T21:35:03","guid":{"rendered":"https:\/\/bojornal.pt\/?p=15445"},"modified":"2025-07-06T11:06:45","modified_gmt":"2025-07-06T10:06:45","slug":"escola-aberta","status":"publish","type":"post","link":"https:\/\/bojornal.pt\/?p=15445","title":{"rendered":"Escola Aberta"},"content":{"rendered":"\n<p><strong><em>Alunos do 4.\u00ba ano visitam a Escola Paulo Quintela<\/em><\/strong> <\/p>\n\n\n\n<figure class=\"wp-block-gallery has-nested-images columns-default is-cropped wp-block-gallery-1 is-layout-flex wp-block-gallery-is-layout-flex\">\n<figure class=\"wp-block-image size-large\"><img loading=\"lazy\" decoding=\"async\" width=\"461\" height=\"1024\" data-id=\"15449\" src=\"https:\/\/bojornal.pt\/wp-content\/uploads\/2025\/07\/99_Escola-Aberta-PQ-2-461x1024.jpg\" alt=\"\" class=\"wp-image-15449\" srcset=\"https:\/\/bojornal.pt\/wp-content\/uploads\/2025\/07\/99_Escola-Aberta-PQ-2-461x1024.jpg 461w, https:\/\/bojornal.pt\/wp-content\/uploads\/2025\/07\/99_Escola-Aberta-PQ-2-135x300.jpg 135w, https:\/\/bojornal.pt\/wp-content\/uploads\/2025\/07\/99_Escola-Aberta-PQ-2-68x150.jpg 68w, https:\/\/bojornal.pt\/wp-content\/uploads\/2025\/07\/99_Escola-Aberta-PQ-2-691x1536.jpg 691w, https:\/\/bojornal.pt\/wp-content\/uploads\/2025\/07\/99_Escola-Aberta-PQ-2.jpg 720w\" sizes=\"auto, (max-width: 461px) 100vw, 461px\" \/><\/figure>\n\n\n\n<figure class=\"wp-block-image size-large\"><img loading=\"lazy\" decoding=\"async\" width=\"1024\" height=\"461\" data-id=\"15446\" src=\"https:\/\/bojornal.pt\/wp-content\/uploads\/2025\/07\/99_Escola-Aberta-PQ-3-1024x461.jpg\" alt=\"\" class=\"wp-image-15446\" srcset=\"https:\/\/bojornal.pt\/wp-content\/uploads\/2025\/07\/99_Escola-Aberta-PQ-3-1024x461.jpg 1024w, https:\/\/bojornal.pt\/wp-content\/uploads\/2025\/07\/99_Escola-Aberta-PQ-3-300x135.jpg 300w, https:\/\/bojornal.pt\/wp-content\/uploads\/2025\/07\/99_Escola-Aberta-PQ-3-150x68.jpg 150w, https:\/\/bojornal.pt\/wp-content\/uploads\/2025\/07\/99_Escola-Aberta-PQ-3-768x346.jpg 768w, https:\/\/bojornal.pt\/wp-content\/uploads\/2025\/07\/99_Escola-Aberta-PQ-3-1536x691.jpg 1536w, https:\/\/bojornal.pt\/wp-content\/uploads\/2025\/07\/99_Escola-Aberta-PQ-3.jpg 1600w\" sizes=\"auto, (max-width: 1024px) 100vw, 1024px\" \/><\/figure>\n\n\n\n<figure class=\"wp-block-image size-large\"><img loading=\"lazy\" decoding=\"async\" width=\"461\" height=\"1024\" data-id=\"15447\" src=\"https:\/\/bojornal.pt\/wp-content\/uploads\/2025\/07\/99_Escola-Aberta-PQ-4-461x1024.jpg\" alt=\"\" class=\"wp-image-15447\" srcset=\"https:\/\/bojornal.pt\/wp-content\/uploads\/2025\/07\/99_Escola-Aberta-PQ-4-461x1024.jpg 461w, https:\/\/bojornal.pt\/wp-content\/uploads\/2025\/07\/99_Escola-Aberta-PQ-4-135x300.jpg 135w, https:\/\/bojornal.pt\/wp-content\/uploads\/2025\/07\/99_Escola-Aberta-PQ-4-68x150.jpg 68w, https:\/\/bojornal.pt\/wp-content\/uploads\/2025\/07\/99_Escola-Aberta-PQ-4-691x1536.jpg 691w, https:\/\/bojornal.pt\/wp-content\/uploads\/2025\/07\/99_Escola-Aberta-PQ-4.jpg 720w\" sizes=\"auto, (max-width: 461px) 100vw, 461px\" \/><\/figure>\n\n\n\n<figure class=\"wp-block-image size-large\"><img loading=\"lazy\" decoding=\"async\" width=\"1024\" height=\"461\" data-id=\"15448\" src=\"https:\/\/bojornal.pt\/wp-content\/uploads\/2025\/07\/99_Escola-Aberta-PQ-5-1024x461.jpg\" alt=\"\" class=\"wp-image-15448\" srcset=\"https:\/\/bojornal.pt\/wp-content\/uploads\/2025\/07\/99_Escola-Aberta-PQ-5-1024x461.jpg 1024w, https:\/\/bojornal.pt\/wp-content\/uploads\/2025\/07\/99_Escola-Aberta-PQ-5-300x135.jpg 300w, https:\/\/bojornal.pt\/wp-content\/uploads\/2025\/07\/99_Escola-Aberta-PQ-5-150x68.jpg 150w, https:\/\/bojornal.pt\/wp-content\/uploads\/2025\/07\/99_Escola-Aberta-PQ-5-768x346.jpg 768w, https:\/\/bojornal.pt\/wp-content\/uploads\/2025\/07\/99_Escola-Aberta-PQ-5-1536x691.jpg 1536w, https:\/\/bojornal.pt\/wp-content\/uploads\/2025\/07\/99_Escola-Aberta-PQ-5.jpg 1600w\" sizes=\"auto, (max-width: 1024px) 100vw, 1024px\" \/><\/figure>\n<\/figure>\n\n\n\n<figure class=\"wp-block-image size-large\"><img loading=\"lazy\" decoding=\"async\" width=\"1024\" height=\"461\" src=\"https:\/\/bojornal.pt\/wp-content\/uploads\/2025\/07\/99_Escola-Aberta-PQ-6-1024x461.jpg\" alt=\"\" class=\"wp-image-15450\" srcset=\"https:\/\/bojornal.pt\/wp-content\/uploads\/2025\/07\/99_Escola-Aberta-PQ-6-1024x461.jpg 1024w, https:\/\/bojornal.pt\/wp-content\/uploads\/2025\/07\/99_Escola-Aberta-PQ-6-300x135.jpg 300w, https:\/\/bojornal.pt\/wp-content\/uploads\/2025\/07\/99_Escola-Aberta-PQ-6-150x68.jpg 150w, https:\/\/bojornal.pt\/wp-content\/uploads\/2025\/07\/99_Escola-Aberta-PQ-6-768x346.jpg 768w, https:\/\/bojornal.pt\/wp-content\/uploads\/2025\/07\/99_Escola-Aberta-PQ-6-1536x691.jpg 1536w, https:\/\/bojornal.pt\/wp-content\/uploads\/2025\/07\/99_Escola-Aberta-PQ-6.jpg 1600w\" sizes=\"auto, (max-width: 1024px) 100vw, 1024px\" \/><\/figure>\n\n\n\n<p>A Escola B\u00e1sica Paulo Quintela, do Agrupamento de Escolas Em\u00eddio Garcia, acolheu, no passado dia 23 de junho de 2025, a partir das 14h30, cerca de 150 alunos do 4.\u00ba ano de escolaridade, acompanhados pelos respetivos professores, no \u00e2mbito da edi\u00e7\u00e3o deste ano da iniciativa \u201cEscola Aberta\u201d. Participaram escolas do 1.\u00ba ciclo pertencentes ao Agrupamento de Escolas Em\u00eddio Garcia, bem como col\u00e9gios da cidade de Bragan\u00e7a.<\/p>\n\n\n\n<p>Ao longo da tarde, os alunos foram acompanhados em visitas guiadas \u00e0s instala\u00e7\u00f5es da Escola B\u00e1sica Paulo Quintela, tendo oportunidade de conhecer os principais espa\u00e7os de aprendizagem: salas de aula, laborat\u00f3rios, biblioteca, gin\u00e1sio, espa\u00e7os de conv\u00edvio e exteriores. Esta a\u00e7\u00e3o visou proporcionar um primeiro contacto com o ambiente escolar do 2.\u00ba ciclo, facilitando uma futura transi\u00e7\u00e3o mais tranquila e positiva.<\/p>\n\n\n\n<p>Um dos momentos mais aguardados foi, sem d\u00favida, o espet\u00e1culo apresentado pela equipa cinot\u00e9cnica da PSP, que realizou uma demonstra\u00e7\u00e3o pr\u00e1tica com c\u00e3es-pol\u00edcia, evidenciando t\u00e9cnicas de obedi\u00eancia, busca e dete\u00e7\u00e3o. Esta participa\u00e7\u00e3o teve um forte impacto junto dos alunos, despertando curiosidade, entusiasmo e admira\u00e7\u00e3o, al\u00e9m de sensibilizar para a import\u00e2ncia do trabalho desenvolvido pelas for\u00e7as de seguran\u00e7a.<\/p>\n\n\n\n<p>No final da visita, foram distribu\u00eddas lembran\u00e7as a todos os alunos, como forma de assinalar a sua presen\u00e7a e agradecer a participa\u00e7\u00e3o ativa e entusiasta.<\/p>\n\n\n\n<p>A iniciativa \u201cEscola Aberta\u201d foi organizada pelos professores do grupo disciplinar de Matem\u00e1tica e Ci\u00eancias Naturais (230), que asseguraram o acolhimento dos grupos visitantes e coordenaram toda a log\u00edstica do evento. A colabora\u00e7\u00e3o da PSP de Bragan\u00e7a, este ano, foi um dos momentos altos da programa\u00e7\u00e3o, contribuindo significativamente para o dinamismo e sucesso da atividade.<\/p>\n","protected":false},"excerpt":{"rendered":"<p>Alunos do 4.\u00ba ano visitam a Escola Paulo Quintela A Escola B\u00e1sica Paulo Quintela, do Agrupamento de Escolas Em\u00eddio Garcia, acolheu, no passado dia 23 de junho de 2025, a partir das 14h30, cerca&#46;&#46;&#46;<\/p>\n","protected":false},"author":2,"featured_media":15448,"comment_status":"closed","ping_status":"open","sticky":false,"template":"","format":"standard","meta":{"footnotes":""},"categories":[14,2,9,13],"tags":[],"class_list":["post-15445","post","type-post","status-publish","format-standard","has-post-thumbnail","hentry","category-1o-ciclo","category-atualidade","category-em-foco","category-escola-paulo-quintela"],"_links":{"self":[{"href":"https:\/\/bojornal.pt\/index.php?rest_route=\/wp\/v2\/posts\/15445","targetHints":{"allow":["GET"]}}],"collection":[{"href":"https:\/\/bojornal.pt\/index.php?rest_route=\/wp\/v2\/posts"}],"about":[{"href":"https:\/\/bojornal.pt\/index.php?rest_route=\/wp\/v2\/types\/post"}],"author":[{"embeddable":true,"href":"https:\/\/bojornal.pt\/index.php?rest_route=\/wp\/v2\/users\/2"}],"replies":[{"embeddable":true,"href":"https:\/\/bojornal.pt\/index.php?rest_route=%2Fwp%2Fv2%2Fcomments&post=15445"}],"version-history":[{"count":1,"href":"https:\/\/bojornal.pt\/index.php?rest_route=\/wp\/v2\/posts\/15445\/revisions"}],"predecessor-version":[{"id":15451,"href":"https:\/\/bojornal.pt\/index.php?rest_route=\/wp\/v2\/posts\/15445\/revisions\/15451"}],"wp:featuredmedia":[{"embeddable":true,"href":"https:\/\/bojornal.pt\/index.php?rest_route=\/wp\/v2\/media\/15448"}],"wp:attachment":[{"href":"https:\/\/bojornal.pt\/index.php?rest_route=%2Fwp%2Fv2%2Fmedia&parent=15445"}],"wp:term":[{"taxonomy":"category","embeddable":true,"href":"https:\/\/bojornal.pt\/index.php?rest_route=%2Fwp%2Fv2%2Fcategories&post=15445"},{"taxonomy":"post_tag","embeddable":true,"href":"https:\/\/bojornal.pt\/index.php?rest_route=%2Fwp%2Fv2%2Ftags&post=15445"}],"curies":[{"name":"wp","href":"https:\/\/api.w.org\/{rel}","templated":true}]}}