{"id":15422,"date":"2025-05-04T17:12:13","date_gmt":"2025-05-04T16:12:13","guid":{"rendered":"https:\/\/bojornal.pt\/?p=15422"},"modified":"2025-05-17T17:24:52","modified_gmt":"2025-05-17T16:24:52","slug":"alunos-de-11-oano-visitam-valencia","status":"publish","type":"post","link":"https:\/\/bojornal.pt\/?p=15422","title":{"rendered":"Alunos de 11.\u00baano visitam Val\u00eancia"},"content":{"rendered":"\n<figure class=\"wp-block-gallery has-nested-images columns-default is-cropped wp-block-gallery-1 is-layout-flex wp-block-gallery-is-layout-flex\">\n<figure class=\"wp-block-image size-large\"><img loading=\"lazy\" decoding=\"async\" width=\"768\" height=\"1024\" data-id=\"15429\" src=\"https:\/\/bojornal.pt\/wp-content\/uploads\/2025\/05\/58_Visita-a-Valencia-1-768x1024.jpeg\" alt=\"\" class=\"wp-image-15429\" srcset=\"https:\/\/bojornal.pt\/wp-content\/uploads\/2025\/05\/58_Visita-a-Valencia-1-768x1024.jpeg 768w, https:\/\/bojornal.pt\/wp-content\/uploads\/2025\/05\/58_Visita-a-Valencia-1-225x300.jpeg 225w, https:\/\/bojornal.pt\/wp-content\/uploads\/2025\/05\/58_Visita-a-Valencia-1-113x150.jpeg 113w, https:\/\/bojornal.pt\/wp-content\/uploads\/2025\/05\/58_Visita-a-Valencia-1-1152x1536.jpeg 1152w, https:\/\/bojornal.pt\/wp-content\/uploads\/2025\/05\/58_Visita-a-Valencia-1.jpeg 1536w\" sizes=\"auto, (max-width: 768px) 100vw, 768px\" \/><\/figure>\n\n\n\n<figure class=\"wp-block-image size-large\"><img loading=\"lazy\" decoding=\"async\" width=\"461\" height=\"1024\" data-id=\"15433\" src=\"https:\/\/bojornal.pt\/wp-content\/uploads\/2025\/05\/58_Visita-a-Valencia-2-461x1024.jpeg\" alt=\"\" class=\"wp-image-15433\" srcset=\"https:\/\/bojornal.pt\/wp-content\/uploads\/2025\/05\/58_Visita-a-Valencia-2-461x1024.jpeg 461w, https:\/\/bojornal.pt\/wp-content\/uploads\/2025\/05\/58_Visita-a-Valencia-2-135x300.jpeg 135w, https:\/\/bojornal.pt\/wp-content\/uploads\/2025\/05\/58_Visita-a-Valencia-2-68x150.jpeg 68w, https:\/\/bojornal.pt\/wp-content\/uploads\/2025\/05\/58_Visita-a-Valencia-2-691x1536.jpeg 691w, https:\/\/bojornal.pt\/wp-content\/uploads\/2025\/05\/58_Visita-a-Valencia-2.jpeg 720w\" sizes=\"auto, (max-width: 461px) 100vw, 461px\" \/><\/figure>\n\n\n\n<figure class=\"wp-block-image size-large\"><img loading=\"lazy\" decoding=\"async\" width=\"461\" height=\"1024\" data-id=\"15424\" src=\"https:\/\/bojornal.pt\/wp-content\/uploads\/2025\/05\/58_Visita-a-Valencia-3-461x1024.jpeg\" alt=\"\" class=\"wp-image-15424\" srcset=\"https:\/\/bojornal.pt\/wp-content\/uploads\/2025\/05\/58_Visita-a-Valencia-3-461x1024.jpeg 461w, https:\/\/bojornal.pt\/wp-content\/uploads\/2025\/05\/58_Visita-a-Valencia-3-135x300.jpeg 135w, https:\/\/bojornal.pt\/wp-content\/uploads\/2025\/05\/58_Visita-a-Valencia-3-68x150.jpeg 68w, https:\/\/bojornal.pt\/wp-content\/uploads\/2025\/05\/58_Visita-a-Valencia-3-691x1536.jpeg 691w, https:\/\/bojornal.pt\/wp-content\/uploads\/2025\/05\/58_Visita-a-Valencia-3.jpeg 720w\" sizes=\"auto, (max-width: 461px) 100vw, 461px\" \/><\/figure>\n\n\n\n<figure class=\"wp-block-image size-large\"><img loading=\"lazy\" decoding=\"async\" width=\"461\" height=\"1024\" data-id=\"15432\" src=\"https:\/\/bojornal.pt\/wp-content\/uploads\/2025\/05\/58_Visita-a-Valencia-4-461x1024.jpeg\" alt=\"\" class=\"wp-image-15432\" srcset=\"https:\/\/bojornal.pt\/wp-content\/uploads\/2025\/05\/58_Visita-a-Valencia-4-461x1024.jpeg 461w, https:\/\/bojornal.pt\/wp-content\/uploads\/2025\/05\/58_Visita-a-Valencia-4-135x300.jpeg 135w, https:\/\/bojornal.pt\/wp-content\/uploads\/2025\/05\/58_Visita-a-Valencia-4-68x150.jpeg 68w, https:\/\/bojornal.pt\/wp-content\/uploads\/2025\/05\/58_Visita-a-Valencia-4-691x1536.jpeg 691w, https:\/\/bojornal.pt\/wp-content\/uploads\/2025\/05\/58_Visita-a-Valencia-4.jpeg 720w\" sizes=\"auto, (max-width: 461px) 100vw, 461px\" \/><\/figure>\n\n\n\n<figure class=\"wp-block-image size-large\"><img loading=\"lazy\" decoding=\"async\" width=\"461\" height=\"1024\" data-id=\"15430\" src=\"https:\/\/bojornal.pt\/wp-content\/uploads\/2025\/05\/58_Visita-a-Valencia-5-461x1024.jpeg\" alt=\"\" class=\"wp-image-15430\" srcset=\"https:\/\/bojornal.pt\/wp-content\/uploads\/2025\/05\/58_Visita-a-Valencia-5-461x1024.jpeg 461w, https:\/\/bojornal.pt\/wp-content\/uploads\/2025\/05\/58_Visita-a-Valencia-5-135x300.jpeg 135w, https:\/\/bojornal.pt\/wp-content\/uploads\/2025\/05\/58_Visita-a-Valencia-5-68x150.jpeg 68w, https:\/\/bojornal.pt\/wp-content\/uploads\/2025\/05\/58_Visita-a-Valencia-5-691x1536.jpeg 691w, https:\/\/bojornal.pt\/wp-content\/uploads\/2025\/05\/58_Visita-a-Valencia-5.jpeg 720w\" sizes=\"auto, (max-width: 461px) 100vw, 461px\" \/><\/figure>\n\n\n\n<figure class=\"wp-block-image size-large\"><img loading=\"lazy\" decoding=\"async\" width=\"1024\" height=\"461\" data-id=\"15423\" src=\"https:\/\/bojornal.pt\/wp-content\/uploads\/2025\/05\/58_Visita-a-Valencia-6-1024x461.jpeg\" alt=\"\" class=\"wp-image-15423\" srcset=\"https:\/\/bojornal.pt\/wp-content\/uploads\/2025\/05\/58_Visita-a-Valencia-6-1024x461.jpeg 1024w, https:\/\/bojornal.pt\/wp-content\/uploads\/2025\/05\/58_Visita-a-Valencia-6-300x135.jpeg 300w, https:\/\/bojornal.pt\/wp-content\/uploads\/2025\/05\/58_Visita-a-Valencia-6-150x68.jpeg 150w, https:\/\/bojornal.pt\/wp-content\/uploads\/2025\/05\/58_Visita-a-Valencia-6-768x346.jpeg 768w, https:\/\/bojornal.pt\/wp-content\/uploads\/2025\/05\/58_Visita-a-Valencia-6-1536x691.jpeg 1536w, https:\/\/bojornal.pt\/wp-content\/uploads\/2025\/05\/58_Visita-a-Valencia-6.jpeg 1600w\" sizes=\"auto, (max-width: 1024px) 100vw, 1024px\" \/><\/figure>\n\n\n\n<figure class=\"wp-block-image size-large\"><img loading=\"lazy\" decoding=\"async\" width=\"461\" height=\"1024\" data-id=\"15428\" src=\"https:\/\/bojornal.pt\/wp-content\/uploads\/2025\/05\/58_Visita-a-Valencia-7-461x1024.jpeg\" alt=\"\" class=\"wp-image-15428\" srcset=\"https:\/\/bojornal.pt\/wp-content\/uploads\/2025\/05\/58_Visita-a-Valencia-7-461x1024.jpeg 461w, https:\/\/bojornal.pt\/wp-content\/uploads\/2025\/05\/58_Visita-a-Valencia-7-135x300.jpeg 135w, https:\/\/bojornal.pt\/wp-content\/uploads\/2025\/05\/58_Visita-a-Valencia-7-68x150.jpeg 68w, https:\/\/bojornal.pt\/wp-content\/uploads\/2025\/05\/58_Visita-a-Valencia-7-691x1536.jpeg 691w, https:\/\/bojornal.pt\/wp-content\/uploads\/2025\/05\/58_Visita-a-Valencia-7.jpeg 720w\" sizes=\"auto, (max-width: 461px) 100vw, 461px\" \/><\/figure>\n\n\n\n<figure class=\"wp-block-image size-large\"><img loading=\"lazy\" decoding=\"async\" width=\"768\" height=\"1024\" data-id=\"15426\" src=\"https:\/\/bojornal.pt\/wp-content\/uploads\/2025\/05\/58_Visita-a-Valencia-8-768x1024.jpeg\" alt=\"\" class=\"wp-image-15426\" srcset=\"https:\/\/bojornal.pt\/wp-content\/uploads\/2025\/05\/58_Visita-a-Valencia-8-768x1024.jpeg 768w, https:\/\/bojornal.pt\/wp-content\/uploads\/2025\/05\/58_Visita-a-Valencia-8-225x300.jpeg 225w, https:\/\/bojornal.pt\/wp-content\/uploads\/2025\/05\/58_Visita-a-Valencia-8-113x150.jpeg 113w, https:\/\/bojornal.pt\/wp-content\/uploads\/2025\/05\/58_Visita-a-Valencia-8-1152x1536.jpeg 1152w, https:\/\/bojornal.pt\/wp-content\/uploads\/2025\/05\/58_Visita-a-Valencia-8.jpeg 1536w\" sizes=\"auto, (max-width: 768px) 100vw, 768px\" \/><\/figure>\n\n\n\n<figure class=\"wp-block-image size-large\"><img loading=\"lazy\" decoding=\"async\" width=\"768\" height=\"1024\" data-id=\"15436\" src=\"https:\/\/bojornal.pt\/wp-content\/uploads\/2025\/05\/58_Visita-a-Valencia-9-768x1024.jpeg\" alt=\"\" class=\"wp-image-15436\" srcset=\"https:\/\/bojornal.pt\/wp-content\/uploads\/2025\/05\/58_Visita-a-Valencia-9-768x1024.jpeg 768w, https:\/\/bojornal.pt\/wp-content\/uploads\/2025\/05\/58_Visita-a-Valencia-9-225x300.jpeg 225w, https:\/\/bojornal.pt\/wp-content\/uploads\/2025\/05\/58_Visita-a-Valencia-9-113x150.jpeg 113w, https:\/\/bojornal.pt\/wp-content\/uploads\/2025\/05\/58_Visita-a-Valencia-9-1152x1536.jpeg 1152w, https:\/\/bojornal.pt\/wp-content\/uploads\/2025\/05\/58_Visita-a-Valencia-9.jpeg 1536w\" sizes=\"auto, (max-width: 768px) 100vw, 768px\" \/><\/figure>\n\n\n\n<figure class=\"wp-block-image size-large\"><img loading=\"lazy\" decoding=\"async\" width=\"576\" height=\"1024\" data-id=\"15431\" src=\"https:\/\/bojornal.pt\/wp-content\/uploads\/2025\/05\/58_Visita-a-Valencia-10-576x1024.jpeg\" alt=\"\" class=\"wp-image-15431\" srcset=\"https:\/\/bojornal.pt\/wp-content\/uploads\/2025\/05\/58_Visita-a-Valencia-10-576x1024.jpeg 576w, https:\/\/bojornal.pt\/wp-content\/uploads\/2025\/05\/58_Visita-a-Valencia-10-169x300.jpeg 169w, https:\/\/bojornal.pt\/wp-content\/uploads\/2025\/05\/58_Visita-a-Valencia-10-84x150.jpeg 84w, https:\/\/bojornal.pt\/wp-content\/uploads\/2025\/05\/58_Visita-a-Valencia-10-768x1365.jpeg 768w, https:\/\/bojornal.pt\/wp-content\/uploads\/2025\/05\/58_Visita-a-Valencia-10-864x1536.jpeg 864w, https:\/\/bojornal.pt\/wp-content\/uploads\/2025\/05\/58_Visita-a-Valencia-10.jpeg 1152w\" sizes=\"auto, (max-width: 576px) 100vw, 576px\" \/><\/figure>\n<\/figure>\n\n\n\n<figure class=\"wp-block-image size-large\"><img loading=\"lazy\" decoding=\"async\" width=\"1024\" height=\"461\" src=\"https:\/\/bojornal.pt\/wp-content\/uploads\/2025\/05\/58_Visita-a-Valencia-19-1-1024x461.jpeg\" alt=\"\" class=\"wp-image-15437\" srcset=\"https:\/\/bojornal.pt\/wp-content\/uploads\/2025\/05\/58_Visita-a-Valencia-19-1-1024x461.jpeg 1024w, https:\/\/bojornal.pt\/wp-content\/uploads\/2025\/05\/58_Visita-a-Valencia-19-1-300x135.jpeg 300w, https:\/\/bojornal.pt\/wp-content\/uploads\/2025\/05\/58_Visita-a-Valencia-19-1-150x67.jpeg 150w, https:\/\/bojornal.pt\/wp-content\/uploads\/2025\/05\/58_Visita-a-Valencia-19-1-768x345.jpeg 768w, https:\/\/bojornal.pt\/wp-content\/uploads\/2025\/05\/58_Visita-a-Valencia-19-1-1536x691.jpeg 1536w, https:\/\/bojornal.pt\/wp-content\/uploads\/2025\/05\/58_Visita-a-Valencia-19-1.jpeg 2048w\" sizes=\"auto, (max-width: 1024px) 100vw, 1024px\" \/><\/figure>\n\n\n\n<p>Val\u00eancia foi o destino dos cerca de 70 alunos de 11.\u00baano que participaram nesta visita de estudo, organizada pelas disciplinas de Espanhol e Educa\u00e7\u00e3o Moral e Religiosa Cat\u00f3lica. Durante quatro dias, os jovens estudantes tiveram a oportunidade de aprofundar os seus conhecimentos em diversas \u00e1reas, desde a arte, \u00e0s ci\u00eancias, passando pelo patrim\u00f3nio e cultura. <\/p>\n\n\n\n<p>De entre as diversas visitas, os participantes destacaram a Cidade das Artes e das Ci\u00eancias,o Oceanografic; a Catedral de S. Maria de Val\u00eancia; o Museu de Belas Artes de Val\u00eancia; o Mercado Central, o Porto e a Marina de Val\u00eancia.<\/p>\n\n\n\n<p><\/p>\n\n\n\n<p><\/p>\n","protected":false},"excerpt":{"rendered":"<p>Val\u00eancia foi o destino dos cerca de 70 alunos de 11.\u00baano que participaram nesta visita de estudo, organizada pelas disciplinas de Espanhol e Educa\u00e7\u00e3o Moral e Religiosa Cat\u00f3lica. Durante quatro dias, os jovens estudantes&#46;&#46;&#46;<\/p>\n","protected":false},"author":2,"featured_media":15437,"comment_status":"closed","ping_status":"open","sticky":false,"template":"","format":"standard","meta":{"footnotes":""},"categories":[2],"tags":[],"class_list":["post-15422","post","type-post","status-publish","format-standard","has-post-thumbnail","hentry","category-atualidade"],"_links":{"self":[{"href":"https:\/\/bojornal.pt\/index.php?rest_route=\/wp\/v2\/posts\/15422","targetHints":{"allow":["GET"]}}],"collection":[{"href":"https:\/\/bojornal.pt\/index.php?rest_route=\/wp\/v2\/posts"}],"about":[{"href":"https:\/\/bojornal.pt\/index.php?rest_route=\/wp\/v2\/types\/post"}],"author":[{"embeddable":true,"href":"https:\/\/bojornal.pt\/index.php?rest_route=\/wp\/v2\/users\/2"}],"replies":[{"embeddable":true,"href":"https:\/\/bojornal.pt\/index.php?rest_route=%2Fwp%2Fv2%2Fcomments&post=15422"}],"version-history":[{"count":0,"href":"https:\/\/bojornal.pt\/index.php?rest_route=\/wp\/v2\/posts\/15422\/revisions"}],"wp:featuredmedia":[{"embeddable":true,"href":"https:\/\/bojornal.pt\/index.php?rest_route=\/wp\/v2\/media\/15437"}],"wp:attachment":[{"href":"https:\/\/bojornal.pt\/index.php?rest_route=%2Fwp%2Fv2%2Fmedia&parent=15422"}],"wp:term":[{"taxonomy":"category","embeddable":true,"href":"https:\/\/bojornal.pt\/index.php?rest_route=%2Fwp%2Fv2%2Fcategories&post=15422"},{"taxonomy":"post_tag","embeddable":true,"href":"https:\/\/bojornal.pt\/index.php?rest_route=%2Fwp%2Fv2%2Ftags&post=15422"}],"curies":[{"name":"wp","href":"https:\/\/api.w.org\/{rel}","templated":true}]}}