{"id":15412,"date":"2025-05-01T16:30:14","date_gmt":"2025-05-01T15:30:14","guid":{"rendered":"https:\/\/bojornal.pt\/?p=15412"},"modified":"2025-05-17T17:07:02","modified_gmt":"2025-05-17T16:07:02","slug":"finalistas-visitam-roma-2","status":"publish","type":"post","link":"https:\/\/bojornal.pt\/?p=15412","title":{"rendered":"Finalistas visitam Roma"},"content":{"rendered":"\n<p><strong><em>Viagem dos alunos de 12.\u00baano \u00e0 &#8220;Cidade Eterna&#8221; coincide com morte do Papa Francisco <\/em><\/strong><\/p>\n\n\n\n<figure class=\"wp-block-gallery has-nested-images columns-default is-cropped wp-block-gallery-1 is-layout-flex wp-block-gallery-is-layout-flex\">\n<figure class=\"wp-block-image size-large\"><img loading=\"lazy\" decoding=\"async\" width=\"1024\" height=\"683\" data-id=\"15419\" src=\"https:\/\/bojornal.pt\/wp-content\/uploads\/2025\/05\/20250424_095624000_iOS-1024x683.jpg\" alt=\"\" class=\"wp-image-15419\" srcset=\"https:\/\/bojornal.pt\/wp-content\/uploads\/2025\/05\/20250424_095624000_iOS-1024x683.jpg 1024w, https:\/\/bojornal.pt\/wp-content\/uploads\/2025\/05\/20250424_095624000_iOS-300x200.jpg 300w, https:\/\/bojornal.pt\/wp-content\/uploads\/2025\/05\/20250424_095624000_iOS-150x100.jpg 150w, https:\/\/bojornal.pt\/wp-content\/uploads\/2025\/05\/20250424_095624000_iOS-768x512.jpg 768w, https:\/\/bojornal.pt\/wp-content\/uploads\/2025\/05\/20250424_095624000_iOS-1536x1024.jpg 1536w, https:\/\/bojornal.pt\/wp-content\/uploads\/2025\/05\/20250424_095624000_iOS-2048x1365.jpg 2048w\" sizes=\"auto, (max-width: 1024px) 100vw, 1024px\" \/><\/figure>\n\n\n\n<figure class=\"wp-block-image size-large\"><img loading=\"lazy\" decoding=\"async\" width=\"1024\" height=\"683\" data-id=\"15420\" src=\"https:\/\/bojornal.pt\/wp-content\/uploads\/2025\/05\/20250424_100218000_iOS-1024x683.jpg\" alt=\"\" class=\"wp-image-15420\" srcset=\"https:\/\/bojornal.pt\/wp-content\/uploads\/2025\/05\/20250424_100218000_iOS-1024x683.jpg 1024w, https:\/\/bojornal.pt\/wp-content\/uploads\/2025\/05\/20250424_100218000_iOS-300x200.jpg 300w, https:\/\/bojornal.pt\/wp-content\/uploads\/2025\/05\/20250424_100218000_iOS-150x100.jpg 150w, https:\/\/bojornal.pt\/wp-content\/uploads\/2025\/05\/20250424_100218000_iOS-768x512.jpg 768w, https:\/\/bojornal.pt\/wp-content\/uploads\/2025\/05\/20250424_100218000_iOS-1536x1024.jpg 1536w, https:\/\/bojornal.pt\/wp-content\/uploads\/2025\/05\/20250424_100218000_iOS-2048x1365.jpg 2048w\" sizes=\"auto, (max-width: 1024px) 100vw, 1024px\" \/><\/figure>\n\n\n\n<figure class=\"wp-block-image size-large\"><img loading=\"lazy\" decoding=\"async\" width=\"1024\" height=\"768\" data-id=\"15417\" src=\"https:\/\/bojornal.pt\/wp-content\/uploads\/2025\/05\/Visita-a-Roma2-1024x768.jpg\" alt=\"\" class=\"wp-image-15417\" srcset=\"https:\/\/bojornal.pt\/wp-content\/uploads\/2025\/05\/Visita-a-Roma2-1024x768.jpg 1024w, https:\/\/bojornal.pt\/wp-content\/uploads\/2025\/05\/Visita-a-Roma2-300x225.jpg 300w, https:\/\/bojornal.pt\/wp-content\/uploads\/2025\/05\/Visita-a-Roma2-150x113.jpg 150w, https:\/\/bojornal.pt\/wp-content\/uploads\/2025\/05\/Visita-a-Roma2-768x576.jpg 768w, https:\/\/bojornal.pt\/wp-content\/uploads\/2025\/05\/Visita-a-Roma2-1536x1152.jpg 1536w, https:\/\/bojornal.pt\/wp-content\/uploads\/2025\/05\/Visita-a-Roma2.jpg 2040w\" sizes=\"auto, (max-width: 1024px) 100vw, 1024px\" \/><\/figure>\n\n\n\n<figure class=\"wp-block-image size-large\"><img loading=\"lazy\" decoding=\"async\" width=\"1024\" height=\"768\" data-id=\"15418\" src=\"https:\/\/bojornal.pt\/wp-content\/uploads\/2025\/05\/Visita-a-Roma3-1024x768.jpg\" alt=\"\" class=\"wp-image-15418\" srcset=\"https:\/\/bojornal.pt\/wp-content\/uploads\/2025\/05\/Visita-a-Roma3-1024x768.jpg 1024w, https:\/\/bojornal.pt\/wp-content\/uploads\/2025\/05\/Visita-a-Roma3-300x225.jpg 300w, https:\/\/bojornal.pt\/wp-content\/uploads\/2025\/05\/Visita-a-Roma3-150x113.jpg 150w, https:\/\/bojornal.pt\/wp-content\/uploads\/2025\/05\/Visita-a-Roma3-768x576.jpg 768w, https:\/\/bojornal.pt\/wp-content\/uploads\/2025\/05\/Visita-a-Roma3-1536x1152.jpg 1536w, https:\/\/bojornal.pt\/wp-content\/uploads\/2025\/05\/Visita-a-Roma3.jpg 2000w\" sizes=\"auto, (max-width: 1024px) 100vw, 1024px\" \/><\/figure>\n\n\n\n<figure class=\"wp-block-image size-large\"><img loading=\"lazy\" decoding=\"async\" width=\"1024\" height=\"768\" data-id=\"15413\" src=\"https:\/\/bojornal.pt\/wp-content\/uploads\/2025\/05\/Visita-a-Roma4-1024x768.jpg\" alt=\"\" class=\"wp-image-15413\" srcset=\"https:\/\/bojornal.pt\/wp-content\/uploads\/2025\/05\/Visita-a-Roma4-1024x768.jpg 1024w, https:\/\/bojornal.pt\/wp-content\/uploads\/2025\/05\/Visita-a-Roma4-300x225.jpg 300w, https:\/\/bojornal.pt\/wp-content\/uploads\/2025\/05\/Visita-a-Roma4-150x113.jpg 150w, https:\/\/bojornal.pt\/wp-content\/uploads\/2025\/05\/Visita-a-Roma4-768x576.jpg 768w, https:\/\/bojornal.pt\/wp-content\/uploads\/2025\/05\/Visita-a-Roma4-1536x1152.jpg 1536w, https:\/\/bojornal.pt\/wp-content\/uploads\/2025\/05\/Visita-a-Roma4.jpg 2040w\" sizes=\"auto, (max-width: 1024px) 100vw, 1024px\" \/><\/figure>\n\n\n\n<figure class=\"wp-block-image size-large\"><img loading=\"lazy\" decoding=\"async\" width=\"1024\" height=\"683\" data-id=\"15416\" src=\"https:\/\/bojornal.pt\/wp-content\/uploads\/2025\/05\/Visita-a-Roma5-1024x683.jpg\" alt=\"\" class=\"wp-image-15416\" srcset=\"https:\/\/bojornal.pt\/wp-content\/uploads\/2025\/05\/Visita-a-Roma5-1024x683.jpg 1024w, https:\/\/bojornal.pt\/wp-content\/uploads\/2025\/05\/Visita-a-Roma5-300x200.jpg 300w, https:\/\/bojornal.pt\/wp-content\/uploads\/2025\/05\/Visita-a-Roma5-150x100.jpg 150w, https:\/\/bojornal.pt\/wp-content\/uploads\/2025\/05\/Visita-a-Roma5-768x512.jpg 768w, https:\/\/bojornal.pt\/wp-content\/uploads\/2025\/05\/Visita-a-Roma5-1536x1024.jpg 1536w, https:\/\/bojornal.pt\/wp-content\/uploads\/2025\/05\/Visita-a-Roma5.jpg 2048w\" sizes=\"auto, (max-width: 1024px) 100vw, 1024px\" \/><\/figure>\n\n\n\n<figure class=\"wp-block-image size-large\"><img loading=\"lazy\" decoding=\"async\" width=\"1024\" height=\"683\" data-id=\"15415\" src=\"https:\/\/bojornal.pt\/wp-content\/uploads\/2025\/05\/Visita-a-Roma6-1024x683.jpg\" alt=\"\" class=\"wp-image-15415\" srcset=\"https:\/\/bojornal.pt\/wp-content\/uploads\/2025\/05\/Visita-a-Roma6-1024x683.jpg 1024w, https:\/\/bojornal.pt\/wp-content\/uploads\/2025\/05\/Visita-a-Roma6-300x200.jpg 300w, https:\/\/bojornal.pt\/wp-content\/uploads\/2025\/05\/Visita-a-Roma6-150x100.jpg 150w, https:\/\/bojornal.pt\/wp-content\/uploads\/2025\/05\/Visita-a-Roma6-768x512.jpg 768w, https:\/\/bojornal.pt\/wp-content\/uploads\/2025\/05\/Visita-a-Roma6-1536x1024.jpg 1536w, https:\/\/bojornal.pt\/wp-content\/uploads\/2025\/05\/Visita-a-Roma6.jpg 2048w\" sizes=\"auto, (max-width: 1024px) 100vw, 1024px\" \/><\/figure>\n\n\n\n<figure class=\"wp-block-image size-large\"><img loading=\"lazy\" decoding=\"async\" width=\"768\" height=\"1024\" data-id=\"15414\" src=\"https:\/\/bojornal.pt\/wp-content\/uploads\/2025\/05\/WhatsApp-Image-2025-04-27-at-08.08.23-768x1024.jpeg\" alt=\"\" class=\"wp-image-15414\" srcset=\"https:\/\/bojornal.pt\/wp-content\/uploads\/2025\/05\/WhatsApp-Image-2025-04-27-at-08.08.23-768x1024.jpeg 768w, https:\/\/bojornal.pt\/wp-content\/uploads\/2025\/05\/WhatsApp-Image-2025-04-27-at-08.08.23-225x300.jpeg 225w, https:\/\/bojornal.pt\/wp-content\/uploads\/2025\/05\/WhatsApp-Image-2025-04-27-at-08.08.23-113x150.jpeg 113w, https:\/\/bojornal.pt\/wp-content\/uploads\/2025\/05\/WhatsApp-Image-2025-04-27-at-08.08.23-1152x1536.jpeg 1152w, https:\/\/bojornal.pt\/wp-content\/uploads\/2025\/05\/WhatsApp-Image-2025-04-27-at-08.08.23.jpeg 1530w\" sizes=\"auto, (max-width: 768px) 100vw, 768px\" \/><\/figure>\n<\/figure>\n\n\n\n<p>Os alunos de 12.\u00ba ano da Escola Em\u00eddio Garcia, inscritos em EMRC (Educa\u00e7\u00e3o Moral e Religiosa Cat\u00f3lica), realizaram uma visita de estudo a Roma e Vaticano, entre os dias 22 e 25 de abril de 2025. E se, esta, seria uma das visitas mais inesquec\u00edveis, tornou-se ainda mais desafiante para os 68 participantes, pelo inesperado falecimento do Papa Francisco. <\/p>\n\n\n\n<p>Os alunos tiveram a oportunidade de visitar o Coliseu, F\u00f3rum Romano e Circo M\u00e1ximo; o Pante\u00e3o; as igrejas de S. Lu\u00eds dos Franceses e Santa Maria do P\u00f3pulo, nas quais est\u00e3o algumas obras de Caravaggio; a igreja de S. Pedro in Vincoli; os museus do Vaticano, a Pra\u00e7a de S. Pedro. Por fim, o grupo do Liceu teve, ainda, oportunidade de prestar uma singela homenagem ao Papa Francisco.<\/p>\n\n\n\n<p><\/p>\n","protected":false},"excerpt":{"rendered":"<p>Viagem dos alunos de 12.\u00baano \u00e0 &#8220;Cidade Eterna&#8221; coincide com morte do Papa Francisco Os alunos de 12.\u00ba ano da Escola Em\u00eddio Garcia, inscritos em EMRC (Educa\u00e7\u00e3o Moral e Religiosa Cat\u00f3lica), realizaram uma visita&#46;&#46;&#46;<\/p>\n","protected":false},"author":2,"featured_media":15420,"comment_status":"closed","ping_status":"open","sticky":false,"template":"","format":"standard","meta":{"footnotes":""},"categories":[9,16],"tags":[],"class_list":["post-15412","post","type-post","status-publish","format-standard","has-post-thumbnail","hentry","category-em-foco","category-escola-secundaria-emidio-garcia"],"_links":{"self":[{"href":"https:\/\/bojornal.pt\/index.php?rest_route=\/wp\/v2\/posts\/15412","targetHints":{"allow":["GET"]}}],"collection":[{"href":"https:\/\/bojornal.pt\/index.php?rest_route=\/wp\/v2\/posts"}],"about":[{"href":"https:\/\/bojornal.pt\/index.php?rest_route=\/wp\/v2\/types\/post"}],"author":[{"embeddable":true,"href":"https:\/\/bojornal.pt\/index.php?rest_route=\/wp\/v2\/users\/2"}],"replies":[{"embeddable":true,"href":"https:\/\/bojornal.pt\/index.php?rest_route=%2Fwp%2Fv2%2Fcomments&post=15412"}],"version-history":[{"count":0,"href":"https:\/\/bojornal.pt\/index.php?rest_route=\/wp\/v2\/posts\/15412\/revisions"}],"wp:featuredmedia":[{"embeddable":true,"href":"https:\/\/bojornal.pt\/index.php?rest_route=\/wp\/v2\/media\/15420"}],"wp:attachment":[{"href":"https:\/\/bojornal.pt\/index.php?rest_route=%2Fwp%2Fv2%2Fmedia&parent=15412"}],"wp:term":[{"taxonomy":"category","embeddable":true,"href":"https:\/\/bojornal.pt\/index.php?rest_route=%2Fwp%2Fv2%2Fcategories&post=15412"},{"taxonomy":"post_tag","embeddable":true,"href":"https:\/\/bojornal.pt\/index.php?rest_route=%2Fwp%2Fv2%2Ftags&post=15412"}],"curies":[{"name":"wp","href":"https:\/\/api.w.org\/{rel}","templated":true}]}}