{"id":15401,"date":"2025-05-16T13:28:42","date_gmt":"2025-05-16T12:28:42","guid":{"rendered":"https:\/\/bojornal.pt\/?p=15401"},"modified":"2025-05-16T13:28:46","modified_gmt":"2025-05-16T12:28:46","slug":"a-procura-de-um-encenador","status":"publish","type":"post","link":"https:\/\/bojornal.pt\/?p=15401","title":{"rendered":"\u00c0 procura de um encenador&#8230;"},"content":{"rendered":"\n<p>GRUTEG enche Teatro Municipal de Bragan\u00e7a <\/p>\n\n\n\n<figure class=\"wp-block-image size-large\"><img loading=\"lazy\" decoding=\"async\" width=\"1024\" height=\"768\" src=\"https:\/\/bojornal.pt\/wp-content\/uploads\/2025\/05\/PECA-gruteg-2025-24-1-1024x768.jpg\" alt=\"\" class=\"wp-image-15410\" srcset=\"https:\/\/bojornal.pt\/wp-content\/uploads\/2025\/05\/PECA-gruteg-2025-24-1-1024x768.jpg 1024w, https:\/\/bojornal.pt\/wp-content\/uploads\/2025\/05\/PECA-gruteg-2025-24-1-300x225.jpg 300w, https:\/\/bojornal.pt\/wp-content\/uploads\/2025\/05\/PECA-gruteg-2025-24-1-150x113.jpg 150w, https:\/\/bojornal.pt\/wp-content\/uploads\/2025\/05\/PECA-gruteg-2025-24-1-768x576.jpg 768w, https:\/\/bojornal.pt\/wp-content\/uploads\/2025\/05\/PECA-gruteg-2025-24-1-1536x1152.jpg 1536w, https:\/\/bojornal.pt\/wp-content\/uploads\/2025\/05\/PECA-gruteg-2025-24-1-2048x1536.jpg 2048w\" sizes=\"auto, (max-width: 1024px) 100vw, 1024px\" \/><\/figure>\n\n\n\n<figure class=\"wp-block-gallery has-nested-images columns-default is-cropped wp-block-gallery-1 is-layout-flex wp-block-gallery-is-layout-flex\">\n<figure class=\"wp-block-image size-large\"><img loading=\"lazy\" decoding=\"async\" width=\"1024\" height=\"768\" data-id=\"15403\" src=\"https:\/\/bojornal.pt\/wp-content\/uploads\/2025\/05\/PECA-gruteg-2025-7-1024x768.jpg\" alt=\"\" class=\"wp-image-15403\" srcset=\"https:\/\/bojornal.pt\/wp-content\/uploads\/2025\/05\/PECA-gruteg-2025-7-1024x768.jpg 1024w, https:\/\/bojornal.pt\/wp-content\/uploads\/2025\/05\/PECA-gruteg-2025-7-300x225.jpg 300w, https:\/\/bojornal.pt\/wp-content\/uploads\/2025\/05\/PECA-gruteg-2025-7-150x113.jpg 150w, https:\/\/bojornal.pt\/wp-content\/uploads\/2025\/05\/PECA-gruteg-2025-7-768x576.jpg 768w, https:\/\/bojornal.pt\/wp-content\/uploads\/2025\/05\/PECA-gruteg-2025-7-1536x1152.jpg 1536w, https:\/\/bojornal.pt\/wp-content\/uploads\/2025\/05\/PECA-gruteg-2025-7-2048x1536.jpg 2048w\" sizes=\"auto, (max-width: 1024px) 100vw, 1024px\" \/><\/figure>\n\n\n\n<figure class=\"wp-block-image size-large\"><img loading=\"lazy\" decoding=\"async\" width=\"1024\" height=\"768\" data-id=\"15405\" src=\"https:\/\/bojornal.pt\/wp-content\/uploads\/2025\/05\/PECA-gruteg-2025-8-1024x768.jpg\" alt=\"\" class=\"wp-image-15405\" srcset=\"https:\/\/bojornal.pt\/wp-content\/uploads\/2025\/05\/PECA-gruteg-2025-8-1024x768.jpg 1024w, https:\/\/bojornal.pt\/wp-content\/uploads\/2025\/05\/PECA-gruteg-2025-8-300x225.jpg 300w, https:\/\/bojornal.pt\/wp-content\/uploads\/2025\/05\/PECA-gruteg-2025-8-150x113.jpg 150w, https:\/\/bojornal.pt\/wp-content\/uploads\/2025\/05\/PECA-gruteg-2025-8-768x576.jpg 768w, https:\/\/bojornal.pt\/wp-content\/uploads\/2025\/05\/PECA-gruteg-2025-8-1536x1152.jpg 1536w, https:\/\/bojornal.pt\/wp-content\/uploads\/2025\/05\/PECA-gruteg-2025-8-2048x1536.jpg 2048w\" sizes=\"auto, (max-width: 1024px) 100vw, 1024px\" \/><\/figure>\n\n\n\n<figure class=\"wp-block-image size-large\"><img loading=\"lazy\" decoding=\"async\" width=\"1024\" height=\"768\" data-id=\"15409\" src=\"https:\/\/bojornal.pt\/wp-content\/uploads\/2025\/05\/PECA-gruteg-2025-11-1024x768.jpg\" alt=\"\" class=\"wp-image-15409\" srcset=\"https:\/\/bojornal.pt\/wp-content\/uploads\/2025\/05\/PECA-gruteg-2025-11-1024x768.jpg 1024w, https:\/\/bojornal.pt\/wp-content\/uploads\/2025\/05\/PECA-gruteg-2025-11-300x225.jpg 300w, https:\/\/bojornal.pt\/wp-content\/uploads\/2025\/05\/PECA-gruteg-2025-11-150x113.jpg 150w, https:\/\/bojornal.pt\/wp-content\/uploads\/2025\/05\/PECA-gruteg-2025-11-768x576.jpg 768w, https:\/\/bojornal.pt\/wp-content\/uploads\/2025\/05\/PECA-gruteg-2025-11-1536x1152.jpg 1536w, https:\/\/bojornal.pt\/wp-content\/uploads\/2025\/05\/PECA-gruteg-2025-11-2048x1536.jpg 2048w\" sizes=\"auto, (max-width: 1024px) 100vw, 1024px\" \/><\/figure>\n\n\n\n<figure class=\"wp-block-image size-large\"><img loading=\"lazy\" decoding=\"async\" width=\"1024\" height=\"768\" data-id=\"15407\" src=\"https:\/\/bojornal.pt\/wp-content\/uploads\/2025\/05\/PECA-gruteg-2025-12-1024x768.jpg\" alt=\"\" class=\"wp-image-15407\" srcset=\"https:\/\/bojornal.pt\/wp-content\/uploads\/2025\/05\/PECA-gruteg-2025-12-1024x768.jpg 1024w, https:\/\/bojornal.pt\/wp-content\/uploads\/2025\/05\/PECA-gruteg-2025-12-300x225.jpg 300w, https:\/\/bojornal.pt\/wp-content\/uploads\/2025\/05\/PECA-gruteg-2025-12-150x113.jpg 150w, https:\/\/bojornal.pt\/wp-content\/uploads\/2025\/05\/PECA-gruteg-2025-12-768x576.jpg 768w, https:\/\/bojornal.pt\/wp-content\/uploads\/2025\/05\/PECA-gruteg-2025-12-1536x1152.jpg 1536w, https:\/\/bojornal.pt\/wp-content\/uploads\/2025\/05\/PECA-gruteg-2025-12-2048x1536.jpg 2048w\" sizes=\"auto, (max-width: 1024px) 100vw, 1024px\" \/><\/figure>\n\n\n\n<figure class=\"wp-block-image size-large\"><img loading=\"lazy\" decoding=\"async\" width=\"1024\" height=\"768\" data-id=\"15408\" src=\"https:\/\/bojornal.pt\/wp-content\/uploads\/2025\/05\/PECA-gruteg-2025-18-1024x768.jpg\" alt=\"\" class=\"wp-image-15408\" srcset=\"https:\/\/bojornal.pt\/wp-content\/uploads\/2025\/05\/PECA-gruteg-2025-18-1024x768.jpg 1024w, https:\/\/bojornal.pt\/wp-content\/uploads\/2025\/05\/PECA-gruteg-2025-18-300x225.jpg 300w, https:\/\/bojornal.pt\/wp-content\/uploads\/2025\/05\/PECA-gruteg-2025-18-150x113.jpg 150w, https:\/\/bojornal.pt\/wp-content\/uploads\/2025\/05\/PECA-gruteg-2025-18-768x576.jpg 768w, https:\/\/bojornal.pt\/wp-content\/uploads\/2025\/05\/PECA-gruteg-2025-18-1536x1152.jpg 1536w, https:\/\/bojornal.pt\/wp-content\/uploads\/2025\/05\/PECA-gruteg-2025-18-2048x1536.jpg 2048w\" sizes=\"auto, (max-width: 1024px) 100vw, 1024px\" \/><\/figure>\n\n\n\n<figure class=\"wp-block-image size-large\"><img loading=\"lazy\" decoding=\"async\" width=\"1024\" height=\"768\" data-id=\"15404\" src=\"https:\/\/bojornal.pt\/wp-content\/uploads\/2025\/05\/PECA-gruteg-2025-25-1024x768.jpg\" alt=\"\" class=\"wp-image-15404\" srcset=\"https:\/\/bojornal.pt\/wp-content\/uploads\/2025\/05\/PECA-gruteg-2025-25-1024x768.jpg 1024w, https:\/\/bojornal.pt\/wp-content\/uploads\/2025\/05\/PECA-gruteg-2025-25-300x225.jpg 300w, https:\/\/bojornal.pt\/wp-content\/uploads\/2025\/05\/PECA-gruteg-2025-25-150x113.jpg 150w, https:\/\/bojornal.pt\/wp-content\/uploads\/2025\/05\/PECA-gruteg-2025-25-768x576.jpg 768w, https:\/\/bojornal.pt\/wp-content\/uploads\/2025\/05\/PECA-gruteg-2025-25-1536x1152.jpg 1536w, https:\/\/bojornal.pt\/wp-content\/uploads\/2025\/05\/PECA-gruteg-2025-25-2048x1536.jpg 2048w\" sizes=\"auto, (max-width: 1024px) 100vw, 1024px\" \/><\/figure>\n\n\n\n<figure class=\"wp-block-image size-large\"><img loading=\"lazy\" decoding=\"async\" width=\"1024\" height=\"768\" data-id=\"15406\" src=\"https:\/\/bojornal.pt\/wp-content\/uploads\/2025\/05\/PECA-gruteg-2025-26-1024x768.jpg\" alt=\"\" class=\"wp-image-15406\" srcset=\"https:\/\/bojornal.pt\/wp-content\/uploads\/2025\/05\/PECA-gruteg-2025-26-1024x768.jpg 1024w, https:\/\/bojornal.pt\/wp-content\/uploads\/2025\/05\/PECA-gruteg-2025-26-300x225.jpg 300w, https:\/\/bojornal.pt\/wp-content\/uploads\/2025\/05\/PECA-gruteg-2025-26-150x113.jpg 150w, https:\/\/bojornal.pt\/wp-content\/uploads\/2025\/05\/PECA-gruteg-2025-26-768x576.jpg 768w, https:\/\/bojornal.pt\/wp-content\/uploads\/2025\/05\/PECA-gruteg-2025-26-1536x1152.jpg 1536w, https:\/\/bojornal.pt\/wp-content\/uploads\/2025\/05\/PECA-gruteg-2025-26-2048x1536.jpg 2048w\" sizes=\"auto, (max-width: 1024px) 100vw, 1024px\" \/><\/figure>\n<\/figure>\n\n\n\n<p>O grupo de Teatro Em\u00eddio Garcia subiu ao palco do Teatro municipal de Bragan\u00e7a para apresentar a pe\u00e7a &#8220;15 personagens \u00e0 procura de um encenador&#8221;. Em noite de &#8220;casa cheia&#8221;, os alunos e funcion\u00e1rios do Liceu, orientados pelo professor Ac\u00e1cio Pradinhos, mostraram todo o talento na arte de representa\u00e7\u00e3o. A pe\u00e7a, inspirada na obra &#8220;6 personagens \u00e0 procura de um autor&#8221;, de Luigi Pirandello apresenta uma hist\u00f3ria de abandono, reconcilia\u00e7\u00e3o e de solidariedade, em volta do palco e do amor \u00e0 representa\u00e7\u00e3o.   <\/p>\n\n\n\n<p><\/p>\n","protected":false},"excerpt":{"rendered":"<p>GRUTEG enche Teatro Municipal de Bragan\u00e7a O grupo de Teatro Em\u00eddio Garcia subiu ao palco do Teatro municipal de Bragan\u00e7a para apresentar a pe\u00e7a &#8220;15 personagens \u00e0 procura de um encenador&#8221;. Em noite de&#46;&#46;&#46;<\/p>\n","protected":false},"author":2,"featured_media":15410,"comment_status":"closed","ping_status":"open","sticky":false,"template":"","format":"standard","meta":{"footnotes":""},"categories":[2,9,16],"tags":[],"class_list":["post-15401","post","type-post","status-publish","format-standard","has-post-thumbnail","hentry","category-atualidade","category-em-foco","category-escola-secundaria-emidio-garcia"],"_links":{"self":[{"href":"https:\/\/bojornal.pt\/index.php?rest_route=\/wp\/v2\/posts\/15401","targetHints":{"allow":["GET"]}}],"collection":[{"href":"https:\/\/bojornal.pt\/index.php?rest_route=\/wp\/v2\/posts"}],"about":[{"href":"https:\/\/bojornal.pt\/index.php?rest_route=\/wp\/v2\/types\/post"}],"author":[{"embeddable":true,"href":"https:\/\/bojornal.pt\/index.php?rest_route=\/wp\/v2\/users\/2"}],"replies":[{"embeddable":true,"href":"https:\/\/bojornal.pt\/index.php?rest_route=%2Fwp%2Fv2%2Fcomments&post=15401"}],"version-history":[{"count":0,"href":"https:\/\/bojornal.pt\/index.php?rest_route=\/wp\/v2\/posts\/15401\/revisions"}],"wp:featuredmedia":[{"embeddable":true,"href":"https:\/\/bojornal.pt\/index.php?rest_route=\/wp\/v2\/media\/15410"}],"wp:attachment":[{"href":"https:\/\/bojornal.pt\/index.php?rest_route=%2Fwp%2Fv2%2Fmedia&parent=15401"}],"wp:term":[{"taxonomy":"category","embeddable":true,"href":"https:\/\/bojornal.pt\/index.php?rest_route=%2Fwp%2Fv2%2Fcategories&post=15401"},{"taxonomy":"post_tag","embeddable":true,"href":"https:\/\/bojornal.pt\/index.php?rest_route=%2Fwp%2Fv2%2Ftags&post=15401"}],"curies":[{"name":"wp","href":"https:\/\/api.w.org\/{rel}","templated":true}]}}