{"id":15384,"date":"2025-05-06T09:54:27","date_gmt":"2025-05-06T08:54:27","guid":{"rendered":"https:\/\/bojornal.pt\/?p=15384"},"modified":"2025-05-16T09:57:08","modified_gmt":"2025-05-16T08:57:08","slug":"competicoes-nacionais-de-ciencia-2","status":"publish","type":"post","link":"https:\/\/bojornal.pt\/?p=15384","title":{"rendered":"Competi\u00e7\u00f5es Nacionais de Ci\u00eancia"},"content":{"rendered":"\n<figure class=\"wp-block-gallery has-nested-images columns-default is-cropped wp-block-gallery-1 is-layout-flex wp-block-gallery-is-layout-flex\">\n<figure class=\"wp-block-image size-large\"><img loading=\"lazy\" decoding=\"async\" width=\"1024\" height=\"765\" data-id=\"15385\" src=\"https:\/\/bojornal.pt\/wp-content\/uploads\/2025\/05\/Competicoes-Nacionais-da-Ciencia-1-1024x765.jpg\" alt=\"\" class=\"wp-image-15385\" srcset=\"https:\/\/bojornal.pt\/wp-content\/uploads\/2025\/05\/Competicoes-Nacionais-da-Ciencia-1-1024x765.jpg 1024w, https:\/\/bojornal.pt\/wp-content\/uploads\/2025\/05\/Competicoes-Nacionais-da-Ciencia-1-300x224.jpg 300w, https:\/\/bojornal.pt\/wp-content\/uploads\/2025\/05\/Competicoes-Nacionais-da-Ciencia-1-150x112.jpg 150w, https:\/\/bojornal.pt\/wp-content\/uploads\/2025\/05\/Competicoes-Nacionais-da-Ciencia-1-768x573.jpg 768w, https:\/\/bojornal.pt\/wp-content\/uploads\/2025\/05\/Competicoes-Nacionais-da-Ciencia-1.jpg 1200w\" sizes=\"auto, (max-width: 1024px) 100vw, 1024px\" \/><\/figure>\n\n\n\n<figure class=\"wp-block-image size-large\"><img loading=\"lazy\" decoding=\"async\" width=\"1024\" height=\"768\" data-id=\"15386\" src=\"https:\/\/bojornal.pt\/wp-content\/uploads\/2025\/05\/Competicoes-Nacionais-da-Ciencia-2-1024x768.jpg\" alt=\"\" class=\"wp-image-15386\" srcset=\"https:\/\/bojornal.pt\/wp-content\/uploads\/2025\/05\/Competicoes-Nacionais-da-Ciencia-2-1024x768.jpg 1024w, https:\/\/bojornal.pt\/wp-content\/uploads\/2025\/05\/Competicoes-Nacionais-da-Ciencia-2-300x225.jpg 300w, https:\/\/bojornal.pt\/wp-content\/uploads\/2025\/05\/Competicoes-Nacionais-da-Ciencia-2-150x113.jpg 150w, https:\/\/bojornal.pt\/wp-content\/uploads\/2025\/05\/Competicoes-Nacionais-da-Ciencia-2-768x576.jpg 768w, https:\/\/bojornal.pt\/wp-content\/uploads\/2025\/05\/Competicoes-Nacionais-da-Ciencia-2-1536x1152.jpg 1536w, https:\/\/bojornal.pt\/wp-content\/uploads\/2025\/05\/Competicoes-Nacionais-da-Ciencia-2.jpg 1600w\" sizes=\"auto, (max-width: 1024px) 100vw, 1024px\" \/><\/figure>\n\n\n\n<figure class=\"wp-block-image size-large\"><img loading=\"lazy\" decoding=\"async\" width=\"1024\" height=\"768\" data-id=\"15387\" src=\"https:\/\/bojornal.pt\/wp-content\/uploads\/2025\/05\/Competicoes-Nacionais-da-Ciencia-3-1024x768.jpg\" alt=\"\" class=\"wp-image-15387\" srcset=\"https:\/\/bojornal.pt\/wp-content\/uploads\/2025\/05\/Competicoes-Nacionais-da-Ciencia-3-1024x768.jpg 1024w, https:\/\/bojornal.pt\/wp-content\/uploads\/2025\/05\/Competicoes-Nacionais-da-Ciencia-3-300x225.jpg 300w, https:\/\/bojornal.pt\/wp-content\/uploads\/2025\/05\/Competicoes-Nacionais-da-Ciencia-3-150x113.jpg 150w, https:\/\/bojornal.pt\/wp-content\/uploads\/2025\/05\/Competicoes-Nacionais-da-Ciencia-3-768x576.jpg 768w, https:\/\/bojornal.pt\/wp-content\/uploads\/2025\/05\/Competicoes-Nacionais-da-Ciencia-3.jpg 1280w\" sizes=\"auto, (max-width: 1024px) 100vw, 1024px\" \/><\/figure>\n<\/figure>\n\n\n\n<p>A 35.\u00aa edi\u00e7\u00e3o das Competi\u00e7\u00f5es Nacionais de Ci\u00eancia, organizada pelo Projeto Matem\u00e1tica Ensino da Universidade de Aveiro, reuniu mais de 13 000 estudantes de 208 escolas, ao longo de tr\u00eas dias dedicados ao conhecimento, \u00e0 inova\u00e7\u00e3o e ao entusiasmo pelo saber.<\/p>\n\n\n\n<p>No dia 30 de abril, 46 alunos do 3.\u00ba ciclo do nosso Agrupamento participaram no evento, acompanhados pelas professoras Armandina Batista, Cristina Branco e Elisabete F\u00e9lix. Apesar das condi\u00e7\u00f5es meteorol\u00f3gicas adversas, todos estiveram \u00e0 altura do desafio, demonstrando que a Matem\u00e1tica est\u00e1 longe de ser um \u201cpap\u00e3o\u201d.<\/p>\n\n\n\n<p>Entre as 112 escolas participantes no Equamat, o Agrupamento de Escolas Em\u00eddio Garcia alcan\u00e7ou um honroso 25.\u00ba lugar. Destacou-se, em particular, a equipa formada por Jos\u00e9 Pires e Ant\u00f3nio Vaz, do 7.\u00baC, que conquistou o 18.\u00ba lugar entre 579 equipas concorrentes \u2014 um resultado not\u00e1vel!<\/p>\n\n\n\n<p>Foi, sem d\u00favida, uma experi\u00eancia enriquecedora que mostrou o empenho e o talento dos nossos alunos. Parab\u00e9ns a todos os participantes \u2014 que este entusiasmo pela Matem\u00e1tica e pelo conhecimento continue a crescer!<\/p>\n","protected":false},"excerpt":{"rendered":"<p>A 35.\u00aa edi\u00e7\u00e3o das Competi\u00e7\u00f5es Nacionais de Ci\u00eancia, organizada pelo Projeto Matem\u00e1tica Ensino da Universidade de Aveiro, reuniu mais de 13 000 estudantes de 208 escolas, ao longo de tr\u00eas dias dedicados ao conhecimento,&#46;&#46;&#46;<\/p>\n","protected":false},"author":2,"featured_media":15385,"comment_status":"closed","ping_status":"open","sticky":false,"template":"","format":"standard","meta":{"footnotes":""},"categories":[9,16],"tags":[],"class_list":["post-15384","post","type-post","status-publish","format-standard","has-post-thumbnail","hentry","category-em-foco","category-escola-secundaria-emidio-garcia"],"_links":{"self":[{"href":"https:\/\/bojornal.pt\/index.php?rest_route=\/wp\/v2\/posts\/15384","targetHints":{"allow":["GET"]}}],"collection":[{"href":"https:\/\/bojornal.pt\/index.php?rest_route=\/wp\/v2\/posts"}],"about":[{"href":"https:\/\/bojornal.pt\/index.php?rest_route=\/wp\/v2\/types\/post"}],"author":[{"embeddable":true,"href":"https:\/\/bojornal.pt\/index.php?rest_route=\/wp\/v2\/users\/2"}],"replies":[{"embeddable":true,"href":"https:\/\/bojornal.pt\/index.php?rest_route=%2Fwp%2Fv2%2Fcomments&post=15384"}],"version-history":[{"count":0,"href":"https:\/\/bojornal.pt\/index.php?rest_route=\/wp\/v2\/posts\/15384\/revisions"}],"wp:featuredmedia":[{"embeddable":true,"href":"https:\/\/bojornal.pt\/index.php?rest_route=\/wp\/v2\/media\/15385"}],"wp:attachment":[{"href":"https:\/\/bojornal.pt\/index.php?rest_route=%2Fwp%2Fv2%2Fmedia&parent=15384"}],"wp:term":[{"taxonomy":"category","embeddable":true,"href":"https:\/\/bojornal.pt\/index.php?rest_route=%2Fwp%2Fv2%2Fcategories&post=15384"},{"taxonomy":"post_tag","embeddable":true,"href":"https:\/\/bojornal.pt\/index.php?rest_route=%2Fwp%2Fv2%2Ftags&post=15384"}],"curies":[{"name":"wp","href":"https:\/\/api.w.org\/{rel}","templated":true}]}}