{"id":15359,"date":"2025-05-15T19:06:24","date_gmt":"2025-05-15T18:06:24","guid":{"rendered":"https:\/\/bojornal.pt\/?p=15359"},"modified":"2025-05-15T19:07:08","modified_gmt":"2025-05-15T18:07:08","slug":"alunos-participam-em-debate-da-tsf","status":"publish","type":"post","link":"https:\/\/bojornal.pt\/?p=15359","title":{"rendered":"Alunos participam em debate da TSF"},"content":{"rendered":"\n<p><strong><em>Escola Em\u00eddio Garcia foi palco do programa: &#8220;Democracia, para que te quero&#8221; <\/em><\/strong><\/p>\n\n\n\n<figure class=\"wp-block-gallery has-nested-images columns-default is-cropped wp-block-gallery-1 is-layout-flex wp-block-gallery-is-layout-flex\">\n<figure class=\"wp-block-image size-large\"><img loading=\"lazy\" decoding=\"async\" width=\"1024\" height=\"768\" data-id=\"15374\" src=\"https:\/\/bojornal.pt\/wp-content\/uploads\/2025\/05\/Democracia-para-que-te-quero-2-1-1024x768.jpg\" alt=\"\" class=\"wp-image-15374\" srcset=\"https:\/\/bojornal.pt\/wp-content\/uploads\/2025\/05\/Democracia-para-que-te-quero-2-1-1024x768.jpg 1024w, https:\/\/bojornal.pt\/wp-content\/uploads\/2025\/05\/Democracia-para-que-te-quero-2-1-300x225.jpg 300w, https:\/\/bojornal.pt\/wp-content\/uploads\/2025\/05\/Democracia-para-que-te-quero-2-1-150x113.jpg 150w, https:\/\/bojornal.pt\/wp-content\/uploads\/2025\/05\/Democracia-para-que-te-quero-2-1-768x576.jpg 768w, https:\/\/bojornal.pt\/wp-content\/uploads\/2025\/05\/Democracia-para-que-te-quero-2-1-1536x1152.jpg 1536w, https:\/\/bojornal.pt\/wp-content\/uploads\/2025\/05\/Democracia-para-que-te-quero-2-1-2048x1536.jpg 2048w\" sizes=\"auto, (max-width: 1024px) 100vw, 1024px\" \/><\/figure>\n\n\n\n<figure class=\"wp-block-image size-large\"><img loading=\"lazy\" decoding=\"async\" width=\"1024\" height=\"768\" data-id=\"15369\" src=\"https:\/\/bojornal.pt\/wp-content\/uploads\/2025\/05\/Democracia-para-que-te-quero-3-1-1024x768.jpg\" alt=\"\" class=\"wp-image-15369\" srcset=\"https:\/\/bojornal.pt\/wp-content\/uploads\/2025\/05\/Democracia-para-que-te-quero-3-1-1024x768.jpg 1024w, https:\/\/bojornal.pt\/wp-content\/uploads\/2025\/05\/Democracia-para-que-te-quero-3-1-300x225.jpg 300w, https:\/\/bojornal.pt\/wp-content\/uploads\/2025\/05\/Democracia-para-que-te-quero-3-1-150x113.jpg 150w, https:\/\/bojornal.pt\/wp-content\/uploads\/2025\/05\/Democracia-para-que-te-quero-3-1-768x576.jpg 768w, https:\/\/bojornal.pt\/wp-content\/uploads\/2025\/05\/Democracia-para-que-te-quero-3-1-1536x1152.jpg 1536w, https:\/\/bojornal.pt\/wp-content\/uploads\/2025\/05\/Democracia-para-que-te-quero-3-1-2048x1536.jpg 2048w\" sizes=\"auto, (max-width: 1024px) 100vw, 1024px\" \/><\/figure>\n\n\n\n<figure class=\"wp-block-image size-large\"><img loading=\"lazy\" decoding=\"async\" width=\"1024\" height=\"768\" data-id=\"15373\" src=\"https:\/\/bojornal.pt\/wp-content\/uploads\/2025\/05\/Democracia-para-que-te-quero-4-1024x768.jpg\" alt=\"\" class=\"wp-image-15373\" srcset=\"https:\/\/bojornal.pt\/wp-content\/uploads\/2025\/05\/Democracia-para-que-te-quero-4-1024x768.jpg 1024w, https:\/\/bojornal.pt\/wp-content\/uploads\/2025\/05\/Democracia-para-que-te-quero-4-300x225.jpg 300w, https:\/\/bojornal.pt\/wp-content\/uploads\/2025\/05\/Democracia-para-que-te-quero-4-150x113.jpg 150w, https:\/\/bojornal.pt\/wp-content\/uploads\/2025\/05\/Democracia-para-que-te-quero-4-768x576.jpg 768w, https:\/\/bojornal.pt\/wp-content\/uploads\/2025\/05\/Democracia-para-que-te-quero-4-1536x1152.jpg 1536w, https:\/\/bojornal.pt\/wp-content\/uploads\/2025\/05\/Democracia-para-que-te-quero-4-2048x1536.jpg 2048w\" sizes=\"auto, (max-width: 1024px) 100vw, 1024px\" \/><\/figure>\n\n\n\n<figure class=\"wp-block-image size-large\"><img loading=\"lazy\" decoding=\"async\" width=\"1024\" height=\"768\" data-id=\"15370\" src=\"https:\/\/bojornal.pt\/wp-content\/uploads\/2025\/05\/Democracia-para-que-te-quero-6-1024x768.jpg\" alt=\"\" class=\"wp-image-15370\" srcset=\"https:\/\/bojornal.pt\/wp-content\/uploads\/2025\/05\/Democracia-para-que-te-quero-6-1024x768.jpg 1024w, https:\/\/bojornal.pt\/wp-content\/uploads\/2025\/05\/Democracia-para-que-te-quero-6-300x225.jpg 300w, https:\/\/bojornal.pt\/wp-content\/uploads\/2025\/05\/Democracia-para-que-te-quero-6-150x113.jpg 150w, https:\/\/bojornal.pt\/wp-content\/uploads\/2025\/05\/Democracia-para-que-te-quero-6-768x576.jpg 768w, https:\/\/bojornal.pt\/wp-content\/uploads\/2025\/05\/Democracia-para-que-te-quero-6-1536x1152.jpg 1536w, https:\/\/bojornal.pt\/wp-content\/uploads\/2025\/05\/Democracia-para-que-te-quero-6-2048x1536.jpg 2048w\" sizes=\"auto, (max-width: 1024px) 100vw, 1024px\" \/><\/figure>\n\n\n\n<figure class=\"wp-block-image size-large\"><img loading=\"lazy\" decoding=\"async\" width=\"867\" height=\"650\" data-id=\"15363\" src=\"https:\/\/bojornal.pt\/wp-content\/uploads\/2025\/05\/Democracia-para-que-te-quero-7.jpg\" alt=\"\" class=\"wp-image-15363\" srcset=\"https:\/\/bojornal.pt\/wp-content\/uploads\/2025\/05\/Democracia-para-que-te-quero-7.jpg 867w, https:\/\/bojornal.pt\/wp-content\/uploads\/2025\/05\/Democracia-para-que-te-quero-7-300x225.jpg 300w, https:\/\/bojornal.pt\/wp-content\/uploads\/2025\/05\/Democracia-para-que-te-quero-7-150x112.jpg 150w, https:\/\/bojornal.pt\/wp-content\/uploads\/2025\/05\/Democracia-para-que-te-quero-7-768x576.jpg 768w\" sizes=\"auto, (max-width: 867px) 100vw, 867px\" \/><\/figure>\n<\/figure>\n\n\n\n<p><a href=\"https:\/\/photos.google.com\/photo\/AF1QipO3qFez3Y3C_lAryE5GV3--bJbOXpDbfoSdPFQh\"><\/a><\/p>\n\n\n\n<p>&#8220;Democracia, para que te quero&#8221;, programa da TSF, em parceria com a DGE, promoveu o debate pol\u00edtico na Escola Em\u00eddio Garcia. Os nossos alunos Bruno Alves, Jo\u00e3o Almeida, Mariana Br\u00e1s, Mariana Barbosa, Iara Matela, Leonor Gomes e Rodrigo S\u00e1 debateram algumas ideias sobre &#8220;Direitos pol\u00edticos e civis&#8221;. O programa vai para o ar no pr\u00f3ximo dia 16 de maio, ap\u00f3s o notici\u00e1rio das 13h, na TSF. O programa ser\u00e1, posteriormente, publicado na p\u00e1gina da r\u00e1dio e no youtube. Parab\u00e9ns aos intervenientes!<\/p>\n\n\n\n<p><a href=\"https:\/\/photos.google.com\/photo\/AF1QipNuGNtxOImeU06wfMcPntTzc_Mhp4xJRBZM0gu2\"><\/a><\/p>\n","protected":false},"excerpt":{"rendered":"<p>Escola Em\u00eddio Garcia foi palco do programa: &#8220;Democracia, para que te quero&#8221; &#8220;Democracia, para que te quero&#8221;, programa da TSF, em parceria com a DGE, promoveu o debate pol\u00edtico na Escola Em\u00eddio Garcia. Os&#46;&#46;&#46;<\/p>\n","protected":false},"author":2,"featured_media":15369,"comment_status":"closed","ping_status":"open","sticky":false,"template":"","format":"standard","meta":{"footnotes":""},"categories":[2,9,16],"tags":[],"class_list":["post-15359","post","type-post","status-publish","format-standard","has-post-thumbnail","hentry","category-atualidade","category-em-foco","category-escola-secundaria-emidio-garcia"],"_links":{"self":[{"href":"https:\/\/bojornal.pt\/index.php?rest_route=\/wp\/v2\/posts\/15359","targetHints":{"allow":["GET"]}}],"collection":[{"href":"https:\/\/bojornal.pt\/index.php?rest_route=\/wp\/v2\/posts"}],"about":[{"href":"https:\/\/bojornal.pt\/index.php?rest_route=\/wp\/v2\/types\/post"}],"author":[{"embeddable":true,"href":"https:\/\/bojornal.pt\/index.php?rest_route=\/wp\/v2\/users\/2"}],"replies":[{"embeddable":true,"href":"https:\/\/bojornal.pt\/index.php?rest_route=%2Fwp%2Fv2%2Fcomments&post=15359"}],"version-history":[{"count":0,"href":"https:\/\/bojornal.pt\/index.php?rest_route=\/wp\/v2\/posts\/15359\/revisions"}],"wp:featuredmedia":[{"embeddable":true,"href":"https:\/\/bojornal.pt\/index.php?rest_route=\/wp\/v2\/media\/15369"}],"wp:attachment":[{"href":"https:\/\/bojornal.pt\/index.php?rest_route=%2Fwp%2Fv2%2Fmedia&parent=15359"}],"wp:term":[{"taxonomy":"category","embeddable":true,"href":"https:\/\/bojornal.pt\/index.php?rest_route=%2Fwp%2Fv2%2Fcategories&post=15359"},{"taxonomy":"post_tag","embeddable":true,"href":"https:\/\/bojornal.pt\/index.php?rest_route=%2Fwp%2Fv2%2Ftags&post=15359"}],"curies":[{"name":"wp","href":"https:\/\/api.w.org\/{rel}","templated":true}]}}