{"id":15354,"date":"2025-04-12T17:40:22","date_gmt":"2025-04-12T16:40:22","guid":{"rendered":"https:\/\/bojornal.pt\/?p=15354"},"modified":"2025-04-12T17:40:26","modified_gmt":"2025-04-12T16:40:26","slug":"comunhao-pascal-do-agrupamento-na-catedral","status":"publish","type":"post","link":"https:\/\/bojornal.pt\/?p=15354","title":{"rendered":"Comunh\u00e3o Pascal do Agrupamento na Catedral"},"content":{"rendered":"\n<p>&#8220;<strong><em>Sementes de  Esperan\u00e7a\u201d foi o tema central, numa celebra\u00e7\u00e3o com participa\u00e7\u00e3o de mais de 1000 alunos de todas as escolas de Pr\u00e9-Escolar, 1.\u00ba e 2.\u00baciclos<\/em><\/strong><\/p>\n\n\n\n<figure class=\"wp-block-gallery has-nested-images columns-default is-cropped wp-block-gallery-1 is-layout-flex wp-block-gallery-is-layout-flex\">\n<figure class=\"wp-block-image size-large\"><img loading=\"lazy\" decoding=\"async\" width=\"1024\" height=\"683\" data-id=\"15357\" src=\"https:\/\/bojornal.pt\/wp-content\/uploads\/2025\/04\/56_Comunhao-Pascal-13-1024x683.jpg\" alt=\"\" class=\"wp-image-15357\" srcset=\"https:\/\/bojornal.pt\/wp-content\/uploads\/2025\/04\/56_Comunhao-Pascal-13-1024x683.jpg 1024w, https:\/\/bojornal.pt\/wp-content\/uploads\/2025\/04\/56_Comunhao-Pascal-13-300x200.jpg 300w, https:\/\/bojornal.pt\/wp-content\/uploads\/2025\/04\/56_Comunhao-Pascal-13-150x100.jpg 150w, https:\/\/bojornal.pt\/wp-content\/uploads\/2025\/04\/56_Comunhao-Pascal-13-768x512.jpg 768w, https:\/\/bojornal.pt\/wp-content\/uploads\/2025\/04\/56_Comunhao-Pascal-13-1536x1024.jpg 1536w, https:\/\/bojornal.pt\/wp-content\/uploads\/2025\/04\/56_Comunhao-Pascal-13-2048x1365.jpg 2048w\" sizes=\"auto, (max-width: 1024px) 100vw, 1024px\" \/><\/figure>\n\n\n\n<figure class=\"wp-block-image size-large\"><img loading=\"lazy\" decoding=\"async\" width=\"1024\" height=\"683\" data-id=\"15356\" src=\"https:\/\/bojornal.pt\/wp-content\/uploads\/2025\/04\/56_Comunhao-Pascal-30-1024x683.jpg\" alt=\"\" class=\"wp-image-15356\" srcset=\"https:\/\/bojornal.pt\/wp-content\/uploads\/2025\/04\/56_Comunhao-Pascal-30-1024x683.jpg 1024w, https:\/\/bojornal.pt\/wp-content\/uploads\/2025\/04\/56_Comunhao-Pascal-30-300x200.jpg 300w, https:\/\/bojornal.pt\/wp-content\/uploads\/2025\/04\/56_Comunhao-Pascal-30-150x100.jpg 150w, https:\/\/bojornal.pt\/wp-content\/uploads\/2025\/04\/56_Comunhao-Pascal-30-768x512.jpg 768w, https:\/\/bojornal.pt\/wp-content\/uploads\/2025\/04\/56_Comunhao-Pascal-30-1536x1024.jpg 1536w, https:\/\/bojornal.pt\/wp-content\/uploads\/2025\/04\/56_Comunhao-Pascal-30-2048x1365.jpg 2048w\" sizes=\"auto, (max-width: 1024px) 100vw, 1024px\" \/><\/figure>\n\n\n\n<figure class=\"wp-block-image size-large\"><img loading=\"lazy\" decoding=\"async\" width=\"1024\" height=\"683\" data-id=\"15355\" src=\"https:\/\/bojornal.pt\/wp-content\/uploads\/2025\/04\/56_Comunhao-Pascal-40-1024x683.jpg\" alt=\"\" class=\"wp-image-15355\" srcset=\"https:\/\/bojornal.pt\/wp-content\/uploads\/2025\/04\/56_Comunhao-Pascal-40-1024x683.jpg 1024w, https:\/\/bojornal.pt\/wp-content\/uploads\/2025\/04\/56_Comunhao-Pascal-40-300x200.jpg 300w, https:\/\/bojornal.pt\/wp-content\/uploads\/2025\/04\/56_Comunhao-Pascal-40-150x100.jpg 150w, https:\/\/bojornal.pt\/wp-content\/uploads\/2025\/04\/56_Comunhao-Pascal-40-768x512.jpg 768w, https:\/\/bojornal.pt\/wp-content\/uploads\/2025\/04\/56_Comunhao-Pascal-40-1536x1024.jpg 1536w, https:\/\/bojornal.pt\/wp-content\/uploads\/2025\/04\/56_Comunhao-Pascal-40-2048x1365.jpg 2048w\" sizes=\"auto, (max-width: 1024px) 100vw, 1024px\" \/><\/figure>\n<\/figure>\n\n\n\n<p>A Catedral de Bragan\u00e7a encheu-se de cor e alegria pelas mais de 1000 crian\u00e7as que celebraram a festa da P\u00e1scoa, no passado dia 20 de mar\u00e7o.<\/p>\n\n\n\n<p>A tradicional Comunh\u00e3o Pascal reuniu todas as escolas de Pr\u00e9-Escolar, 1.\u00ba e 2.\u00ba ciclos do Agrupamento de Escolas Em\u00eddio Garcia, numa celebra\u00e7\u00e3o centrada na tem\u00e1tica da\u00a0<em>Semente ,\u00a0<\/em>sob o lema \u201cSementes de Esperan\u00e7a\u201d, presidida pelo professor de EMRC e sacerdote P. Ant\u00f3nio Magalh\u00e3es e marcada por muita m\u00fasica, intera\u00e7\u00e3o e participa\u00e7\u00e3o de todas as escolas, nos diversos momentos da liturgia. A m\u00fasica esteve a cargo de alunos das diversas escolas, acompanhados pela orquestra do Grupo Coral da Escola Em\u00eddio Garcia que se associou a esta atividade, num sinal evidente de rela\u00e7\u00e3o e intera\u00e7\u00e3o dos diversos ciclos de ensino do Agrupamento.<\/p>\n","protected":false},"excerpt":{"rendered":"<p>&#8220;Sementes de Esperan\u00e7a\u201d foi o tema central, numa celebra\u00e7\u00e3o com participa\u00e7\u00e3o de mais de 1000 alunos de todas as escolas de Pr\u00e9-Escolar, 1.\u00ba e 2.\u00baciclos A Catedral de Bragan\u00e7a encheu-se de cor e alegria&#46;&#46;&#46;<\/p>\n","protected":false},"author":2,"featured_media":15357,"comment_status":"closed","ping_status":"open","sticky":false,"template":"","format":"standard","meta":{"footnotes":""},"categories":[14,9,13,16],"tags":[],"class_list":["post-15354","post","type-post","status-publish","format-standard","has-post-thumbnail","hentry","category-1o-ciclo","category-em-foco","category-escola-paulo-quintela","category-escola-secundaria-emidio-garcia"],"_links":{"self":[{"href":"https:\/\/bojornal.pt\/index.php?rest_route=\/wp\/v2\/posts\/15354","targetHints":{"allow":["GET"]}}],"collection":[{"href":"https:\/\/bojornal.pt\/index.php?rest_route=\/wp\/v2\/posts"}],"about":[{"href":"https:\/\/bojornal.pt\/index.php?rest_route=\/wp\/v2\/types\/post"}],"author":[{"embeddable":true,"href":"https:\/\/bojornal.pt\/index.php?rest_route=\/wp\/v2\/users\/2"}],"replies":[{"embeddable":true,"href":"https:\/\/bojornal.pt\/index.php?rest_route=%2Fwp%2Fv2%2Fcomments&post=15354"}],"version-history":[{"count":0,"href":"https:\/\/bojornal.pt\/index.php?rest_route=\/wp\/v2\/posts\/15354\/revisions"}],"wp:featuredmedia":[{"embeddable":true,"href":"https:\/\/bojornal.pt\/index.php?rest_route=\/wp\/v2\/media\/15357"}],"wp:attachment":[{"href":"https:\/\/bojornal.pt\/index.php?rest_route=%2Fwp%2Fv2%2Fmedia&parent=15354"}],"wp:term":[{"taxonomy":"category","embeddable":true,"href":"https:\/\/bojornal.pt\/index.php?rest_route=%2Fwp%2Fv2%2Fcategories&post=15354"},{"taxonomy":"post_tag","embeddable":true,"href":"https:\/\/bojornal.pt\/index.php?rest_route=%2Fwp%2Fv2%2Ftags&post=15354"}],"curies":[{"name":"wp","href":"https:\/\/api.w.org\/{rel}","templated":true}]}}