{"id":15332,"date":"2025-04-04T12:30:18","date_gmt":"2025-04-04T11:30:18","guid":{"rendered":"https:\/\/bojornal.pt\/?p=15332"},"modified":"2025-04-12T12:34:24","modified_gmt":"2025-04-12T11:34:24","slug":"dia-internacional-da-matematica","status":"publish","type":"post","link":"https:\/\/bojornal.pt\/?p=15332","title":{"rendered":"DIA INTERNACIONAL DA MATEM\u00c1TICA"},"content":{"rendered":"\n<figure class=\"wp-block-gallery has-nested-images columns-default is-cropped wp-block-gallery-1 is-layout-flex wp-block-gallery-is-layout-flex\">\n<figure class=\"wp-block-image size-large\"><img loading=\"lazy\" decoding=\"async\" width=\"1024\" height=\"887\" data-id=\"15337\" src=\"https:\/\/bojornal.pt\/wp-content\/uploads\/2025\/04\/WhatsApp-Image-2025-03-18-at-11.56.38-5-1024x887.jpeg\" alt=\"\" class=\"wp-image-15337\" srcset=\"https:\/\/bojornal.pt\/wp-content\/uploads\/2025\/04\/WhatsApp-Image-2025-03-18-at-11.56.38-5-1024x887.jpeg 1024w, https:\/\/bojornal.pt\/wp-content\/uploads\/2025\/04\/WhatsApp-Image-2025-03-18-at-11.56.38-5-300x260.jpeg 300w, https:\/\/bojornal.pt\/wp-content\/uploads\/2025\/04\/WhatsApp-Image-2025-03-18-at-11.56.38-5-150x130.jpeg 150w, https:\/\/bojornal.pt\/wp-content\/uploads\/2025\/04\/WhatsApp-Image-2025-03-18-at-11.56.38-5-768x665.jpeg 768w, https:\/\/bojornal.pt\/wp-content\/uploads\/2025\/04\/WhatsApp-Image-2025-03-18-at-11.56.38-5-1536x1331.jpeg 1536w, https:\/\/bojornal.pt\/wp-content\/uploads\/2025\/04\/WhatsApp-Image-2025-03-18-at-11.56.38-5.jpeg 2048w\" sizes=\"auto, (max-width: 1024px) 100vw, 1024px\" \/><\/figure>\n\n\n\n<figure class=\"wp-block-image size-large\"><img loading=\"lazy\" decoding=\"async\" width=\"1024\" height=\"768\" data-id=\"15336\" src=\"https:\/\/bojornal.pt\/wp-content\/uploads\/2025\/04\/WhatsApp-Image-2025-03-18-at-11.56.38-1-1024x768.jpeg\" alt=\"\" class=\"wp-image-15336\" srcset=\"https:\/\/bojornal.pt\/wp-content\/uploads\/2025\/04\/WhatsApp-Image-2025-03-18-at-11.56.38-1-1024x768.jpeg 1024w, https:\/\/bojornal.pt\/wp-content\/uploads\/2025\/04\/WhatsApp-Image-2025-03-18-at-11.56.38-1-300x225.jpeg 300w, https:\/\/bojornal.pt\/wp-content\/uploads\/2025\/04\/WhatsApp-Image-2025-03-18-at-11.56.38-1-150x113.jpeg 150w, https:\/\/bojornal.pt\/wp-content\/uploads\/2025\/04\/WhatsApp-Image-2025-03-18-at-11.56.38-1-768x576.jpeg 768w, https:\/\/bojornal.pt\/wp-content\/uploads\/2025\/04\/WhatsApp-Image-2025-03-18-at-11.56.38-1-1536x1152.jpeg 1536w, https:\/\/bojornal.pt\/wp-content\/uploads\/2025\/04\/WhatsApp-Image-2025-03-18-at-11.56.38-1.jpeg 1600w\" sizes=\"auto, (max-width: 1024px) 100vw, 1024px\" \/><\/figure>\n\n\n\n<figure class=\"wp-block-image size-large\"><img loading=\"lazy\" decoding=\"async\" width=\"1024\" height=\"768\" data-id=\"15335\" src=\"https:\/\/bojornal.pt\/wp-content\/uploads\/2025\/04\/WhatsApp-Image-2025-03-18-at-11.56.32-1024x768.jpeg\" alt=\"\" class=\"wp-image-15335\" srcset=\"https:\/\/bojornal.pt\/wp-content\/uploads\/2025\/04\/WhatsApp-Image-2025-03-18-at-11.56.32-1024x768.jpeg 1024w, https:\/\/bojornal.pt\/wp-content\/uploads\/2025\/04\/WhatsApp-Image-2025-03-18-at-11.56.32-300x225.jpeg 300w, https:\/\/bojornal.pt\/wp-content\/uploads\/2025\/04\/WhatsApp-Image-2025-03-18-at-11.56.32-150x113.jpeg 150w, https:\/\/bojornal.pt\/wp-content\/uploads\/2025\/04\/WhatsApp-Image-2025-03-18-at-11.56.32-768x576.jpeg 768w, https:\/\/bojornal.pt\/wp-content\/uploads\/2025\/04\/WhatsApp-Image-2025-03-18-at-11.56.32-1536x1152.jpeg 1536w, https:\/\/bojornal.pt\/wp-content\/uploads\/2025\/04\/WhatsApp-Image-2025-03-18-at-11.56.32.jpeg 1600w\" sizes=\"auto, (max-width: 1024px) 100vw, 1024px\" \/><\/figure>\n\n\n\n<figure class=\"wp-block-image size-large\"><img loading=\"lazy\" decoding=\"async\" width=\"1024\" height=\"899\" data-id=\"15333\" src=\"https:\/\/bojornal.pt\/wp-content\/uploads\/2025\/04\/WhatsApp-Image-2025-03-18-at-11.56.37-1-1024x899.jpeg\" alt=\"\" class=\"wp-image-15333\" srcset=\"https:\/\/bojornal.pt\/wp-content\/uploads\/2025\/04\/WhatsApp-Image-2025-03-18-at-11.56.37-1-1024x899.jpeg 1024w, https:\/\/bojornal.pt\/wp-content\/uploads\/2025\/04\/WhatsApp-Image-2025-03-18-at-11.56.37-1-300x263.jpeg 300w, https:\/\/bojornal.pt\/wp-content\/uploads\/2025\/04\/WhatsApp-Image-2025-03-18-at-11.56.37-1-150x132.jpeg 150w, https:\/\/bojornal.pt\/wp-content\/uploads\/2025\/04\/WhatsApp-Image-2025-03-18-at-11.56.37-1-768x674.jpeg 768w, https:\/\/bojornal.pt\/wp-content\/uploads\/2025\/04\/WhatsApp-Image-2025-03-18-at-11.56.37-1-1536x1348.jpeg 1536w, https:\/\/bojornal.pt\/wp-content\/uploads\/2025\/04\/WhatsApp-Image-2025-03-18-at-11.56.37-1.jpeg 1600w\" sizes=\"auto, (max-width: 1024px) 100vw, 1024px\" \/><\/figure>\n\n\n\n<figure class=\"wp-block-image size-large\"><img loading=\"lazy\" decoding=\"async\" width=\"1024\" height=\"768\" data-id=\"15334\" src=\"https:\/\/bojornal.pt\/wp-content\/uploads\/2025\/04\/WhatsApp-Image-2025-03-18-at-11.56.36-1024x768.jpeg\" alt=\"\" class=\"wp-image-15334\" srcset=\"https:\/\/bojornal.pt\/wp-content\/uploads\/2025\/04\/WhatsApp-Image-2025-03-18-at-11.56.36-1024x768.jpeg 1024w, https:\/\/bojornal.pt\/wp-content\/uploads\/2025\/04\/WhatsApp-Image-2025-03-18-at-11.56.36-300x225.jpeg 300w, https:\/\/bojornal.pt\/wp-content\/uploads\/2025\/04\/WhatsApp-Image-2025-03-18-at-11.56.36-150x113.jpeg 150w, https:\/\/bojornal.pt\/wp-content\/uploads\/2025\/04\/WhatsApp-Image-2025-03-18-at-11.56.36-768x576.jpeg 768w, https:\/\/bojornal.pt\/wp-content\/uploads\/2025\/04\/WhatsApp-Image-2025-03-18-at-11.56.36-1536x1152.jpeg 1536w, https:\/\/bojornal.pt\/wp-content\/uploads\/2025\/04\/WhatsApp-Image-2025-03-18-at-11.56.36.jpeg 1600w\" sizes=\"auto, (max-width: 1024px) 100vw, 1024px\" \/><\/figure>\n<\/figure>\n\n\n\n<p>Os alunos do 2.\u00ba ciclo (5.\u00ba e 6.\u00ba anos) da Escola B\u00e1sica Paulo Quintela responderam ao apelo dos seus professores de Matem\u00e1tica e desenvolveram uma s\u00e9rie de trabalhos criativos em celebra\u00e7\u00e3o do <strong>Dia Internacional da Matem\u00e1tica<\/strong> tamb\u00e9m conhecido como <strong>Dia Internacional do Pi<\/strong>, que teve lugar no dia <strong>14 de mar\u00e7o de 2025<\/strong>.<\/p>\n\n\n\n<p>Os trabalhos foram concebidos de forma individual, em pares ou em grupos, resultando numa variedade de produtos finais, desde colagens em cartolina at\u00e9 \u00e0 cria\u00e7\u00e3o de jogos did\u00e1ticos e s\u00edmbolos matem\u00e1ticos, passando por poemas, piadas, v\u00eddeos e constru\u00e7\u00f5es em 3D.<\/p>\n\n\n\n<p>A exposi\u00e7\u00e3o dos trabalhos, organizada de acordo com as suas categorias, decorreu nas instala\u00e7\u00f5es da EB Paulo Quintela nos dias que antecederam e sucederam o dia 14 de mar\u00e7o. Os v\u00eddeos foram apresentados nas respetivas turmas pelos professores do grupo disciplinar envolvido.<\/p>\n\n\n\n<p>Os alunos participaram nesta atividade de forma volunt\u00e1ria e com muito entusiasmo.<\/p>\n\n\n\n<p class=\"has-text-align-right\"><em>Maria da Concei\u00e7\u00e3o de Castro<\/em><\/p>\n\n\n\n<p><\/p>\n","protected":false},"excerpt":{"rendered":"<p>Os alunos do 2.\u00ba ciclo (5.\u00ba e 6.\u00ba anos) da Escola B\u00e1sica Paulo Quintela responderam ao apelo dos seus professores de Matem\u00e1tica e desenvolveram uma s\u00e9rie de trabalhos criativos em celebra\u00e7\u00e3o do Dia Internacional&#46;&#46;&#46;<\/p>\n","protected":false},"author":2,"featured_media":15336,"comment_status":"closed","ping_status":"open","sticky":false,"template":"","format":"standard","meta":{"footnotes":""},"categories":[9,13],"tags":[],"class_list":["post-15332","post","type-post","status-publish","format-standard","has-post-thumbnail","hentry","category-em-foco","category-escola-paulo-quintela"],"_links":{"self":[{"href":"https:\/\/bojornal.pt\/index.php?rest_route=\/wp\/v2\/posts\/15332","targetHints":{"allow":["GET"]}}],"collection":[{"href":"https:\/\/bojornal.pt\/index.php?rest_route=\/wp\/v2\/posts"}],"about":[{"href":"https:\/\/bojornal.pt\/index.php?rest_route=\/wp\/v2\/types\/post"}],"author":[{"embeddable":true,"href":"https:\/\/bojornal.pt\/index.php?rest_route=\/wp\/v2\/users\/2"}],"replies":[{"embeddable":true,"href":"https:\/\/bojornal.pt\/index.php?rest_route=%2Fwp%2Fv2%2Fcomments&post=15332"}],"version-history":[{"count":0,"href":"https:\/\/bojornal.pt\/index.php?rest_route=\/wp\/v2\/posts\/15332\/revisions"}],"wp:featuredmedia":[{"embeddable":true,"href":"https:\/\/bojornal.pt\/index.php?rest_route=\/wp\/v2\/media\/15336"}],"wp:attachment":[{"href":"https:\/\/bojornal.pt\/index.php?rest_route=%2Fwp%2Fv2%2Fmedia&parent=15332"}],"wp:term":[{"taxonomy":"category","embeddable":true,"href":"https:\/\/bojornal.pt\/index.php?rest_route=%2Fwp%2Fv2%2Fcategories&post=15332"},{"taxonomy":"post_tag","embeddable":true,"href":"https:\/\/bojornal.pt\/index.php?rest_route=%2Fwp%2Fv2%2Ftags&post=15332"}],"curies":[{"name":"wp","href":"https:\/\/api.w.org\/{rel}","templated":true}]}}