{"id":15328,"date":"2025-04-01T17:26:01","date_gmt":"2025-04-01T16:26:01","guid":{"rendered":"https:\/\/bojornal.pt\/?p=15328"},"modified":"2025-04-07T17:35:43","modified_gmt":"2025-04-07T16:35:43","slug":"motivacao-em-movimento-3","status":"publish","type":"post","link":"https:\/\/bojornal.pt\/?p=15328","title":{"rendered":"Motiva\u00e7\u00e3o em Movimento"},"content":{"rendered":"\n<p><strong><em>Grupo Motiva\u00e7\u00e3o em Movimento presta servi\u00e7os de voluntariado \u00e0 associa\u00e7\u00e3o AMICA<\/em><\/strong><\/p>\n\n\n\n<figure class=\"wp-block-gallery has-nested-images columns-default is-cropped wp-block-gallery-1 is-layout-flex wp-block-gallery-is-layout-flex\">\n<figure class=\"wp-block-image size-large\"><img loading=\"lazy\" decoding=\"async\" width=\"765\" height=\"1024\" data-id=\"15330\" src=\"https:\/\/bojornal.pt\/wp-content\/uploads\/2025\/04\/WhatsApp-Image-2025-03-26-at-14.31.18-1-765x1024.jpeg\" alt=\"\" class=\"wp-image-15330\" srcset=\"https:\/\/bojornal.pt\/wp-content\/uploads\/2025\/04\/WhatsApp-Image-2025-03-26-at-14.31.18-1-765x1024.jpeg 765w, https:\/\/bojornal.pt\/wp-content\/uploads\/2025\/04\/WhatsApp-Image-2025-03-26-at-14.31.18-1-224x300.jpeg 224w, https:\/\/bojornal.pt\/wp-content\/uploads\/2025\/04\/WhatsApp-Image-2025-03-26-at-14.31.18-1-112x150.jpeg 112w, https:\/\/bojornal.pt\/wp-content\/uploads\/2025\/04\/WhatsApp-Image-2025-03-26-at-14.31.18-1-768x1029.jpeg 768w, https:\/\/bojornal.pt\/wp-content\/uploads\/2025\/04\/WhatsApp-Image-2025-03-26-at-14.31.18-1-1147x1536.jpeg 1147w, https:\/\/bojornal.pt\/wp-content\/uploads\/2025\/04\/WhatsApp-Image-2025-03-26-at-14.31.18-1.jpeg 1194w\" sizes=\"auto, (max-width: 765px) 100vw, 765px\" \/><\/figure>\n\n\n\n<figure class=\"wp-block-image size-large\"><img loading=\"lazy\" decoding=\"async\" width=\"768\" height=\"1024\" data-id=\"15329\" src=\"https:\/\/bojornal.pt\/wp-content\/uploads\/2025\/04\/WhatsApp-Image-2025-03-26-at-14.31.18-768x1024.jpeg\" alt=\"\" class=\"wp-image-15329\" srcset=\"https:\/\/bojornal.pt\/wp-content\/uploads\/2025\/04\/WhatsApp-Image-2025-03-26-at-14.31.18-768x1024.jpeg 768w, https:\/\/bojornal.pt\/wp-content\/uploads\/2025\/04\/WhatsApp-Image-2025-03-26-at-14.31.18-225x300.jpeg 225w, https:\/\/bojornal.pt\/wp-content\/uploads\/2025\/04\/WhatsApp-Image-2025-03-26-at-14.31.18-113x150.jpeg 113w, https:\/\/bojornal.pt\/wp-content\/uploads\/2025\/04\/WhatsApp-Image-2025-03-26-at-14.31.18-1152x1536.jpeg 1152w, https:\/\/bojornal.pt\/wp-content\/uploads\/2025\/04\/WhatsApp-Image-2025-03-26-at-14.31.18.jpeg 1200w\" sizes=\"auto, (max-width: 768px) 100vw, 768px\" \/><\/figure>\n<\/figure>\n\n\n\n<p>Ao longo do 2\u00ba per\u00edodo deste ano letivo, 2024\/2025, alguns alunos da turma do 12\u00baH dedicaram-se a fazer voluntariado com animais atrav\u00e9s da associa\u00e7\u00e3o Amicus Canis (AMICA). O projeto integrador desta turma foca-se tanto na integra\u00e7\u00e3o de imigrantes e<br \/>refugiados no nosso pa\u00eds, bem como no cuidado animal. Assim, pretendendo velar pelo bem-estar animal, o grupo tem comparecido diariamente (salvo raras exce\u00e7\u00f5es), desde fevereiro, na associa\u00e7\u00e3o, a fim de passear os animais e limpar as instala\u00e7\u00f5es. Al\u00e9m disso,<br \/>t\u00eam sido angariados produtos para animais, nas diversas escolas do agrupamento, com a finalidade de os doar \u00e0 mesma associa\u00e7\u00e3o.<br \/>Os alunos consideram ser uma experi\u00eancia gratificante que exige muita responsabilidade. Salientam a import\u00e2ncia do trabalho em grupo e a dificuldade inerente \u00e0 presta\u00e7\u00e3o de cuidados a um grande n\u00famero de animais. O feedback tem sido positivo e, deste modo, \u00e9 inten\u00e7\u00e3o do grupo dar seguimento \u00e0s a\u00e7\u00f5es no 3\u00ba per\u00edodo.<\/p>\n","protected":false},"excerpt":{"rendered":"<p>Grupo Motiva\u00e7\u00e3o em Movimento presta servi\u00e7os de voluntariado \u00e0 associa\u00e7\u00e3o AMICA Ao longo do 2\u00ba per\u00edodo deste ano letivo, 2024\/2025, alguns alunos da turma do 12\u00baH dedicaram-se a fazer voluntariado com animais atrav\u00e9s da&#46;&#46;&#46;<\/p>\n","protected":false},"author":2,"featured_media":15330,"comment_status":"closed","ping_status":"open","sticky":false,"template":"","format":"standard","meta":{"footnotes":""},"categories":[2],"tags":[],"class_list":["post-15328","post","type-post","status-publish","format-standard","has-post-thumbnail","hentry","category-atualidade"],"_links":{"self":[{"href":"https:\/\/bojornal.pt\/index.php?rest_route=\/wp\/v2\/posts\/15328","targetHints":{"allow":["GET"]}}],"collection":[{"href":"https:\/\/bojornal.pt\/index.php?rest_route=\/wp\/v2\/posts"}],"about":[{"href":"https:\/\/bojornal.pt\/index.php?rest_route=\/wp\/v2\/types\/post"}],"author":[{"embeddable":true,"href":"https:\/\/bojornal.pt\/index.php?rest_route=\/wp\/v2\/users\/2"}],"replies":[{"embeddable":true,"href":"https:\/\/bojornal.pt\/index.php?rest_route=%2Fwp%2Fv2%2Fcomments&post=15328"}],"version-history":[{"count":0,"href":"https:\/\/bojornal.pt\/index.php?rest_route=\/wp\/v2\/posts\/15328\/revisions"}],"wp:featuredmedia":[{"embeddable":true,"href":"https:\/\/bojornal.pt\/index.php?rest_route=\/wp\/v2\/media\/15330"}],"wp:attachment":[{"href":"https:\/\/bojornal.pt\/index.php?rest_route=%2Fwp%2Fv2%2Fmedia&parent=15328"}],"wp:term":[{"taxonomy":"category","embeddable":true,"href":"https:\/\/bojornal.pt\/index.php?rest_route=%2Fwp%2Fv2%2Fcategories&post=15328"},{"taxonomy":"post_tag","embeddable":true,"href":"https:\/\/bojornal.pt\/index.php?rest_route=%2Fwp%2Fv2%2Ftags&post=15328"}],"curies":[{"name":"wp","href":"https:\/\/api.w.org\/{rel}","templated":true}]}}