{"id":15317,"date":"2025-04-07T17:15:19","date_gmt":"2025-04-07T16:15:19","guid":{"rendered":"https:\/\/bojornal.pt\/?p=15317"},"modified":"2025-04-07T17:15:23","modified_gmt":"2025-04-07T16:15:23","slug":"ha-musica-e-poesia-na-bag","status":"publish","type":"post","link":"https:\/\/bojornal.pt\/?p=15317","title":{"rendered":"\u201cH\u00e1 m\u00fasica e poesia na BAG\u201d"},"content":{"rendered":"\n<figure class=\"wp-block-image size-large\"><img loading=\"lazy\" decoding=\"async\" width=\"1024\" height=\"576\" src=\"https:\/\/bojornal.pt\/wp-content\/uploads\/2025\/04\/5-1-1024x576.jpg\" alt=\"\" class=\"wp-image-15321\" srcset=\"https:\/\/bojornal.pt\/wp-content\/uploads\/2025\/04\/5-1-1024x576.jpg 1024w, https:\/\/bojornal.pt\/wp-content\/uploads\/2025\/04\/5-1-300x169.jpg 300w, https:\/\/bojornal.pt\/wp-content\/uploads\/2025\/04\/5-1-150x84.jpg 150w, https:\/\/bojornal.pt\/wp-content\/uploads\/2025\/04\/5-1-768x432.jpg 768w, https:\/\/bojornal.pt\/wp-content\/uploads\/2025\/04\/5-1-1536x864.jpg 1536w, https:\/\/bojornal.pt\/wp-content\/uploads\/2025\/04\/5-1.jpg 2040w\" sizes=\"auto, (max-width: 1024px) 100vw, 1024px\" \/><\/figure>\n\n\n\n<figure class=\"wp-block-gallery has-nested-images columns-default is-cropped wp-block-gallery-1 is-layout-flex wp-block-gallery-is-layout-flex\">\n<figure class=\"wp-block-image size-large\"><img loading=\"lazy\" decoding=\"async\" width=\"576\" height=\"1024\" data-id=\"15318\" src=\"https:\/\/bojornal.pt\/wp-content\/uploads\/2025\/04\/6-576x1024.jpg\" alt=\"\" class=\"wp-image-15318\" srcset=\"https:\/\/bojornal.pt\/wp-content\/uploads\/2025\/04\/6-576x1024.jpg 576w, https:\/\/bojornal.pt\/wp-content\/uploads\/2025\/04\/6-169x300.jpg 169w, https:\/\/bojornal.pt\/wp-content\/uploads\/2025\/04\/6-84x150.jpg 84w, https:\/\/bojornal.pt\/wp-content\/uploads\/2025\/04\/6-768x1365.jpg 768w, https:\/\/bojornal.pt\/wp-content\/uploads\/2025\/04\/6-864x1536.jpg 864w, https:\/\/bojornal.pt\/wp-content\/uploads\/2025\/04\/6.jpg 1148w\" sizes=\"auto, (max-width: 576px) 100vw, 576px\" \/><\/figure>\n\n\n\n<figure class=\"wp-block-image size-large\"><img loading=\"lazy\" decoding=\"async\" width=\"1024\" height=\"576\" data-id=\"15319\" src=\"https:\/\/bojornal.pt\/wp-content\/uploads\/2025\/04\/16-1024x576.jpg\" alt=\"\" class=\"wp-image-15319\" srcset=\"https:\/\/bojornal.pt\/wp-content\/uploads\/2025\/04\/16-1024x576.jpg 1024w, https:\/\/bojornal.pt\/wp-content\/uploads\/2025\/04\/16-300x169.jpg 300w, https:\/\/bojornal.pt\/wp-content\/uploads\/2025\/04\/16-150x84.jpg 150w, https:\/\/bojornal.pt\/wp-content\/uploads\/2025\/04\/16-768x432.jpg 768w, https:\/\/bojornal.pt\/wp-content\/uploads\/2025\/04\/16-1536x864.jpg 1536w, https:\/\/bojornal.pt\/wp-content\/uploads\/2025\/04\/16.jpg 2040w\" sizes=\"auto, (max-width: 1024px) 100vw, 1024px\" \/><\/figure>\n<\/figure>\n\n\n\n<p>Ao longo do m\u00eas de mar\u00e7o, a Biblioteca \u00c1lvaro Gomes (BAG) encheu-se de sons e de palavras com a atividade \u201cH\u00e1 m\u00fasica e poesia na BAG\u201d. Este evento contou com a participa\u00e7\u00e3o de alunos e professores do Conservat\u00f3rio de M\u00fasica e Dan\u00e7a de Bragan\u00e7a,<br \/> que trouxeram ao espa\u00e7o da biblioteca momentos \u00fanicos de arte e sensibilidade. A escolha do m\u00eas de mar\u00e7o para esta iniciativa n\u00e3o foi casual: o dia 21 marca o Dia Mundial da Poesia, e nada melhor do que celebrar este dia unindo duas das mais belas formas de express\u00e3o humana \u2014 a poesia e a m\u00fasica. Assim, ao longo de v\u00e1rias sess\u00f5es, a BAG transformou-se num palco improvisado onde se cruzaram instrumentos, vozes e versos.<br \/>Neste ano em que se assinala o V centen\u00e1rio do nascimento de Lu\u00eds Vaz de Cam\u00f5es, a atividade prestou ainda uma sentida homenagem ao maior poeta da l\u00edngua portuguesa. A iniciativa, que j\u00e1 \u00e9 o terceiro ano que se realiza, revelou-se um sucesso junto da comunidade escolar, refor\u00e7ando o papel da biblioteca como espa\u00e7o de encontro, cultura e partilha. \u201cH\u00e1 m\u00fasica e poesia na BAG\u201d foi, sem d\u00favida, uma experi\u00eancia enriquecedora que mostrou como a uni\u00e3o entre diferentes express\u00f5es art\u00edsticas pode emocionar, inspirar e aproximar.<\/p>\n","protected":false},"excerpt":{"rendered":"<p>Ao longo do m\u00eas de mar\u00e7o, a Biblioteca \u00c1lvaro Gomes (BAG) encheu-se de sons e de palavras com a atividade \u201cH\u00e1 m\u00fasica e poesia na BAG\u201d. Este evento contou com a participa\u00e7\u00e3o de alunos&#46;&#46;&#46;<\/p>\n","protected":false},"author":2,"featured_media":15321,"comment_status":"closed","ping_status":"open","sticky":false,"template":"","format":"standard","meta":{"footnotes":""},"categories":[9,13],"tags":[],"class_list":["post-15317","post","type-post","status-publish","format-standard","has-post-thumbnail","hentry","category-em-foco","category-escola-paulo-quintela"],"_links":{"self":[{"href":"https:\/\/bojornal.pt\/index.php?rest_route=\/wp\/v2\/posts\/15317","targetHints":{"allow":["GET"]}}],"collection":[{"href":"https:\/\/bojornal.pt\/index.php?rest_route=\/wp\/v2\/posts"}],"about":[{"href":"https:\/\/bojornal.pt\/index.php?rest_route=\/wp\/v2\/types\/post"}],"author":[{"embeddable":true,"href":"https:\/\/bojornal.pt\/index.php?rest_route=\/wp\/v2\/users\/2"}],"replies":[{"embeddable":true,"href":"https:\/\/bojornal.pt\/index.php?rest_route=%2Fwp%2Fv2%2Fcomments&post=15317"}],"version-history":[{"count":0,"href":"https:\/\/bojornal.pt\/index.php?rest_route=\/wp\/v2\/posts\/15317\/revisions"}],"wp:featuredmedia":[{"embeddable":true,"href":"https:\/\/bojornal.pt\/index.php?rest_route=\/wp\/v2\/media\/15321"}],"wp:attachment":[{"href":"https:\/\/bojornal.pt\/index.php?rest_route=%2Fwp%2Fv2%2Fmedia&parent=15317"}],"wp:term":[{"taxonomy":"category","embeddable":true,"href":"https:\/\/bojornal.pt\/index.php?rest_route=%2Fwp%2Fv2%2Fcategories&post=15317"},{"taxonomy":"post_tag","embeddable":true,"href":"https:\/\/bojornal.pt\/index.php?rest_route=%2Fwp%2Fv2%2Ftags&post=15317"}],"curies":[{"name":"wp","href":"https:\/\/api.w.org\/{rel}","templated":true}]}}