{"id":15310,"date":"2025-04-07T17:07:58","date_gmt":"2025-04-07T16:07:58","guid":{"rendered":"https:\/\/bojornal.pt\/?p=15310"},"modified":"2025-04-07T17:08:03","modified_gmt":"2025-04-07T16:08:03","slug":"semana-da-leitura-2025","status":"publish","type":"post","link":"https:\/\/bojornal.pt\/?p=15310","title":{"rendered":"Semana da Leitura 2025"},"content":{"rendered":"\n<figure class=\"wp-block-gallery has-nested-images columns-default is-cropped wp-block-gallery-1 is-layout-flex wp-block-gallery-is-layout-flex\">\n<figure class=\"wp-block-image size-large\"><img loading=\"lazy\" decoding=\"async\" width=\"1024\" height=\"576\" data-id=\"15312\" src=\"https:\/\/bojornal.pt\/wp-content\/uploads\/2025\/04\/9-1024x576.jpg\" alt=\"\" class=\"wp-image-15312\" srcset=\"https:\/\/bojornal.pt\/wp-content\/uploads\/2025\/04\/9-1024x576.jpg 1024w, https:\/\/bojornal.pt\/wp-content\/uploads\/2025\/04\/9-300x169.jpg 300w, https:\/\/bojornal.pt\/wp-content\/uploads\/2025\/04\/9-150x84.jpg 150w, https:\/\/bojornal.pt\/wp-content\/uploads\/2025\/04\/9-768x432.jpg 768w, https:\/\/bojornal.pt\/wp-content\/uploads\/2025\/04\/9-1536x864.jpg 1536w, https:\/\/bojornal.pt\/wp-content\/uploads\/2025\/04\/9.jpg 1600w\" sizes=\"auto, (max-width: 1024px) 100vw, 1024px\" \/><\/figure>\n\n\n\n<figure class=\"wp-block-image size-large\"><img loading=\"lazy\" decoding=\"async\" width=\"1024\" height=\"576\" data-id=\"15315\" src=\"https:\/\/bojornal.pt\/wp-content\/uploads\/2025\/04\/1-1024x576.jpg\" alt=\"\" class=\"wp-image-15315\" srcset=\"https:\/\/bojornal.pt\/wp-content\/uploads\/2025\/04\/1-1024x576.jpg 1024w, https:\/\/bojornal.pt\/wp-content\/uploads\/2025\/04\/1-300x169.jpg 300w, https:\/\/bojornal.pt\/wp-content\/uploads\/2025\/04\/1-150x84.jpg 150w, https:\/\/bojornal.pt\/wp-content\/uploads\/2025\/04\/1-768x432.jpg 768w, https:\/\/bojornal.pt\/wp-content\/uploads\/2025\/04\/1-1536x864.jpg 1536w, https:\/\/bojornal.pt\/wp-content\/uploads\/2025\/04\/1.jpg 2040w\" sizes=\"auto, (max-width: 1024px) 100vw, 1024px\" \/><\/figure>\n\n\n\n<figure class=\"wp-block-image size-large\"><img loading=\"lazy\" decoding=\"async\" width=\"1024\" height=\"576\" data-id=\"15311\" src=\"https:\/\/bojornal.pt\/wp-content\/uploads\/2025\/04\/1-1-1024x576.jpg\" alt=\"\" class=\"wp-image-15311\" srcset=\"https:\/\/bojornal.pt\/wp-content\/uploads\/2025\/04\/1-1-1024x576.jpg 1024w, https:\/\/bojornal.pt\/wp-content\/uploads\/2025\/04\/1-1-300x169.jpg 300w, https:\/\/bojornal.pt\/wp-content\/uploads\/2025\/04\/1-1-150x84.jpg 150w, https:\/\/bojornal.pt\/wp-content\/uploads\/2025\/04\/1-1-768x432.jpg 768w, https:\/\/bojornal.pt\/wp-content\/uploads\/2025\/04\/1-1-1536x864.jpg 1536w, https:\/\/bojornal.pt\/wp-content\/uploads\/2025\/04\/1-1.jpg 1600w\" sizes=\"auto, (max-width: 1024px) 100vw, 1024px\" \/><\/figure>\n\n\n\n<figure class=\"wp-block-image size-large\"><img loading=\"lazy\" decoding=\"async\" width=\"1024\" height=\"576\" data-id=\"15314\" src=\"https:\/\/bojornal.pt\/wp-content\/uploads\/2025\/04\/6-1-1024x576.jpg\" alt=\"\" class=\"wp-image-15314\" srcset=\"https:\/\/bojornal.pt\/wp-content\/uploads\/2025\/04\/6-1-1024x576.jpg 1024w, https:\/\/bojornal.pt\/wp-content\/uploads\/2025\/04\/6-1-300x169.jpg 300w, https:\/\/bojornal.pt\/wp-content\/uploads\/2025\/04\/6-1-150x84.jpg 150w, https:\/\/bojornal.pt\/wp-content\/uploads\/2025\/04\/6-1-768x432.jpg 768w, https:\/\/bojornal.pt\/wp-content\/uploads\/2025\/04\/6-1-1536x864.jpg 1536w, https:\/\/bojornal.pt\/wp-content\/uploads\/2025\/04\/6-1.jpg 1600w\" sizes=\"auto, (max-width: 1024px) 100vw, 1024px\" \/><\/figure>\n\n\n\n<figure class=\"wp-block-image size-large\"><img loading=\"lazy\" decoding=\"async\" width=\"1024\" height=\"576\" data-id=\"15313\" src=\"https:\/\/bojornal.pt\/wp-content\/uploads\/2025\/04\/9-1-1024x576.jpg\" alt=\"\" class=\"wp-image-15313\" srcset=\"https:\/\/bojornal.pt\/wp-content\/uploads\/2025\/04\/9-1-1024x576.jpg 1024w, https:\/\/bojornal.pt\/wp-content\/uploads\/2025\/04\/9-1-300x169.jpg 300w, https:\/\/bojornal.pt\/wp-content\/uploads\/2025\/04\/9-1-150x84.jpg 150w, https:\/\/bojornal.pt\/wp-content\/uploads\/2025\/04\/9-1-768x432.jpg 768w, https:\/\/bojornal.pt\/wp-content\/uploads\/2025\/04\/9-1-1536x864.jpg 1536w, https:\/\/bojornal.pt\/wp-content\/uploads\/2025\/04\/9-1.jpg 1600w\" sizes=\"auto, (max-width: 1024px) 100vw, 1024px\" \/><\/figure>\n<\/figure>\n\n\n\n<p>Entre os dias 31 de mar\u00e7o e 4 de abril, celebrou-se mais uma Semana da Leitura, uma iniciativa promovida pelo Plano Nacional de Leitura (PNL), que encheu a escola de hist\u00f3rias, encontros e muitas emo\u00e7\u00f5es ligadas ao prazer de ler.<br \/>A semana teve in\u00edcio com um momento musical protagonizado pelas turmas do 5.\u00ba B e 6.\u00ba D, sob a orienta\u00e7\u00e3o da professora Filomena Gomes. Durante os dias que se seguiram, as atividades foram muitas e diversificadas. Uma delas foi &#8220;\u00c0 conversa com\u2026&#8221;, que contou com a participa\u00e7\u00e3o especial de Fab\u00edola Mourinho, Lu\u00eds Fernandes e Marisa Alves, convidados que trouxeram aos alunos<br \/>testemunhos inspiradores sobre o seu percurso e rela\u00e7\u00e3o com a leitura e a escrita. Outro momento particularmente tocante foi a atividade &#8220;Ler em fam\u00edlia&#8221;, um verdadeiro sucesso, que contou com a envolv\u00eancia e entusiasmo de pais e encarregados de educa\u00e7\u00e3o. \u00c0s fam\u00edlias, fica o nosso mais sincero agradecimento pela participa\u00e7\u00e3o ativa e pelo carinho com que acolheram esta proposta. N\u00e3o faltou tamb\u00e9m espa\u00e7o para o jogo e para o desafio: o Jogo da Gl\u00f3ria e as Olimp\u00edadas de Portugu\u00eas testaram conhecimentos de forma divertida e educativa. Paralelamente, decorreu a j\u00e1 habitual Feira do Livro Usado, que proporcionou a todos a oportunidade de adquirir novos livros a pre\u00e7os simb\u00f3licos, incentivando a leitura.<br \/>Durante toda a semana estiveram patentes diversas exposi\u00e7\u00f5es dedicadas \u00e0 obra &#8220;A Fada Oriana&#8221;, de Sophia de Mello Breyner Andresen, trabalhada nas aulas de Portugu\u00eas. A entrega de pr\u00e9mios encerrou a Semana da Leitura com chave de ouro, reconhecendo<br \/>o empenho e o talento dos participantes em v\u00e1rias das atividades desenvolvidas. Foi, sem d\u00favida, uma semana rica em experi\u00eancias, afetos e aprendizagens \u2014 uma verdadeira festa da leitura que deixou vontade de repetir!<\/p>\n","protected":false},"excerpt":{"rendered":"<p>Entre os dias 31 de mar\u00e7o e 4 de abril, celebrou-se mais uma Semana da Leitura, uma iniciativa promovida pelo Plano Nacional de Leitura (PNL), que encheu a escola de hist\u00f3rias, encontros e muitas&#46;&#46;&#46;<\/p>\n","protected":false},"author":2,"featured_media":15311,"comment_status":"closed","ping_status":"open","sticky":false,"template":"","format":"standard","meta":{"footnotes":""},"categories":[9,13],"tags":[],"class_list":["post-15310","post","type-post","status-publish","format-standard","has-post-thumbnail","hentry","category-em-foco","category-escola-paulo-quintela"],"_links":{"self":[{"href":"https:\/\/bojornal.pt\/index.php?rest_route=\/wp\/v2\/posts\/15310","targetHints":{"allow":["GET"]}}],"collection":[{"href":"https:\/\/bojornal.pt\/index.php?rest_route=\/wp\/v2\/posts"}],"about":[{"href":"https:\/\/bojornal.pt\/index.php?rest_route=\/wp\/v2\/types\/post"}],"author":[{"embeddable":true,"href":"https:\/\/bojornal.pt\/index.php?rest_route=\/wp\/v2\/users\/2"}],"replies":[{"embeddable":true,"href":"https:\/\/bojornal.pt\/index.php?rest_route=%2Fwp%2Fv2%2Fcomments&post=15310"}],"version-history":[{"count":0,"href":"https:\/\/bojornal.pt\/index.php?rest_route=\/wp\/v2\/posts\/15310\/revisions"}],"wp:featuredmedia":[{"embeddable":true,"href":"https:\/\/bojornal.pt\/index.php?rest_route=\/wp\/v2\/media\/15311"}],"wp:attachment":[{"href":"https:\/\/bojornal.pt\/index.php?rest_route=%2Fwp%2Fv2%2Fmedia&parent=15310"}],"wp:term":[{"taxonomy":"category","embeddable":true,"href":"https:\/\/bojornal.pt\/index.php?rest_route=%2Fwp%2Fv2%2Fcategories&post=15310"},{"taxonomy":"post_tag","embeddable":true,"href":"https:\/\/bojornal.pt\/index.php?rest_route=%2Fwp%2Fv2%2Ftags&post=15310"}],"curies":[{"name":"wp","href":"https:\/\/api.w.org\/{rel}","templated":true}]}}