{"id":15304,"date":"2025-03-17T18:53:05","date_gmt":"2025-03-17T18:53:05","guid":{"rendered":"https:\/\/bojornal.pt\/?p=15304"},"modified":"2025-03-17T18:53:07","modified_gmt":"2025-03-17T18:53:07","slug":"dia-europeu-da-musica-nas-escolas","status":"publish","type":"post","link":"https:\/\/bojornal.pt\/?p=15304","title":{"rendered":"DIA EUROPEU DA M\u00daSICA NAS ESCOLAS"},"content":{"rendered":"\n<figure class=\"wp-block-gallery has-nested-images columns-default is-cropped wp-block-gallery-1 is-layout-flex wp-block-gallery-is-layout-flex\">\n<figure class=\"wp-block-image size-large\"><img loading=\"lazy\" decoding=\"async\" width=\"1024\" height=\"576\" data-id=\"15307\" src=\"https:\/\/bojornal.pt\/wp-content\/uploads\/2025\/03\/8-1024x576.jpg\" alt=\"\" class=\"wp-image-15307\" srcset=\"https:\/\/bojornal.pt\/wp-content\/uploads\/2025\/03\/8-1024x576.jpg 1024w, https:\/\/bojornal.pt\/wp-content\/uploads\/2025\/03\/8-300x169.jpg 300w, https:\/\/bojornal.pt\/wp-content\/uploads\/2025\/03\/8-150x84.jpg 150w, https:\/\/bojornal.pt\/wp-content\/uploads\/2025\/03\/8-768x432.jpg 768w, https:\/\/bojornal.pt\/wp-content\/uploads\/2025\/03\/8-1536x864.jpg 1536w, https:\/\/bojornal.pt\/wp-content\/uploads\/2025\/03\/8.jpg 1600w\" sizes=\"auto, (max-width: 1024px) 100vw, 1024px\" \/><\/figure>\n\n\n\n<figure class=\"wp-block-image size-large\"><img loading=\"lazy\" decoding=\"async\" width=\"1024\" height=\"576\" data-id=\"15306\" src=\"https:\/\/bojornal.pt\/wp-content\/uploads\/2025\/03\/1-1024x576.jpg\" alt=\"\" class=\"wp-image-15306\" srcset=\"https:\/\/bojornal.pt\/wp-content\/uploads\/2025\/03\/1-1024x576.jpg 1024w, https:\/\/bojornal.pt\/wp-content\/uploads\/2025\/03\/1-300x169.jpg 300w, https:\/\/bojornal.pt\/wp-content\/uploads\/2025\/03\/1-150x84.jpg 150w, https:\/\/bojornal.pt\/wp-content\/uploads\/2025\/03\/1-768x432.jpg 768w, https:\/\/bojornal.pt\/wp-content\/uploads\/2025\/03\/1-1536x864.jpg 1536w, https:\/\/bojornal.pt\/wp-content\/uploads\/2025\/03\/1.jpg 2040w\" sizes=\"auto, (max-width: 1024px) 100vw, 1024px\" \/><\/figure>\n\n\n\n<figure class=\"wp-block-image size-large\"><img loading=\"lazy\" decoding=\"async\" width=\"1024\" height=\"576\" data-id=\"15305\" src=\"https:\/\/bojornal.pt\/wp-content\/uploads\/2025\/03\/2-1024x576.jpg\" alt=\"\" class=\"wp-image-15305\" srcset=\"https:\/\/bojornal.pt\/wp-content\/uploads\/2025\/03\/2-1024x576.jpg 1024w, https:\/\/bojornal.pt\/wp-content\/uploads\/2025\/03\/2-300x169.jpg 300w, https:\/\/bojornal.pt\/wp-content\/uploads\/2025\/03\/2-150x84.jpg 150w, https:\/\/bojornal.pt\/wp-content\/uploads\/2025\/03\/2-768x432.jpg 768w, https:\/\/bojornal.pt\/wp-content\/uploads\/2025\/03\/2-1536x864.jpg 1536w, https:\/\/bojornal.pt\/wp-content\/uploads\/2025\/03\/2.jpg 2040w\" sizes=\"auto, (max-width: 1024px) 100vw, 1024px\" \/><\/figure>\n<\/figure>\n\n\n\n<p>Dia 14 de mar\u00e7o celebrou-se o Dia Europeu da M\u00fasica nas Escolas. \u00c9 uma celebra\u00e7\u00e3o fundamental para destacar a import\u00e2ncia da m\u00fasica e que a m\u00fasica faz parte das escolas em toda a Europa (e al\u00e9m), promovendo a criatividade, a express\u00e3o art\u00edstica e o<br \/>desenvolvimento social dos alunos.<br \/>O dia contou com um evento de abertura online para iniciar o compartilhamento de v\u00eddeos que mostram como a educa\u00e7\u00e3o musical soa e se apresenta nas escolas europeias, dando voz a muitos alunos e aos seus professores. O Clube de M\u00fasica e os alunos do 6\u00baF representaram a nossa escola neste evento e foi uma grande honra para todos n\u00f3s.<br \/>Al\u00e9m de incentivar o talento dos alunos, esta comemora\u00e7\u00e3o tamb\u00e9m sublinha o papel da m\u00fasica na constru\u00e7\u00e3o de uma comunidade escolar mais inclusiva e participativa para al\u00e9m de ser uma excelente oportunidade para demonstrar o trabalho desenvolvido nas<br \/>escolas e valorizar a m\u00fasica como uma ferramenta essencial na educa\u00e7\u00e3o.<br \/>Assista a v\u00eddeos por pa\u00eds no canal YouTube:\u00a0https:\/\/www.youtube.com\/@EuDaMuS2025-by-EAS\/playlists<\/p>\n\n\n\n<p><\/p>\n","protected":false},"excerpt":{"rendered":"<p>Dia 14 de mar\u00e7o celebrou-se o Dia Europeu da M\u00fasica nas Escolas. \u00c9 uma celebra\u00e7\u00e3o fundamental para destacar a import\u00e2ncia da m\u00fasica e que a m\u00fasica faz parte das escolas em toda a Europa&#46;&#46;&#46;<\/p>\n","protected":false},"author":2,"featured_media":15307,"comment_status":"closed","ping_status":"open","sticky":false,"template":"","format":"standard","meta":{"footnotes":""},"categories":[9,13],"tags":[],"class_list":["post-15304","post","type-post","status-publish","format-standard","has-post-thumbnail","hentry","category-em-foco","category-escola-paulo-quintela"],"_links":{"self":[{"href":"https:\/\/bojornal.pt\/index.php?rest_route=\/wp\/v2\/posts\/15304","targetHints":{"allow":["GET"]}}],"collection":[{"href":"https:\/\/bojornal.pt\/index.php?rest_route=\/wp\/v2\/posts"}],"about":[{"href":"https:\/\/bojornal.pt\/index.php?rest_route=\/wp\/v2\/types\/post"}],"author":[{"embeddable":true,"href":"https:\/\/bojornal.pt\/index.php?rest_route=\/wp\/v2\/users\/2"}],"replies":[{"embeddable":true,"href":"https:\/\/bojornal.pt\/index.php?rest_route=%2Fwp%2Fv2%2Fcomments&post=15304"}],"version-history":[{"count":0,"href":"https:\/\/bojornal.pt\/index.php?rest_route=\/wp\/v2\/posts\/15304\/revisions"}],"wp:featuredmedia":[{"embeddable":true,"href":"https:\/\/bojornal.pt\/index.php?rest_route=\/wp\/v2\/media\/15307"}],"wp:attachment":[{"href":"https:\/\/bojornal.pt\/index.php?rest_route=%2Fwp%2Fv2%2Fmedia&parent=15304"}],"wp:term":[{"taxonomy":"category","embeddable":true,"href":"https:\/\/bojornal.pt\/index.php?rest_route=%2Fwp%2Fv2%2Fcategories&post=15304"},{"taxonomy":"post_tag","embeddable":true,"href":"https:\/\/bojornal.pt\/index.php?rest_route=%2Fwp%2Fv2%2Ftags&post=15304"}],"curies":[{"name":"wp","href":"https:\/\/api.w.org\/{rel}","templated":true}]}}