{"id":15297,"date":"2025-03-14T09:54:53","date_gmt":"2025-03-14T09:54:53","guid":{"rendered":"https:\/\/bojornal.pt\/?p=15297"},"modified":"2025-03-14T09:54:56","modified_gmt":"2025-03-14T09:54:56","slug":"mascaras-portuguesas","status":"publish","type":"post","link":"https:\/\/bojornal.pt\/?p=15297","title":{"rendered":"M\u00e1scaras Portuguesas"},"content":{"rendered":"\n<p><strong><em>Alunos do PTAS visitam exposi\u00e7\u00e3o de Andr\u00e9 Gago<\/em><\/strong><\/p>\n\n\n\n<figure class=\"wp-block-gallery has-nested-images columns-default is-cropped wp-block-gallery-1 is-layout-flex wp-block-gallery-is-layout-flex\">\n<figure class=\"wp-block-image size-large\"><img loading=\"lazy\" decoding=\"async\" width=\"1024\" height=\"768\" data-id=\"15300\" src=\"https:\/\/bojornal.pt\/wp-content\/uploads\/2025\/03\/51_Exposicao-Mascaras-1-1024x768.jpeg\" alt=\"\" class=\"wp-image-15300\" srcset=\"https:\/\/bojornal.pt\/wp-content\/uploads\/2025\/03\/51_Exposicao-Mascaras-1-1024x768.jpeg 1024w, https:\/\/bojornal.pt\/wp-content\/uploads\/2025\/03\/51_Exposicao-Mascaras-1-300x225.jpeg 300w, https:\/\/bojornal.pt\/wp-content\/uploads\/2025\/03\/51_Exposicao-Mascaras-1-150x113.jpeg 150w, https:\/\/bojornal.pt\/wp-content\/uploads\/2025\/03\/51_Exposicao-Mascaras-1-768x576.jpeg 768w, https:\/\/bojornal.pt\/wp-content\/uploads\/2025\/03\/51_Exposicao-Mascaras-1-1536x1152.jpeg 1536w, https:\/\/bojornal.pt\/wp-content\/uploads\/2025\/03\/51_Exposicao-Mascaras-1.jpeg 1600w\" sizes=\"auto, (max-width: 1024px) 100vw, 1024px\" \/><\/figure>\n\n\n\n<figure class=\"wp-block-image size-large\"><img loading=\"lazy\" decoding=\"async\" width=\"768\" height=\"1024\" data-id=\"15298\" src=\"https:\/\/bojornal.pt\/wp-content\/uploads\/2025\/03\/51_Exposicao-Mascaras-2-768x1024.jpeg\" alt=\"\" class=\"wp-image-15298\" srcset=\"https:\/\/bojornal.pt\/wp-content\/uploads\/2025\/03\/51_Exposicao-Mascaras-2-768x1024.jpeg 768w, https:\/\/bojornal.pt\/wp-content\/uploads\/2025\/03\/51_Exposicao-Mascaras-2-225x300.jpeg 225w, https:\/\/bojornal.pt\/wp-content\/uploads\/2025\/03\/51_Exposicao-Mascaras-2-113x150.jpeg 113w, https:\/\/bojornal.pt\/wp-content\/uploads\/2025\/03\/51_Exposicao-Mascaras-2-1152x1536.jpeg 1152w, https:\/\/bojornal.pt\/wp-content\/uploads\/2025\/03\/51_Exposicao-Mascaras-2.jpeg 1200w\" sizes=\"auto, (max-width: 768px) 100vw, 768px\" \/><\/figure>\n\n\n\n<figure class=\"wp-block-image size-large\"><img loading=\"lazy\" decoding=\"async\" width=\"1024\" height=\"768\" data-id=\"15299\" src=\"https:\/\/bojornal.pt\/wp-content\/uploads\/2025\/03\/51_Exposicao-Mascaras-3-1024x768.jpeg\" alt=\"\" class=\"wp-image-15299\" srcset=\"https:\/\/bojornal.pt\/wp-content\/uploads\/2025\/03\/51_Exposicao-Mascaras-3-1024x768.jpeg 1024w, https:\/\/bojornal.pt\/wp-content\/uploads\/2025\/03\/51_Exposicao-Mascaras-3-300x225.jpeg 300w, https:\/\/bojornal.pt\/wp-content\/uploads\/2025\/03\/51_Exposicao-Mascaras-3-150x113.jpeg 150w, https:\/\/bojornal.pt\/wp-content\/uploads\/2025\/03\/51_Exposicao-Mascaras-3-768x576.jpeg 768w, https:\/\/bojornal.pt\/wp-content\/uploads\/2025\/03\/51_Exposicao-Mascaras-3-1536x1152.jpeg 1536w, https:\/\/bojornal.pt\/wp-content\/uploads\/2025\/03\/51_Exposicao-Mascaras-3.jpeg 1600w\" sizes=\"auto, (max-width: 1024px) 100vw, 1024px\" \/><\/figure>\n<\/figure>\n\n\n\n<p>Os alunos do 1\u00ba ano do Curso Profissional T\u00e9cnico Animador Sociocultural (PTAS) visitaram a exposi\u00e7\u00e3o &#8220;M\u00e1scaras Portuguesas&#8221;, cole\u00e7\u00e3o do ator Andr\u00e9 Gago, presente no Centro Cultural Adriano Moreira, em Bragan\u00e7a. Esta exposi\u00e7\u00e3o conta com mais de tr\u00eas dezenas de m\u00e1scaras, muitas delas oriundas de terras transmontanas. O ator Andr\u00e9 Gago<\/p>\n\n\n\n<p><\/p>\n","protected":false},"excerpt":{"rendered":"<p>Alunos do PTAS visitam exposi\u00e7\u00e3o de Andr\u00e9 Gago Os alunos do 1\u00ba ano do Curso Profissional T\u00e9cnico Animador Sociocultural (PTAS) visitaram a exposi\u00e7\u00e3o &#8220;M\u00e1scaras Portuguesas&#8221;, cole\u00e7\u00e3o do ator Andr\u00e9 Gago, presente no Centro Cultural&#46;&#46;&#46;<\/p>\n","protected":false},"author":2,"featured_media":15300,"comment_status":"closed","ping_status":"open","sticky":false,"template":"","format":"standard","meta":{"footnotes":""},"categories":[16],"tags":[],"class_list":["post-15297","post","type-post","status-publish","format-standard","has-post-thumbnail","hentry","category-escola-secundaria-emidio-garcia"],"_links":{"self":[{"href":"https:\/\/bojornal.pt\/index.php?rest_route=\/wp\/v2\/posts\/15297","targetHints":{"allow":["GET"]}}],"collection":[{"href":"https:\/\/bojornal.pt\/index.php?rest_route=\/wp\/v2\/posts"}],"about":[{"href":"https:\/\/bojornal.pt\/index.php?rest_route=\/wp\/v2\/types\/post"}],"author":[{"embeddable":true,"href":"https:\/\/bojornal.pt\/index.php?rest_route=\/wp\/v2\/users\/2"}],"replies":[{"embeddable":true,"href":"https:\/\/bojornal.pt\/index.php?rest_route=%2Fwp%2Fv2%2Fcomments&post=15297"}],"version-history":[{"count":0,"href":"https:\/\/bojornal.pt\/index.php?rest_route=\/wp\/v2\/posts\/15297\/revisions"}],"wp:featuredmedia":[{"embeddable":true,"href":"https:\/\/bojornal.pt\/index.php?rest_route=\/wp\/v2\/media\/15300"}],"wp:attachment":[{"href":"https:\/\/bojornal.pt\/index.php?rest_route=%2Fwp%2Fv2%2Fmedia&parent=15297"}],"wp:term":[{"taxonomy":"category","embeddable":true,"href":"https:\/\/bojornal.pt\/index.php?rest_route=%2Fwp%2Fv2%2Fcategories&post=15297"},{"taxonomy":"post_tag","embeddable":true,"href":"https:\/\/bojornal.pt\/index.php?rest_route=%2Fwp%2Fv2%2Ftags&post=15297"}],"curies":[{"name":"wp","href":"https:\/\/api.w.org\/{rel}","templated":true}]}}