{"id":15285,"date":"2025-02-25T22:40:50","date_gmt":"2025-02-25T22:40:50","guid":{"rendered":"https:\/\/bojornal.pt\/?p=15285"},"modified":"2025-02-25T22:40:57","modified_gmt":"2025-02-25T22:40:57","slug":"sessao-distrital-do-parlamento-dos-jovens-ensino-secundario","status":"publish","type":"post","link":"https:\/\/bojornal.pt\/?p=15285","title":{"rendered":"Sess\u00e3o Distrital do Parlamento dos Jovens (Ensino Secund\u00e1rio)"},"content":{"rendered":"\n<p><strong><em>Alunos do Liceu foram eleitos para a Sess\u00e3o Nacional<\/em><\/strong><\/p>\n\n\n\n<figure class=\"wp-block-image size-large\"><img loading=\"lazy\" decoding=\"async\" width=\"1024\" height=\"681\" src=\"https:\/\/bojornal.pt\/wp-content\/uploads\/2025\/02\/PJ_Secundario_2025-47-1024x681.jpg\" alt=\"\" class=\"wp-image-15286\" srcset=\"https:\/\/bojornal.pt\/wp-content\/uploads\/2025\/02\/PJ_Secundario_2025-47-1024x681.jpg 1024w, https:\/\/bojornal.pt\/wp-content\/uploads\/2025\/02\/PJ_Secundario_2025-47-300x199.jpg 300w, https:\/\/bojornal.pt\/wp-content\/uploads\/2025\/02\/PJ_Secundario_2025-47-150x100.jpg 150w, https:\/\/bojornal.pt\/wp-content\/uploads\/2025\/02\/PJ_Secundario_2025-47-768x511.jpg 768w, https:\/\/bojornal.pt\/wp-content\/uploads\/2025\/02\/PJ_Secundario_2025-47-1536x1021.jpg 1536w, https:\/\/bojornal.pt\/wp-content\/uploads\/2025\/02\/PJ_Secundario_2025-47-2048x1362.jpg 2048w\" sizes=\"auto, (max-width: 1024px) 100vw, 1024px\" \/><\/figure>\n\n\n\n<p>As deputadas da Escola Secund\u00e1ria Em\u00eddio Garcia (ESEG), Leonor Gomes e Iara Matela, foram eleitas para a Sess\u00e3o Nacional do Parlamento dos Jovens (Ensino Secund\u00e1rio). Depois da brilhante presta\u00e7\u00e3o dos alunos do ensino b\u00e1sico, no dia anterior, foi agora a vez da equipa de secund\u00e1rio ter estado em grande n\u00edvel, na Sess\u00e3o Distrital.  A equipa que representou o agrupamento na Sess\u00e3o Distrital (Leonor Gomes, Iara Matela, Jo\u00e3o Sendim, Guilherme Alves e In\u00eas Queir\u00f3s) esteve sempre muito din\u00e2mica, envolvendo-se nos trabalhos de aperfei\u00e7oamento das medidas deliberadas que representar\u00e3o o c\u00edrculo eleitoral de Bragan\u00e7a. Agora, as duas alunas ir\u00e3o participar na fase final, agendada para os dias 26 e 27 de maio, na Assembleia da Rep\u00fablica (Lisboa).<\/p>\n\n\n\n<p><\/p>\n","protected":false},"excerpt":{"rendered":"<p>Alunos do Liceu foram eleitos para a Sess\u00e3o Nacional As deputadas da Escola Secund\u00e1ria Em\u00eddio Garcia (ESEG), Leonor Gomes e Iara Matela, foram eleitas para a Sess\u00e3o Nacional do Parlamento dos Jovens (Ensino Secund\u00e1rio).&#46;&#46;&#46;<\/p>\n","protected":false},"author":2,"featured_media":15286,"comment_status":"closed","ping_status":"open","sticky":false,"template":"","format":"standard","meta":{"footnotes":""},"categories":[9,16],"tags":[],"class_list":["post-15285","post","type-post","status-publish","format-standard","has-post-thumbnail","hentry","category-em-foco","category-escola-secundaria-emidio-garcia"],"_links":{"self":[{"href":"https:\/\/bojornal.pt\/index.php?rest_route=\/wp\/v2\/posts\/15285","targetHints":{"allow":["GET"]}}],"collection":[{"href":"https:\/\/bojornal.pt\/index.php?rest_route=\/wp\/v2\/posts"}],"about":[{"href":"https:\/\/bojornal.pt\/index.php?rest_route=\/wp\/v2\/types\/post"}],"author":[{"embeddable":true,"href":"https:\/\/bojornal.pt\/index.php?rest_route=\/wp\/v2\/users\/2"}],"replies":[{"embeddable":true,"href":"https:\/\/bojornal.pt\/index.php?rest_route=%2Fwp%2Fv2%2Fcomments&post=15285"}],"version-history":[{"count":0,"href":"https:\/\/bojornal.pt\/index.php?rest_route=\/wp\/v2\/posts\/15285\/revisions"}],"wp:featuredmedia":[{"embeddable":true,"href":"https:\/\/bojornal.pt\/index.php?rest_route=\/wp\/v2\/media\/15286"}],"wp:attachment":[{"href":"https:\/\/bojornal.pt\/index.php?rest_route=%2Fwp%2Fv2%2Fmedia&parent=15285"}],"wp:term":[{"taxonomy":"category","embeddable":true,"href":"https:\/\/bojornal.pt\/index.php?rest_route=%2Fwp%2Fv2%2Fcategories&post=15285"},{"taxonomy":"post_tag","embeddable":true,"href":"https:\/\/bojornal.pt\/index.php?rest_route=%2Fwp%2Fv2%2Ftags&post=15285"}],"curies":[{"name":"wp","href":"https:\/\/api.w.org\/{rel}","templated":true}]}}