{"id":15262,"date":"2025-02-24T12:50:28","date_gmt":"2025-02-24T12:50:28","guid":{"rendered":"https:\/\/bojornal.pt\/?p=15262"},"modified":"2025-02-24T12:50:33","modified_gmt":"2025-02-24T12:50:33","slug":"entre-o-mar-e-o-romanico","status":"publish","type":"post","link":"https:\/\/bojornal.pt\/?p=15262","title":{"rendered":"Entre o mar e o rom\u00e2nico"},"content":{"rendered":"\n<p><strong><em>Alunos de 5.\u00baano de EMRC em visita de estudo<\/em><\/strong><\/p>\n\n\n\n<figure class=\"wp-block-gallery has-nested-images columns-default is-cropped wp-block-gallery-1 is-layout-flex wp-block-gallery-is-layout-flex\">\n<figure class=\"wp-block-image size-large\"><img loading=\"lazy\" decoding=\"async\" width=\"1024\" height=\"768\" data-id=\"15279\" src=\"https:\/\/bojornal.pt\/wp-content\/uploads\/2025\/02\/Visita-ao-Porto_5ano-6-1024x768.jpg\" alt=\"\" class=\"wp-image-15279\" srcset=\"https:\/\/bojornal.pt\/wp-content\/uploads\/2025\/02\/Visita-ao-Porto_5ano-6-1024x768.jpg 1024w, https:\/\/bojornal.pt\/wp-content\/uploads\/2025\/02\/Visita-ao-Porto_5ano-6-300x225.jpg 300w, https:\/\/bojornal.pt\/wp-content\/uploads\/2025\/02\/Visita-ao-Porto_5ano-6-150x113.jpg 150w, https:\/\/bojornal.pt\/wp-content\/uploads\/2025\/02\/Visita-ao-Porto_5ano-6-768x576.jpg 768w, https:\/\/bojornal.pt\/wp-content\/uploads\/2025\/02\/Visita-ao-Porto_5ano-6-1536x1152.jpg 1536w, https:\/\/bojornal.pt\/wp-content\/uploads\/2025\/02\/Visita-ao-Porto_5ano-6-2048x1536.jpg 2048w\" sizes=\"auto, (max-width: 1024px) 100vw, 1024px\" \/><\/figure>\n<\/figure>\n\n\n\n<p>Os alunos de 5.\u00baano da Escola B\u00e1sica Paulo Quintela, inscritos na disciplina de EMRC, realizaram a visita de estudo anual, desta vez, ao Porto. Os 112 alunos visitaram o espa\u00e7o <em>Sea Life Center<\/em>, no qual &#8220;mergulharam&#8221; na aventura de explorar a vida dos oceanos. Depois das diversas atividades, os participantes almo\u00e7aram no Parque da Cidade do Porto e dirigiram-se ao Pavilh\u00e3o da \u00c1gua, onde interagiram com diversas plataformas de conhecimento, relacionadas com esta tem\u00e1tica. Por fim, os alunos deslocaram-se ao Centro Interpretativo do Rom\u00e2nico, em Lousada, no qual tiveram a oportunidade de participar em diversas atividades interativas.   <\/p>\n","protected":false},"excerpt":{"rendered":"<p>Alunos de 5.\u00baano de EMRC em visita de estudo Os alunos de 5.\u00baano da Escola B\u00e1sica Paulo Quintela, inscritos na disciplina de EMRC, realizaram a visita de estudo anual, desta vez, ao Porto. Os&#46;&#46;&#46;<\/p>\n","protected":false},"author":2,"featured_media":15279,"comment_status":"closed","ping_status":"open","sticky":false,"template":"","format":"standard","meta":{"footnotes":""},"categories":[9,13],"tags":[],"class_list":["post-15262","post","type-post","status-publish","format-standard","has-post-thumbnail","hentry","category-em-foco","category-escola-paulo-quintela"],"_links":{"self":[{"href":"https:\/\/bojornal.pt\/index.php?rest_route=\/wp\/v2\/posts\/15262","targetHints":{"allow":["GET"]}}],"collection":[{"href":"https:\/\/bojornal.pt\/index.php?rest_route=\/wp\/v2\/posts"}],"about":[{"href":"https:\/\/bojornal.pt\/index.php?rest_route=\/wp\/v2\/types\/post"}],"author":[{"embeddable":true,"href":"https:\/\/bojornal.pt\/index.php?rest_route=\/wp\/v2\/users\/2"}],"replies":[{"embeddable":true,"href":"https:\/\/bojornal.pt\/index.php?rest_route=%2Fwp%2Fv2%2Fcomments&post=15262"}],"version-history":[{"count":0,"href":"https:\/\/bojornal.pt\/index.php?rest_route=\/wp\/v2\/posts\/15262\/revisions"}],"wp:featuredmedia":[{"embeddable":true,"href":"https:\/\/bojornal.pt\/index.php?rest_route=\/wp\/v2\/media\/15279"}],"wp:attachment":[{"href":"https:\/\/bojornal.pt\/index.php?rest_route=%2Fwp%2Fv2%2Fmedia&parent=15262"}],"wp:term":[{"taxonomy":"category","embeddable":true,"href":"https:\/\/bojornal.pt\/index.php?rest_route=%2Fwp%2Fv2%2Fcategories&post=15262"},{"taxonomy":"post_tag","embeddable":true,"href":"https:\/\/bojornal.pt\/index.php?rest_route=%2Fwp%2Fv2%2Ftags&post=15262"}],"curies":[{"name":"wp","href":"https:\/\/api.w.org\/{rel}","templated":true}]}}