{"id":15238,"date":"2025-02-13T23:04:45","date_gmt":"2025-02-13T23:04:45","guid":{"rendered":"https:\/\/bojornal.pt\/?p=15238"},"modified":"2025-02-13T23:04:52","modified_gmt":"2025-02-13T23:04:52","slug":"danca-robotica-criando-movimento-e-codigo","status":"publish","type":"post","link":"https:\/\/bojornal.pt\/?p=15238","title":{"rendered":"Dan\u00e7a Rob\u00f3tica: Criando Movimento e C\u00f3digo"},"content":{"rendered":"\n<figure class=\"wp-block-gallery has-nested-images columns-default is-cropped wp-block-gallery-1 is-layout-flex wp-block-gallery-is-layout-flex\">\n<figure class=\"wp-block-image size-large\"><img loading=\"lazy\" decoding=\"async\" width=\"576\" height=\"1024\" data-id=\"15239\" src=\"https:\/\/bojornal.pt\/wp-content\/uploads\/2025\/02\/IMG_9973-576x1024.jpg\" alt=\"\" class=\"wp-image-15239\" srcset=\"https:\/\/bojornal.pt\/wp-content\/uploads\/2025\/02\/IMG_9973-576x1024.jpg 576w, https:\/\/bojornal.pt\/wp-content\/uploads\/2025\/02\/IMG_9973-169x300.jpg 169w, https:\/\/bojornal.pt\/wp-content\/uploads\/2025\/02\/IMG_9973-84x150.jpg 84w, https:\/\/bojornal.pt\/wp-content\/uploads\/2025\/02\/IMG_9973-768x1365.jpg 768w, https:\/\/bojornal.pt\/wp-content\/uploads\/2025\/02\/IMG_9973-864x1536.jpg 864w, https:\/\/bojornal.pt\/wp-content\/uploads\/2025\/02\/IMG_9973-1152x2048.jpg 1152w, https:\/\/bojornal.pt\/wp-content\/uploads\/2025\/02\/IMG_9973-scaled.jpg 1440w\" sizes=\"auto, (max-width: 576px) 100vw, 576px\" \/><\/figure>\n\n\n\n<figure class=\"wp-block-image size-large\"><img loading=\"lazy\" decoding=\"async\" width=\"1024\" height=\"894\" data-id=\"15240\" src=\"https:\/\/bojornal.pt\/wp-content\/uploads\/2025\/02\/IMG_9991-1024x894.jpg\" alt=\"\" class=\"wp-image-15240\" srcset=\"https:\/\/bojornal.pt\/wp-content\/uploads\/2025\/02\/IMG_9991-1024x894.jpg 1024w, https:\/\/bojornal.pt\/wp-content\/uploads\/2025\/02\/IMG_9991-300x262.jpg 300w, https:\/\/bojornal.pt\/wp-content\/uploads\/2025\/02\/IMG_9991-150x131.jpg 150w, https:\/\/bojornal.pt\/wp-content\/uploads\/2025\/02\/IMG_9991-768x671.jpg 768w, https:\/\/bojornal.pt\/wp-content\/uploads\/2025\/02\/IMG_9991-1536x1341.jpg 1536w, https:\/\/bojornal.pt\/wp-content\/uploads\/2025\/02\/IMG_9991-2048x1789.jpg 2048w\" sizes=\"auto, (max-width: 1024px) 100vw, 1024px\" \/><\/figure>\n\n\n\n<figure class=\"wp-block-image size-large\"><img loading=\"lazy\" decoding=\"async\" width=\"1024\" height=\"576\" data-id=\"15241\" src=\"https:\/\/bojornal.pt\/wp-content\/uploads\/2025\/02\/IMG_9978-1024x576.jpg\" alt=\"\" class=\"wp-image-15241\" srcset=\"https:\/\/bojornal.pt\/wp-content\/uploads\/2025\/02\/IMG_9978-1024x576.jpg 1024w, https:\/\/bojornal.pt\/wp-content\/uploads\/2025\/02\/IMG_9978-300x169.jpg 300w, https:\/\/bojornal.pt\/wp-content\/uploads\/2025\/02\/IMG_9978-150x84.jpg 150w, https:\/\/bojornal.pt\/wp-content\/uploads\/2025\/02\/IMG_9978-768x432.jpg 768w, https:\/\/bojornal.pt\/wp-content\/uploads\/2025\/02\/IMG_9978-1536x864.jpg 1536w, https:\/\/bojornal.pt\/wp-content\/uploads\/2025\/02\/IMG_9978-2048x1152.jpg 2048w\" sizes=\"auto, (max-width: 1024px) 100vw, 1024px\" \/><\/figure>\n\n\n\n<figure class=\"wp-block-image size-large\"><img loading=\"lazy\" decoding=\"async\" width=\"1024\" height=\"752\" data-id=\"15242\" src=\"https:\/\/bojornal.pt\/wp-content\/uploads\/2025\/02\/IMG_9997-1024x752.jpg\" alt=\"\" class=\"wp-image-15242\" srcset=\"https:\/\/bojornal.pt\/wp-content\/uploads\/2025\/02\/IMG_9997-1024x752.jpg 1024w, https:\/\/bojornal.pt\/wp-content\/uploads\/2025\/02\/IMG_9997-300x220.jpg 300w, https:\/\/bojornal.pt\/wp-content\/uploads\/2025\/02\/IMG_9997-150x110.jpg 150w, https:\/\/bojornal.pt\/wp-content\/uploads\/2025\/02\/IMG_9997-768x564.jpg 768w, https:\/\/bojornal.pt\/wp-content\/uploads\/2025\/02\/IMG_9997-1536x1128.jpg 1536w, https:\/\/bojornal.pt\/wp-content\/uploads\/2025\/02\/IMG_9997-2048x1503.jpg 2048w\" sizes=\"auto, (max-width: 1024px) 100vw, 1024px\" \/><\/figure>\n<\/figure>\n\n\n\n<p>No m\u00eas de janeiro, os alunos do 12\u00ba ano, turmas A e D, participaram numa atividade inovadora e interdisciplinar intitulada &#8220;Dan\u00e7a Rob\u00f3tica: Criando Movimento e C\u00f3digo&#8221;. Esta atividade foi realizada no \u00e2mbito do Dom\u00ednio de Autonomia Curricular (DAC), envolvendo as disciplinas de Aplica\u00e7\u00f5es Inform\u00e1ticas B e Educa\u00e7\u00e3o F\u00edsica.&nbsp;<\/p>\n\n\n\n<p>Durante tr\u00eas tempos letivos de 45 minutos, os alunos foram desafiados pelos docentes das disciplinas envolvidas a criar uma coreografia de dan\u00e7a e a programar dois rob\u00f4s mBot2 para dan\u00e7ar em conjunto com eles. A atividade incluiu a escolha e tratamento de \u00e1udio, a cria\u00e7\u00e3o da coreografia, a montagem e programa\u00e7\u00e3o dos rob\u00f4s, promovendo a colabora\u00e7\u00e3o e o trabalho em equipa.&nbsp;<\/p>\n\n\n\n<p>O objetivo principal desta atividade foi estimular a criatividade, o pensamento computacional e l\u00f3gico, al\u00e9m de fortalecer as compet\u00eancias cognitivas e socioemocionais dos alunos. A avalia\u00e7\u00e3o foi cont\u00ednua, utilizando tanto a autoavalia\u00e7\u00e3o quanto a coavalia\u00e7\u00e3o, com os alunos a utilizarem rubricas para avaliar o desenvolvimento do projeto em diferentes etapas.&nbsp;<\/p>\n\n\n\n<p>Os recursos utilizados inclu\u00edram as aplica\u00e7\u00f5es Audacity e mBlock, rob\u00f4s mBot2, computadores, liga\u00e7\u00e3o \u00e0 Internet, tutoriais e materiais de apoio, e a sala LED3. O resultado foi a apresenta\u00e7\u00e3o da coreografia com o rob\u00f4 mBot2, refletindo o desenvolvimento das compet\u00eancias t\u00e9cnicas e criativas ao longo do projeto.&nbsp;<\/p>\n\n\n\n<p>Esta atividade n\u00e3o s\u00f3 proporcionou uma experi\u00eancia educativa enriquecedora, mas tamb\u00e9m demonstrou a import\u00e2ncia da integra\u00e7\u00e3o de diferentes \u00e1reas do conhecimento para o desenvolvimento integral dos alunos.&nbsp;<\/p>\n\n\n\n<p>Docentes respons\u00e1veis: Ana Afonso (AI B) e Jo\u00e3o Pires (Educa\u00e7\u00e3o F\u00edsica)&nbsp;<\/p>\n\n\n\n<figure class=\"wp-block-embed is-type-video is-provider-youtube wp-block-embed-youtube wp-embed-aspect-16-9 wp-has-aspect-ratio\"><div class=\"wp-block-embed__wrapper\">\n<div class=\"video-container\"><iframe loading=\"lazy\" title=\"Dan\u00e7a rob\u00f3tica: criando movimento e c\u00f3digo - final\" width=\"500\" height=\"281\" src=\"https:\/\/www.youtube.com\/embed\/VhKGXXm4gLU?feature=oembed&#038;wmode=opaque\" frameborder=\"0\" allow=\"accelerometer; autoplay; clipboard-write; encrypted-media; gyroscope; picture-in-picture; web-share\" referrerpolicy=\"strict-origin-when-cross-origin\" allowfullscreen><\/iframe><\/div>\n<\/div><\/figure>\n","protected":false},"excerpt":{"rendered":"<p>No m\u00eas de janeiro, os alunos do 12\u00ba ano, turmas A e D, participaram numa atividade inovadora e interdisciplinar intitulada &#8220;Dan\u00e7a Rob\u00f3tica: Criando Movimento e C\u00f3digo&#8221;. Esta atividade foi realizada no \u00e2mbito do Dom\u00ednio&#46;&#46;&#46;<\/p>\n","protected":false},"author":2,"featured_media":15241,"comment_status":"closed","ping_status":"open","sticky":false,"template":"","format":"standard","meta":{"footnotes":""},"categories":[25,9,16],"tags":[],"class_list":["post-15238","post","type-post","status-publish","format-standard","has-post-thumbnail","hentry","category-clubes","category-em-foco","category-escola-secundaria-emidio-garcia"],"_links":{"self":[{"href":"https:\/\/bojornal.pt\/index.php?rest_route=\/wp\/v2\/posts\/15238","targetHints":{"allow":["GET"]}}],"collection":[{"href":"https:\/\/bojornal.pt\/index.php?rest_route=\/wp\/v2\/posts"}],"about":[{"href":"https:\/\/bojornal.pt\/index.php?rest_route=\/wp\/v2\/types\/post"}],"author":[{"embeddable":true,"href":"https:\/\/bojornal.pt\/index.php?rest_route=\/wp\/v2\/users\/2"}],"replies":[{"embeddable":true,"href":"https:\/\/bojornal.pt\/index.php?rest_route=%2Fwp%2Fv2%2Fcomments&post=15238"}],"version-history":[{"count":0,"href":"https:\/\/bojornal.pt\/index.php?rest_route=\/wp\/v2\/posts\/15238\/revisions"}],"wp:featuredmedia":[{"embeddable":true,"href":"https:\/\/bojornal.pt\/index.php?rest_route=\/wp\/v2\/media\/15241"}],"wp:attachment":[{"href":"https:\/\/bojornal.pt\/index.php?rest_route=%2Fwp%2Fv2%2Fmedia&parent=15238"}],"wp:term":[{"taxonomy":"category","embeddable":true,"href":"https:\/\/bojornal.pt\/index.php?rest_route=%2Fwp%2Fv2%2Fcategories&post=15238"},{"taxonomy":"post_tag","embeddable":true,"href":"https:\/\/bojornal.pt\/index.php?rest_route=%2Fwp%2Fv2%2Ftags&post=15238"}],"curies":[{"name":"wp","href":"https:\/\/api.w.org\/{rel}","templated":true}]}}