{"id":15227,"date":"2025-02-01T22:44:16","date_gmt":"2025-02-01T22:44:16","guid":{"rendered":"https:\/\/bojornal.pt\/?p=15227"},"modified":"2025-02-11T08:48:13","modified_gmt":"2025-02-11T08:48:13","slug":"inspiring-future-visita-escola-secundaria-emidio-garcia","status":"publish","type":"post","link":"https:\/\/bojornal.pt\/?p=15227","title":{"rendered":"Inspiring Future visita Escola Secund\u00e1ria Em\u00eddio Garcia"},"content":{"rendered":"\n<p><strong><em>Alunos de 12.\u00baano informam-se sobre acesso ao ensino superior<\/em><\/strong><\/p>\n\n\n\n<figure class=\"wp-block-gallery has-nested-images columns-default is-cropped wp-block-gallery-1 is-layout-flex wp-block-gallery-is-layout-flex\">\n<figure class=\"wp-block-image size-large\"><img loading=\"lazy\" decoding=\"async\" width=\"1024\" height=\"460\" data-id=\"15230\" src=\"https:\/\/bojornal.pt\/wp-content\/uploads\/2025\/02\/7c31a77f-1728-4584-bef7-dda33b2cf2a2-1024x460.jpg\" alt=\"\" class=\"wp-image-15230\" srcset=\"https:\/\/bojornal.pt\/wp-content\/uploads\/2025\/02\/7c31a77f-1728-4584-bef7-dda33b2cf2a2-1024x460.jpg 1024w, https:\/\/bojornal.pt\/wp-content\/uploads\/2025\/02\/7c31a77f-1728-4584-bef7-dda33b2cf2a2-300x135.jpg 300w, https:\/\/bojornal.pt\/wp-content\/uploads\/2025\/02\/7c31a77f-1728-4584-bef7-dda33b2cf2a2-150x67.jpg 150w, https:\/\/bojornal.pt\/wp-content\/uploads\/2025\/02\/7c31a77f-1728-4584-bef7-dda33b2cf2a2-768x345.jpg 768w, https:\/\/bojornal.pt\/wp-content\/uploads\/2025\/02\/7c31a77f-1728-4584-bef7-dda33b2cf2a2-1536x690.jpg 1536w, https:\/\/bojornal.pt\/wp-content\/uploads\/2025\/02\/7c31a77f-1728-4584-bef7-dda33b2cf2a2-2048x920.jpg 2048w\" sizes=\"auto, (max-width: 1024px) 100vw, 1024px\" \/><\/figure>\n\n\n\n<figure class=\"wp-block-image size-large\"><img loading=\"lazy\" decoding=\"async\" width=\"1024\" height=\"460\" data-id=\"15228\" src=\"https:\/\/bojornal.pt\/wp-content\/uploads\/2025\/02\/90ade742-7695-45cd-9a49-ae0fddf1201c-1024x460.jpg\" alt=\"\" class=\"wp-image-15228\" srcset=\"https:\/\/bojornal.pt\/wp-content\/uploads\/2025\/02\/90ade742-7695-45cd-9a49-ae0fddf1201c-1024x460.jpg 1024w, https:\/\/bojornal.pt\/wp-content\/uploads\/2025\/02\/90ade742-7695-45cd-9a49-ae0fddf1201c-300x135.jpg 300w, https:\/\/bojornal.pt\/wp-content\/uploads\/2025\/02\/90ade742-7695-45cd-9a49-ae0fddf1201c-150x67.jpg 150w, https:\/\/bojornal.pt\/wp-content\/uploads\/2025\/02\/90ade742-7695-45cd-9a49-ae0fddf1201c-768x345.jpg 768w, https:\/\/bojornal.pt\/wp-content\/uploads\/2025\/02\/90ade742-7695-45cd-9a49-ae0fddf1201c-1536x690.jpg 1536w, https:\/\/bojornal.pt\/wp-content\/uploads\/2025\/02\/90ade742-7695-45cd-9a49-ae0fddf1201c-2048x920.jpg 2048w\" sizes=\"auto, (max-width: 1024px) 100vw, 1024px\" \/><\/figure>\n\n\n\n<figure class=\"wp-block-image size-large\"><img loading=\"lazy\" decoding=\"async\" width=\"1024\" height=\"460\" data-id=\"15229\" src=\"https:\/\/bojornal.pt\/wp-content\/uploads\/2025\/02\/357e8fd1-4da1-4ab7-8663-9cdf0fae3c05-1024x460.jpg\" alt=\"\" class=\"wp-image-15229\" srcset=\"https:\/\/bojornal.pt\/wp-content\/uploads\/2025\/02\/357e8fd1-4da1-4ab7-8663-9cdf0fae3c05-1024x460.jpg 1024w, https:\/\/bojornal.pt\/wp-content\/uploads\/2025\/02\/357e8fd1-4da1-4ab7-8663-9cdf0fae3c05-300x135.jpg 300w, https:\/\/bojornal.pt\/wp-content\/uploads\/2025\/02\/357e8fd1-4da1-4ab7-8663-9cdf0fae3c05-150x67.jpg 150w, https:\/\/bojornal.pt\/wp-content\/uploads\/2025\/02\/357e8fd1-4da1-4ab7-8663-9cdf0fae3c05-768x345.jpg 768w, https:\/\/bojornal.pt\/wp-content\/uploads\/2025\/02\/357e8fd1-4da1-4ab7-8663-9cdf0fae3c05-1536x690.jpg 1536w, https:\/\/bojornal.pt\/wp-content\/uploads\/2025\/02\/357e8fd1-4da1-4ab7-8663-9cdf0fae3c05-2048x920.jpg 2048w\" sizes=\"auto, (max-width: 1024px) 100vw, 1024px\" \/><\/figure>\n\n\n\n<figure class=\"wp-block-image size-large\"><img loading=\"lazy\" decoding=\"async\" width=\"1024\" height=\"460\" data-id=\"15235\" src=\"https:\/\/bojornal.pt\/wp-content\/uploads\/2025\/02\/571c96a2-153d-4944-8d85-49056b854ea7-1024x460.jpg\" alt=\"\" class=\"wp-image-15235\" srcset=\"https:\/\/bojornal.pt\/wp-content\/uploads\/2025\/02\/571c96a2-153d-4944-8d85-49056b854ea7-1024x460.jpg 1024w, https:\/\/bojornal.pt\/wp-content\/uploads\/2025\/02\/571c96a2-153d-4944-8d85-49056b854ea7-300x135.jpg 300w, https:\/\/bojornal.pt\/wp-content\/uploads\/2025\/02\/571c96a2-153d-4944-8d85-49056b854ea7-150x67.jpg 150w, https:\/\/bojornal.pt\/wp-content\/uploads\/2025\/02\/571c96a2-153d-4944-8d85-49056b854ea7-768x345.jpg 768w, https:\/\/bojornal.pt\/wp-content\/uploads\/2025\/02\/571c96a2-153d-4944-8d85-49056b854ea7-1536x690.jpg 1536w, https:\/\/bojornal.pt\/wp-content\/uploads\/2025\/02\/571c96a2-153d-4944-8d85-49056b854ea7-2048x920.jpg 2048w\" sizes=\"auto, (max-width: 1024px) 100vw, 1024px\" \/><\/figure>\n\n\n\n<figure class=\"wp-block-image size-large\"><img loading=\"lazy\" decoding=\"async\" width=\"1024\" height=\"460\" data-id=\"15231\" src=\"https:\/\/bojornal.pt\/wp-content\/uploads\/2025\/02\/b1ee8570-12e6-4c83-8172-00beb38563a8-1024x460.jpg\" alt=\"\" class=\"wp-image-15231\" srcset=\"https:\/\/bojornal.pt\/wp-content\/uploads\/2025\/02\/b1ee8570-12e6-4c83-8172-00beb38563a8-1024x460.jpg 1024w, https:\/\/bojornal.pt\/wp-content\/uploads\/2025\/02\/b1ee8570-12e6-4c83-8172-00beb38563a8-300x135.jpg 300w, https:\/\/bojornal.pt\/wp-content\/uploads\/2025\/02\/b1ee8570-12e6-4c83-8172-00beb38563a8-150x67.jpg 150w, https:\/\/bojornal.pt\/wp-content\/uploads\/2025\/02\/b1ee8570-12e6-4c83-8172-00beb38563a8-768x345.jpg 768w, https:\/\/bojornal.pt\/wp-content\/uploads\/2025\/02\/b1ee8570-12e6-4c83-8172-00beb38563a8-1536x690.jpg 1536w, https:\/\/bojornal.pt\/wp-content\/uploads\/2025\/02\/b1ee8570-12e6-4c83-8172-00beb38563a8-2048x920.jpg 2048w\" sizes=\"auto, (max-width: 1024px) 100vw, 1024px\" \/><\/figure>\n\n\n\n<figure class=\"wp-block-image size-large\"><img loading=\"lazy\" decoding=\"async\" width=\"1024\" height=\"460\" data-id=\"15232\" src=\"https:\/\/bojornal.pt\/wp-content\/uploads\/2025\/02\/b091f2bf-d8c6-45ec-a8cb-1811f9764891-1024x460.jpg\" alt=\"\" class=\"wp-image-15232\" srcset=\"https:\/\/bojornal.pt\/wp-content\/uploads\/2025\/02\/b091f2bf-d8c6-45ec-a8cb-1811f9764891-1024x460.jpg 1024w, https:\/\/bojornal.pt\/wp-content\/uploads\/2025\/02\/b091f2bf-d8c6-45ec-a8cb-1811f9764891-300x135.jpg 300w, https:\/\/bojornal.pt\/wp-content\/uploads\/2025\/02\/b091f2bf-d8c6-45ec-a8cb-1811f9764891-150x67.jpg 150w, https:\/\/bojornal.pt\/wp-content\/uploads\/2025\/02\/b091f2bf-d8c6-45ec-a8cb-1811f9764891-768x345.jpg 768w, https:\/\/bojornal.pt\/wp-content\/uploads\/2025\/02\/b091f2bf-d8c6-45ec-a8cb-1811f9764891-1536x690.jpg 1536w, https:\/\/bojornal.pt\/wp-content\/uploads\/2025\/02\/b091f2bf-d8c6-45ec-a8cb-1811f9764891-2048x920.jpg 2048w\" sizes=\"auto, (max-width: 1024px) 100vw, 1024px\" \/><\/figure>\n\n\n\n<figure class=\"wp-block-image size-large\"><img loading=\"lazy\" decoding=\"async\" width=\"1024\" height=\"460\" data-id=\"15233\" src=\"https:\/\/bojornal.pt\/wp-content\/uploads\/2025\/02\/ca057a2b-809d-4c0e-9f64-3cefbd2dc42b-1024x460.jpg\" alt=\"\" class=\"wp-image-15233\" srcset=\"https:\/\/bojornal.pt\/wp-content\/uploads\/2025\/02\/ca057a2b-809d-4c0e-9f64-3cefbd2dc42b-1024x460.jpg 1024w, https:\/\/bojornal.pt\/wp-content\/uploads\/2025\/02\/ca057a2b-809d-4c0e-9f64-3cefbd2dc42b-300x135.jpg 300w, https:\/\/bojornal.pt\/wp-content\/uploads\/2025\/02\/ca057a2b-809d-4c0e-9f64-3cefbd2dc42b-150x67.jpg 150w, https:\/\/bojornal.pt\/wp-content\/uploads\/2025\/02\/ca057a2b-809d-4c0e-9f64-3cefbd2dc42b-768x345.jpg 768w, https:\/\/bojornal.pt\/wp-content\/uploads\/2025\/02\/ca057a2b-809d-4c0e-9f64-3cefbd2dc42b-1536x690.jpg 1536w, https:\/\/bojornal.pt\/wp-content\/uploads\/2025\/02\/ca057a2b-809d-4c0e-9f64-3cefbd2dc42b-2048x920.jpg 2048w\" sizes=\"auto, (max-width: 1024px) 100vw, 1024px\" \/><\/figure>\n\n\n\n<figure class=\"wp-block-image size-large\"><img loading=\"lazy\" decoding=\"async\" width=\"1024\" height=\"460\" data-id=\"15234\" src=\"https:\/\/bojornal.pt\/wp-content\/uploads\/2025\/02\/d51f8f62-62d4-4c1b-b44c-1ff620ed5328-1024x460.jpg\" alt=\"\" class=\"wp-image-15234\" srcset=\"https:\/\/bojornal.pt\/wp-content\/uploads\/2025\/02\/d51f8f62-62d4-4c1b-b44c-1ff620ed5328-1024x460.jpg 1024w, https:\/\/bojornal.pt\/wp-content\/uploads\/2025\/02\/d51f8f62-62d4-4c1b-b44c-1ff620ed5328-300x135.jpg 300w, https:\/\/bojornal.pt\/wp-content\/uploads\/2025\/02\/d51f8f62-62d4-4c1b-b44c-1ff620ed5328-150x67.jpg 150w, https:\/\/bojornal.pt\/wp-content\/uploads\/2025\/02\/d51f8f62-62d4-4c1b-b44c-1ff620ed5328-768x345.jpg 768w, https:\/\/bojornal.pt\/wp-content\/uploads\/2025\/02\/d51f8f62-62d4-4c1b-b44c-1ff620ed5328-1536x690.jpg 1536w, https:\/\/bojornal.pt\/wp-content\/uploads\/2025\/02\/d51f8f62-62d4-4c1b-b44c-1ff620ed5328-2048x920.jpg 2048w\" sizes=\"auto, (max-width: 1024px) 100vw, 1024px\" \/><\/figure>\n\n\n\n<figure class=\"wp-block-image size-large\"><img loading=\"lazy\" decoding=\"async\" width=\"1024\" height=\"460\" data-id=\"15236\" src=\"https:\/\/bojornal.pt\/wp-content\/uploads\/2025\/02\/f99060df-e1a7-4030-9ba1-b6bf9d9fa155-1024x460.jpg\" alt=\"\" class=\"wp-image-15236\" srcset=\"https:\/\/bojornal.pt\/wp-content\/uploads\/2025\/02\/f99060df-e1a7-4030-9ba1-b6bf9d9fa155-1024x460.jpg 1024w, https:\/\/bojornal.pt\/wp-content\/uploads\/2025\/02\/f99060df-e1a7-4030-9ba1-b6bf9d9fa155-300x135.jpg 300w, https:\/\/bojornal.pt\/wp-content\/uploads\/2025\/02\/f99060df-e1a7-4030-9ba1-b6bf9d9fa155-150x67.jpg 150w, https:\/\/bojornal.pt\/wp-content\/uploads\/2025\/02\/f99060df-e1a7-4030-9ba1-b6bf9d9fa155-768x345.jpg 768w, https:\/\/bojornal.pt\/wp-content\/uploads\/2025\/02\/f99060df-e1a7-4030-9ba1-b6bf9d9fa155-1536x690.jpg 1536w, https:\/\/bojornal.pt\/wp-content\/uploads\/2025\/02\/f99060df-e1a7-4030-9ba1-b6bf9d9fa155-2048x920.jpg 2048w\" sizes=\"auto, (max-width: 1024px) 100vw, 1024px\" \/><\/figure>\n<\/figure>\n\n\n\n<p>A Escola Em\u00eddio Garcia de Bragan\u00e7a acolheu mais uma edi\u00e7\u00e3o do <em>Inspiring Future, <\/em>Esta iniciativa, integrada no Plano de Atividades do\u00a0<strong>S<\/strong>ervi\u00e7o de\u00a0<strong>P<\/strong>sicologia e\u00a0<strong>O<\/strong>rienta\u00e7\u00e3o do Agrupamento de Escolas Em\u00eddio Garcia, proporcionou \u00e0s turmas do 12.\u00ba ano, a participa\u00e7\u00e3o em sess\u00f5es de informa\u00e7\u00e3o e workshops, com o objetivo de\u00a0 \u00a0ajudar os alunos no processo de candidatura ao ensino superior, a identificar o percurso acad\u00e9mico a seguir em fun\u00e7\u00e3o das suas ambi\u00e7\u00f5es, desenvolverem uma atitude proativa e diferenciadora no mercado de trabalho, assim como a desenvolverem outras ferramentas importantes, como as soft skills, para que consigam posicionar-se adequadamente na carreira que desejam.<\/p>\n\n\n\n<p>Num formato de roadshow, na manh\u00e3 do dia 23 de janeiro, foi tamb\u00e9m instalado um espa\u00e7o &#8220;expositores,\u00a0com pequenos stands de escolas do ensino superior, onde de igual forma as turmas de 10.\u00ba e 11.\u00ba ano, puderam recolher informa\u00e7\u00f5es que podem ser uteis aquando do processo de tomada de decis\u00e3o.<\/p>\n","protected":false},"excerpt":{"rendered":"<p>Alunos de 12.\u00baano informam-se sobre acesso ao ensino superior A Escola Em\u00eddio Garcia de Bragan\u00e7a acolheu mais uma edi\u00e7\u00e3o do Inspiring Future, Esta iniciativa, integrada no Plano de Atividades do\u00a0Servi\u00e7o de\u00a0Psicologia e\u00a0Orienta\u00e7\u00e3o do Agrupamento&#46;&#46;&#46;<\/p>\n","protected":false},"author":2,"featured_media":15233,"comment_status":"closed","ping_status":"open","sticky":false,"template":"","format":"standard","meta":{"footnotes":""},"categories":[16],"tags":[],"class_list":["post-15227","post","type-post","status-publish","format-standard","has-post-thumbnail","hentry","category-escola-secundaria-emidio-garcia"],"_links":{"self":[{"href":"https:\/\/bojornal.pt\/index.php?rest_route=\/wp\/v2\/posts\/15227","targetHints":{"allow":["GET"]}}],"collection":[{"href":"https:\/\/bojornal.pt\/index.php?rest_route=\/wp\/v2\/posts"}],"about":[{"href":"https:\/\/bojornal.pt\/index.php?rest_route=\/wp\/v2\/types\/post"}],"author":[{"embeddable":true,"href":"https:\/\/bojornal.pt\/index.php?rest_route=\/wp\/v2\/users\/2"}],"replies":[{"embeddable":true,"href":"https:\/\/bojornal.pt\/index.php?rest_route=%2Fwp%2Fv2%2Fcomments&post=15227"}],"version-history":[{"count":0,"href":"https:\/\/bojornal.pt\/index.php?rest_route=\/wp\/v2\/posts\/15227\/revisions"}],"wp:featuredmedia":[{"embeddable":true,"href":"https:\/\/bojornal.pt\/index.php?rest_route=\/wp\/v2\/media\/15233"}],"wp:attachment":[{"href":"https:\/\/bojornal.pt\/index.php?rest_route=%2Fwp%2Fv2%2Fmedia&parent=15227"}],"wp:term":[{"taxonomy":"category","embeddable":true,"href":"https:\/\/bojornal.pt\/index.php?rest_route=%2Fwp%2Fv2%2Fcategories&post=15227"},{"taxonomy":"post_tag","embeddable":true,"href":"https:\/\/bojornal.pt\/index.php?rest_route=%2Fwp%2Fv2%2Ftags&post=15227"}],"curies":[{"name":"wp","href":"https:\/\/api.w.org\/{rel}","templated":true}]}}