{"id":15219,"date":"2025-02-05T18:44:22","date_gmt":"2025-02-05T18:44:22","guid":{"rendered":"https:\/\/bojornal.pt\/?p=15219"},"modified":"2025-02-07T18:52:31","modified_gmt":"2025-02-07T18:52:31","slug":"cordao-humano-na-luta-contra-o-cancro","status":"publish","type":"post","link":"https:\/\/bojornal.pt\/?p=15219","title":{"rendered":"Cord\u00e3o humano na luta contra o cancro"},"content":{"rendered":"\n<p><strong>Alunos das diversas escolas do Agrupamento assinalaram Dia Mundial da Luta Contra o Cancro<\/strong><\/p>\n\n\n\n<figure class=\"wp-block-gallery has-nested-images columns-default is-cropped wp-block-gallery-1 is-layout-flex wp-block-gallery-is-layout-flex\">\n<figure class=\"wp-block-image size-large\"><img loading=\"lazy\" decoding=\"async\" width=\"1024\" height=\"771\" data-id=\"15221\" src=\"https:\/\/bojornal.pt\/wp-content\/uploads\/2025\/02\/46_Cancro-Laco-1-1024x771.jpeg\" alt=\"\" class=\"wp-image-15221\" srcset=\"https:\/\/bojornal.pt\/wp-content\/uploads\/2025\/02\/46_Cancro-Laco-1-1024x771.jpeg 1024w, https:\/\/bojornal.pt\/wp-content\/uploads\/2025\/02\/46_Cancro-Laco-1-300x226.jpeg 300w, https:\/\/bojornal.pt\/wp-content\/uploads\/2025\/02\/46_Cancro-Laco-1-150x113.jpeg 150w, https:\/\/bojornal.pt\/wp-content\/uploads\/2025\/02\/46_Cancro-Laco-1-768x578.jpeg 768w, https:\/\/bojornal.pt\/wp-content\/uploads\/2025\/02\/46_Cancro-Laco-1-1536x1156.jpeg 1536w, https:\/\/bojornal.pt\/wp-content\/uploads\/2025\/02\/46_Cancro-Laco-1.jpeg 1600w\" sizes=\"auto, (max-width: 1024px) 100vw, 1024px\" \/><\/figure>\n\n\n\n<figure class=\"wp-block-image size-large\"><img loading=\"lazy\" decoding=\"async\" width=\"1024\" height=\"461\" data-id=\"15220\" src=\"https:\/\/bojornal.pt\/wp-content\/uploads\/2025\/02\/46_Cancro-Laco-2-1024x461.jpeg\" alt=\"\" class=\"wp-image-15220\" srcset=\"https:\/\/bojornal.pt\/wp-content\/uploads\/2025\/02\/46_Cancro-Laco-2-1024x461.jpeg 1024w, https:\/\/bojornal.pt\/wp-content\/uploads\/2025\/02\/46_Cancro-Laco-2-300x135.jpeg 300w, https:\/\/bojornal.pt\/wp-content\/uploads\/2025\/02\/46_Cancro-Laco-2-150x68.jpeg 150w, https:\/\/bojornal.pt\/wp-content\/uploads\/2025\/02\/46_Cancro-Laco-2-768x346.jpeg 768w, https:\/\/bojornal.pt\/wp-content\/uploads\/2025\/02\/46_Cancro-Laco-2-1536x691.jpeg 1536w, https:\/\/bojornal.pt\/wp-content\/uploads\/2025\/02\/46_Cancro-Laco-2.jpeg 1600w\" sizes=\"auto, (max-width: 1024px) 100vw, 1024px\" \/><\/figure>\n\n\n\n<figure class=\"wp-block-image size-large\"><img loading=\"lazy\" decoding=\"async\" width=\"1024\" height=\"461\" data-id=\"15224\" src=\"https:\/\/bojornal.pt\/wp-content\/uploads\/2025\/02\/46_Cancro-Laco-3-1024x461.jpeg\" alt=\"\" class=\"wp-image-15224\" srcset=\"https:\/\/bojornal.pt\/wp-content\/uploads\/2025\/02\/46_Cancro-Laco-3-1024x461.jpeg 1024w, https:\/\/bojornal.pt\/wp-content\/uploads\/2025\/02\/46_Cancro-Laco-3-300x135.jpeg 300w, https:\/\/bojornal.pt\/wp-content\/uploads\/2025\/02\/46_Cancro-Laco-3-150x68.jpeg 150w, https:\/\/bojornal.pt\/wp-content\/uploads\/2025\/02\/46_Cancro-Laco-3-768x346.jpeg 768w, https:\/\/bojornal.pt\/wp-content\/uploads\/2025\/02\/46_Cancro-Laco-3-1536x691.jpeg 1536w, https:\/\/bojornal.pt\/wp-content\/uploads\/2025\/02\/46_Cancro-Laco-3.jpeg 2040w\" sizes=\"auto, (max-width: 1024px) 100vw, 1024px\" \/><\/figure>\n\n\n\n<figure class=\"wp-block-image size-large\"><img loading=\"lazy\" decoding=\"async\" width=\"1024\" height=\"433\" data-id=\"15222\" src=\"https:\/\/bojornal.pt\/wp-content\/uploads\/2025\/02\/46_Cancro-Laco-4-1024x433.jpeg\" alt=\"\" class=\"wp-image-15222\" srcset=\"https:\/\/bojornal.pt\/wp-content\/uploads\/2025\/02\/46_Cancro-Laco-4-1024x433.jpeg 1024w, https:\/\/bojornal.pt\/wp-content\/uploads\/2025\/02\/46_Cancro-Laco-4-300x127.jpeg 300w, https:\/\/bojornal.pt\/wp-content\/uploads\/2025\/02\/46_Cancro-Laco-4-150x63.jpeg 150w, https:\/\/bojornal.pt\/wp-content\/uploads\/2025\/02\/46_Cancro-Laco-4-768x325.jpeg 768w, https:\/\/bojornal.pt\/wp-content\/uploads\/2025\/02\/46_Cancro-Laco-4-1536x650.jpeg 1536w, https:\/\/bojornal.pt\/wp-content\/uploads\/2025\/02\/46_Cancro-Laco-4.jpeg 1600w\" sizes=\"auto, (max-width: 1024px) 100vw, 1024px\" \/><\/figure>\n\n\n\n<figure class=\"wp-block-image size-large\"><img loading=\"lazy\" decoding=\"async\" width=\"1024\" height=\"769\" data-id=\"15223\" src=\"https:\/\/bojornal.pt\/wp-content\/uploads\/2025\/02\/46_Cancro-Laco-5-1024x769.jpeg\" alt=\"\" class=\"wp-image-15223\" srcset=\"https:\/\/bojornal.pt\/wp-content\/uploads\/2025\/02\/46_Cancro-Laco-5-1024x769.jpeg 1024w, https:\/\/bojornal.pt\/wp-content\/uploads\/2025\/02\/46_Cancro-Laco-5-300x225.jpeg 300w, https:\/\/bojornal.pt\/wp-content\/uploads\/2025\/02\/46_Cancro-Laco-5-150x113.jpeg 150w, https:\/\/bojornal.pt\/wp-content\/uploads\/2025\/02\/46_Cancro-Laco-5-768x576.jpeg 768w, https:\/\/bojornal.pt\/wp-content\/uploads\/2025\/02\/46_Cancro-Laco-5-1536x1153.jpeg 1536w, https:\/\/bojornal.pt\/wp-content\/uploads\/2025\/02\/46_Cancro-Laco-5.jpeg 1600w\" sizes=\"auto, (max-width: 1024px) 100vw, 1024px\" \/><\/figure>\n<\/figure>\n\n\n\n<p>As diversas escolas do Agrupamento de Escolas Em\u00eddio Garcia (AEEG) responderam ao desafio proposto pela Liga Portuguesa da Contra o Cancro (LPCC), atrav\u00e9s da realiza\u00e7\u00e3o de um cord\u00e3o humano, s\u00edmbolo da uni\u00e3o, for\u00e7a e solidariedade em prol da causa. No dia 4 de fevereiro, foram muitos os alunos, professores e funcion\u00e1rios que deram as m\u00e3os e alinharam, lado a lado, com grande entusiasmo, criando uma corrente cont\u00ednua que transmitiu uma mensagem poderosa de coletividade e apoio, assinalando, assim, o Dia Mundial do Cancro.<br \/><\/p>\n\n\n\n<p><\/p>\n","protected":false},"excerpt":{"rendered":"<p>Alunos das diversas escolas do Agrupamento assinalaram Dia Mundial da Luta Contra o Cancro As diversas escolas do Agrupamento de Escolas Em\u00eddio Garcia (AEEG) responderam ao desafio proposto pela Liga Portuguesa da Contra o&#46;&#46;&#46;<\/p>\n","protected":false},"author":2,"featured_media":15220,"comment_status":"closed","ping_status":"open","sticky":false,"template":"","format":"standard","meta":{"footnotes":""},"categories":[14,27,2,9,13,16],"tags":[],"class_list":["post-15219","post","type-post","status-publish","format-standard","has-post-thumbnail","hentry","category-1o-ciclo","category-aeeg","category-atualidade","category-em-foco","category-escola-paulo-quintela","category-escola-secundaria-emidio-garcia"],"_links":{"self":[{"href":"https:\/\/bojornal.pt\/index.php?rest_route=\/wp\/v2\/posts\/15219","targetHints":{"allow":["GET"]}}],"collection":[{"href":"https:\/\/bojornal.pt\/index.php?rest_route=\/wp\/v2\/posts"}],"about":[{"href":"https:\/\/bojornal.pt\/index.php?rest_route=\/wp\/v2\/types\/post"}],"author":[{"embeddable":true,"href":"https:\/\/bojornal.pt\/index.php?rest_route=\/wp\/v2\/users\/2"}],"replies":[{"embeddable":true,"href":"https:\/\/bojornal.pt\/index.php?rest_route=%2Fwp%2Fv2%2Fcomments&post=15219"}],"version-history":[{"count":0,"href":"https:\/\/bojornal.pt\/index.php?rest_route=\/wp\/v2\/posts\/15219\/revisions"}],"wp:featuredmedia":[{"embeddable":true,"href":"https:\/\/bojornal.pt\/index.php?rest_route=\/wp\/v2\/media\/15220"}],"wp:attachment":[{"href":"https:\/\/bojornal.pt\/index.php?rest_route=%2Fwp%2Fv2%2Fmedia&parent=15219"}],"wp:term":[{"taxonomy":"category","embeddable":true,"href":"https:\/\/bojornal.pt\/index.php?rest_route=%2Fwp%2Fv2%2Fcategories&post=15219"},{"taxonomy":"post_tag","embeddable":true,"href":"https:\/\/bojornal.pt\/index.php?rest_route=%2Fwp%2Fv2%2Ftags&post=15219"}],"curies":[{"name":"wp","href":"https:\/\/api.w.org\/{rel}","templated":true}]}}