{"id":15208,"date":"2025-02-04T19:40:48","date_gmt":"2025-02-04T19:40:48","guid":{"rendered":"https:\/\/bojornal.pt\/?p=15208"},"modified":"2025-02-07T18:39:14","modified_gmt":"2025-02-07T18:39:14","slug":"alunos-levam-teatro-ao-mundo-rural","status":"publish","type":"post","link":"https:\/\/bojornal.pt\/?p=15208","title":{"rendered":"Alunos levam Teatro ao mundo rural"},"content":{"rendered":"\n<p><strong><em>Estudantes do Curso Profissional de Anima\u00e7\u00e3o Sociocultural dinamizam atividade intergeracional<\/em><\/strong><\/p>\n\n\n\n<figure class=\"wp-block-gallery has-nested-images columns-default is-cropped wp-block-gallery-1 is-layout-flex wp-block-gallery-is-layout-flex\">\n<figure class=\"wp-block-image size-large\"><img loading=\"lazy\" decoding=\"async\" width=\"1024\" height=\"768\" data-id=\"15214\" src=\"https:\/\/bojornal.pt\/wp-content\/uploads\/2025\/02\/473814520_10236415258547582_4240457063877213299_n-1024x768.jpg\" alt=\"\" class=\"wp-image-15214\" srcset=\"https:\/\/bojornal.pt\/wp-content\/uploads\/2025\/02\/473814520_10236415258547582_4240457063877213299_n-1024x768.jpg 1024w, https:\/\/bojornal.pt\/wp-content\/uploads\/2025\/02\/473814520_10236415258547582_4240457063877213299_n-300x225.jpg 300w, https:\/\/bojornal.pt\/wp-content\/uploads\/2025\/02\/473814520_10236415258547582_4240457063877213299_n-150x113.jpg 150w, https:\/\/bojornal.pt\/wp-content\/uploads\/2025\/02\/473814520_10236415258547582_4240457063877213299_n-768x576.jpg 768w, https:\/\/bojornal.pt\/wp-content\/uploads\/2025\/02\/473814520_10236415258547582_4240457063877213299_n-1536x1152.jpg 1536w, https:\/\/bojornal.pt\/wp-content\/uploads\/2025\/02\/473814520_10236415258547582_4240457063877213299_n.jpg 2048w\" sizes=\"auto, (max-width: 1024px) 100vw, 1024px\" \/><\/figure>\n\n\n\n<figure class=\"wp-block-image size-large\"><img loading=\"lazy\" decoding=\"async\" width=\"1024\" height=\"768\" data-id=\"15216\" src=\"https:\/\/bojornal.pt\/wp-content\/uploads\/2025\/02\/474575106_10236415258867590_9040678394093426265_n-1024x768.jpg\" alt=\"\" class=\"wp-image-15216\" srcset=\"https:\/\/bojornal.pt\/wp-content\/uploads\/2025\/02\/474575106_10236415258867590_9040678394093426265_n-1024x768.jpg 1024w, https:\/\/bojornal.pt\/wp-content\/uploads\/2025\/02\/474575106_10236415258867590_9040678394093426265_n-300x225.jpg 300w, https:\/\/bojornal.pt\/wp-content\/uploads\/2025\/02\/474575106_10236415258867590_9040678394093426265_n-150x113.jpg 150w, https:\/\/bojornal.pt\/wp-content\/uploads\/2025\/02\/474575106_10236415258867590_9040678394093426265_n-768x576.jpg 768w, https:\/\/bojornal.pt\/wp-content\/uploads\/2025\/02\/474575106_10236415258867590_9040678394093426265_n-1536x1152.jpg 1536w, https:\/\/bojornal.pt\/wp-content\/uploads\/2025\/02\/474575106_10236415258867590_9040678394093426265_n.jpg 2048w\" sizes=\"auto, (max-width: 1024px) 100vw, 1024px\" \/><\/figure>\n\n\n\n<figure class=\"wp-block-image size-large\"><img loading=\"lazy\" decoding=\"async\" width=\"1024\" height=\"768\" data-id=\"15215\" src=\"https:\/\/bojornal.pt\/wp-content\/uploads\/2025\/02\/475001869_8847297692046484_5446364597776147518_n-1024x768.jpg\" alt=\"\" class=\"wp-image-15215\" srcset=\"https:\/\/bojornal.pt\/wp-content\/uploads\/2025\/02\/475001869_8847297692046484_5446364597776147518_n-1024x768.jpg 1024w, https:\/\/bojornal.pt\/wp-content\/uploads\/2025\/02\/475001869_8847297692046484_5446364597776147518_n-300x225.jpg 300w, https:\/\/bojornal.pt\/wp-content\/uploads\/2025\/02\/475001869_8847297692046484_5446364597776147518_n-150x113.jpg 150w, https:\/\/bojornal.pt\/wp-content\/uploads\/2025\/02\/475001869_8847297692046484_5446364597776147518_n-768x576.jpg 768w, https:\/\/bojornal.pt\/wp-content\/uploads\/2025\/02\/475001869_8847297692046484_5446364597776147518_n-1536x1152.jpg 1536w, https:\/\/bojornal.pt\/wp-content\/uploads\/2025\/02\/475001869_8847297692046484_5446364597776147518_n.jpg 2048w\" sizes=\"auto, (max-width: 1024px) 100vw, 1024px\" \/><\/figure>\n\n\n\n<figure class=\"wp-block-image size-large\"><img loading=\"lazy\" decoding=\"async\" width=\"768\" height=\"1024\" data-id=\"15213\" src=\"https:\/\/bojornal.pt\/wp-content\/uploads\/2025\/02\/475005058_8847297448713175_3171985976573855447_n-768x1024.jpg\" alt=\"\" class=\"wp-image-15213\" srcset=\"https:\/\/bojornal.pt\/wp-content\/uploads\/2025\/02\/475005058_8847297448713175_3171985976573855447_n-768x1024.jpg 768w, https:\/\/bojornal.pt\/wp-content\/uploads\/2025\/02\/475005058_8847297448713175_3171985976573855447_n-225x300.jpg 225w, https:\/\/bojornal.pt\/wp-content\/uploads\/2025\/02\/475005058_8847297448713175_3171985976573855447_n-113x150.jpg 113w, https:\/\/bojornal.pt\/wp-content\/uploads\/2025\/02\/475005058_8847297448713175_3171985976573855447_n-1152x1536.jpg 1152w, https:\/\/bojornal.pt\/wp-content\/uploads\/2025\/02\/475005058_8847297448713175_3171985976573855447_n.jpg 1536w\" sizes=\"auto, (max-width: 768px) 100vw, 768px\" \/><\/figure>\n\n\n\n<figure class=\"wp-block-image size-large\"><img loading=\"lazy\" decoding=\"async\" width=\"1024\" height=\"768\" data-id=\"15217\" src=\"https:\/\/bojornal.pt\/wp-content\/uploads\/2025\/02\/475098464_8847298025379784_5436070339695160140_n-1024x768.jpg\" alt=\"\" class=\"wp-image-15217\" srcset=\"https:\/\/bojornal.pt\/wp-content\/uploads\/2025\/02\/475098464_8847298025379784_5436070339695160140_n-1024x768.jpg 1024w, https:\/\/bojornal.pt\/wp-content\/uploads\/2025\/02\/475098464_8847298025379784_5436070339695160140_n-300x225.jpg 300w, https:\/\/bojornal.pt\/wp-content\/uploads\/2025\/02\/475098464_8847298025379784_5436070339695160140_n-150x113.jpg 150w, https:\/\/bojornal.pt\/wp-content\/uploads\/2025\/02\/475098464_8847298025379784_5436070339695160140_n-768x576.jpg 768w, https:\/\/bojornal.pt\/wp-content\/uploads\/2025\/02\/475098464_8847298025379784_5436070339695160140_n-1536x1152.jpg 1536w, https:\/\/bojornal.pt\/wp-content\/uploads\/2025\/02\/475098464_8847298025379784_5436070339695160140_n.jpg 2048w\" sizes=\"auto, (max-width: 1024px) 100vw, 1024px\" \/><\/figure>\n<\/figure>\n\n\n\n<p>Os alunos do Curso Profissional de Anima\u00e7\u00e3o Sociocultural do Agrupamento de Escolas Em\u00eddio Garcia de Bragan\u00e7a levaram o teatro ao mundo rural, numa pe\u00e7a intergeracional enquadrada no Projeto Radar Social. <\/p>\n\n\n\n<p>Rebord\u00e3os e Santa Comba de Rossas foram as duas primeiras aldeias que acolheram esta atividade, dinamizada pelo professor Ac\u00e1cio Pradinhos e destinada a crian\u00e7as e idosos do mundo rural. Os alunos do Liceu apresentaram a pe\u00e7a teatral: &#8220;O Cabra&#8221; que aproximou &#8220;mi\u00fados e gra\u00fados&#8221; em torno do palco, possibilitando aos pr\u00f3prios estudantes e atores o contacto com pessoas de diversas gera\u00e7\u00f5es. Em Rebord\u00e3os, os alunos de 1.\u00baciclo da EB1, escola do Agrupamento de Escolas Em\u00eddio Garcia, assistiram \u00e0 pe\u00e7a junto dos idosos da aldeia. Em Santa Comba de Rossas, os utentes do Centro Social e Paroquial (CSPR) tiveram a oportunidade de participar numa atividade que consideram &#8220;espetacular&#8221;, como refere o CSPR: &#8220;manh\u00e3 espetacular a ouvir hist\u00f3rias de antigamente junto \u00e0 lareira&#8221;. <\/p>\n\n\n\n<p>Ac\u00e1cio Pradinhos, professor e dinamizador da atividade, refere que a &#8220;magia do teatro est\u00e1 sempre a acontecer&#8221; e destaca a import\u00e2ncia daquele que que designa como &#8220;teatro fora da caixa&#8221; na promo\u00e7\u00e3o do sucesso escolar e desenvolvimento integral dos alunos atrav\u00e9s do incentivo cidadania ativa, inclus\u00e3o, e respeito pela diversidade. <\/p>\n\n\n\n<p>O Projeto Radar Social tem como objetivo estabelecer uma parceria e coopera\u00e7\u00e3o eficaz com a rede social e demais agentes interventivos, focando-se na identifica\u00e7\u00e3o e referencia\u00e7\u00e3o das dificuldades relacionadas com a pobreza e exclus\u00e3o social.<br \/><\/p>\n\n\n\n<p><\/p>\n","protected":false},"excerpt":{"rendered":"<p>Estudantes do Curso Profissional de Anima\u00e7\u00e3o Sociocultural dinamizam atividade intergeracional Os alunos do Curso Profissional de Anima\u00e7\u00e3o Sociocultural do Agrupamento de Escolas Em\u00eddio Garcia de Bragan\u00e7a levaram o teatro ao mundo rural, numa pe\u00e7a&#46;&#46;&#46;<\/p>\n","protected":false},"author":2,"featured_media":15214,"comment_status":"closed","ping_status":"open","sticky":false,"template":"","format":"standard","meta":{"footnotes":""},"categories":[14,9,16],"tags":[],"class_list":["post-15208","post","type-post","status-publish","format-standard","has-post-thumbnail","hentry","category-1o-ciclo","category-em-foco","category-escola-secundaria-emidio-garcia"],"_links":{"self":[{"href":"https:\/\/bojornal.pt\/index.php?rest_route=\/wp\/v2\/posts\/15208","targetHints":{"allow":["GET"]}}],"collection":[{"href":"https:\/\/bojornal.pt\/index.php?rest_route=\/wp\/v2\/posts"}],"about":[{"href":"https:\/\/bojornal.pt\/index.php?rest_route=\/wp\/v2\/types\/post"}],"author":[{"embeddable":true,"href":"https:\/\/bojornal.pt\/index.php?rest_route=\/wp\/v2\/users\/2"}],"replies":[{"embeddable":true,"href":"https:\/\/bojornal.pt\/index.php?rest_route=%2Fwp%2Fv2%2Fcomments&post=15208"}],"version-history":[{"count":0,"href":"https:\/\/bojornal.pt\/index.php?rest_route=\/wp\/v2\/posts\/15208\/revisions"}],"wp:featuredmedia":[{"embeddable":true,"href":"https:\/\/bojornal.pt\/index.php?rest_route=\/wp\/v2\/media\/15214"}],"wp:attachment":[{"href":"https:\/\/bojornal.pt\/index.php?rest_route=%2Fwp%2Fv2%2Fmedia&parent=15208"}],"wp:term":[{"taxonomy":"category","embeddable":true,"href":"https:\/\/bojornal.pt\/index.php?rest_route=%2Fwp%2Fv2%2Fcategories&post=15208"},{"taxonomy":"post_tag","embeddable":true,"href":"https:\/\/bojornal.pt\/index.php?rest_route=%2Fwp%2Fv2%2Ftags&post=15208"}],"curies":[{"name":"wp","href":"https:\/\/api.w.org\/{rel}","templated":true}]}}