{"id":15186,"date":"2025-01-29T20:02:36","date_gmt":"2025-01-29T20:02:36","guid":{"rendered":"https:\/\/bojornal.pt\/?p=15186"},"modified":"2025-02-02T20:06:19","modified_gmt":"2025-02-02T20:06:19","slug":"desporto-escolar-futsal-juvenis","status":"publish","type":"post","link":"https:\/\/bojornal.pt\/?p=15186","title":{"rendered":"Desporto Escolar: Futsal Juvenis"},"content":{"rendered":"\n<p><strong>1.\u00ba Encontro competitivo na EBS Carrazeda de Ansi\u00e3es<\/strong><\/p>\n\n\n\n<figure class=\"wp-block-image size-large\"><img loading=\"lazy\" decoding=\"async\" width=\"768\" height=\"1024\" src=\"https:\/\/bojornal.pt\/wp-content\/uploads\/2025\/02\/Equipa-Futsal-Juvenis-AEEG_29-jan.25-768x1024.jpg\" alt=\"\" class=\"wp-image-15187\" srcset=\"https:\/\/bojornal.pt\/wp-content\/uploads\/2025\/02\/Equipa-Futsal-Juvenis-AEEG_29-jan.25-768x1024.jpg 768w, https:\/\/bojornal.pt\/wp-content\/uploads\/2025\/02\/Equipa-Futsal-Juvenis-AEEG_29-jan.25-225x300.jpg 225w, https:\/\/bojornal.pt\/wp-content\/uploads\/2025\/02\/Equipa-Futsal-Juvenis-AEEG_29-jan.25-113x150.jpg 113w, https:\/\/bojornal.pt\/wp-content\/uploads\/2025\/02\/Equipa-Futsal-Juvenis-AEEG_29-jan.25-1152x1536.jpg 1152w, https:\/\/bojornal.pt\/wp-content\/uploads\/2025\/02\/Equipa-Futsal-Juvenis-AEEG_29-jan.25.jpg 1536w\" sizes=\"auto, (max-width: 768px) 100vw, 768px\" \/><\/figure>\n\n\n\n<p>A equipa de Futsal Juvenis (Desporto Escolar) do nosso Agrupamento de Escolas Em\u00eddio Garcia participou no 1.\u00ba Encontro competitivo, na EBS Carrazeda de Ansi\u00e3es, em 29 de janeiro de 2025.<br \/>Por impossibilidade de compar\u00eancia de diversos alunos do 12.\u00ba ano, a equipa foi constitu\u00edda por alunos do 12.\u00ba H (Amadeu Alves e Tom\u00e1s Vicente), TAS 3.\u00ba ano (Lu\u00eds Forquilha), 9.\u00ba G (Diego Batista e Martim Cordeiro), 9.\u00ba B (Andr\u00e9 Martins e Jo\u00e3o Fai\u00f5es) e 9.\u00ba C (Gabriel Fernandes, Martim Teixeira, Rodrigo Santos, Tom\u00e1s Lopes e Martim Herdeiro); \u00e1rbitros do 12.\u00ba H (Bento Pereira e Gon\u00e7alo Vaz).<br \/>Nos dois jogos realizados contra as equipas da EBS Carrazeda de Ansi\u00e3es e EBS Mogadouro, ainda que tenhamos perdido, tivemos um resultado muito disputado contra a equipa EBS Mogadouro e notou-se a diferen\u00e7a f\u00edsica de alguns alunos do 9.\u00ba ano em rela\u00e7\u00e3o aos alunos de mais idade (11.\u00ba e 12.\u00ba anos) das outras escolas. No entanto, esta diferen\u00e7a apenas salientou a bravura e a competitividade dos nossos jogadores que nas disputas 1&#215;1 e na organiza\u00e7\u00e3o de jogo sobressa\u00edram e destacaram-se pela Valentia, Excelente t\u00e9cnica e Uni\u00e3o do grupo.<br \/>Parab\u00e9ns a todos os jogadores, ao nosso Grande Capit\u00e3o de equipa, Amadeu Alves e estamos preparados para o pr\u00f3ximo encontro no dia 26 de fevereiro, na Escola Pr\u00e1tica Profissional Universal (Bragan\u00e7a).<\/p>\n\n\n\n<p class=\"has-text-align-right\"><strong><em>Professor Rui Pires<\/em><\/strong><\/p>\n\n\n\n<p><\/p>\n","protected":false},"excerpt":{"rendered":"<p>1.\u00ba Encontro competitivo na EBS Carrazeda de Ansi\u00e3es A equipa de Futsal Juvenis (Desporto Escolar) do nosso Agrupamento de Escolas Em\u00eddio Garcia participou no 1.\u00ba Encontro competitivo, na EBS Carrazeda de Ansi\u00e3es, em 29&#46;&#46;&#46;<\/p>\n","protected":false},"author":2,"featured_media":15187,"comment_status":"closed","ping_status":"open","sticky":false,"template":"","format":"standard","meta":{"footnotes":""},"categories":[2,25,16],"tags":[],"class_list":["post-15186","post","type-post","status-publish","format-standard","has-post-thumbnail","hentry","category-atualidade","category-clubes","category-escola-secundaria-emidio-garcia"],"_links":{"self":[{"href":"https:\/\/bojornal.pt\/index.php?rest_route=\/wp\/v2\/posts\/15186","targetHints":{"allow":["GET"]}}],"collection":[{"href":"https:\/\/bojornal.pt\/index.php?rest_route=\/wp\/v2\/posts"}],"about":[{"href":"https:\/\/bojornal.pt\/index.php?rest_route=\/wp\/v2\/types\/post"}],"author":[{"embeddable":true,"href":"https:\/\/bojornal.pt\/index.php?rest_route=\/wp\/v2\/users\/2"}],"replies":[{"embeddable":true,"href":"https:\/\/bojornal.pt\/index.php?rest_route=%2Fwp%2Fv2%2Fcomments&post=15186"}],"version-history":[{"count":0,"href":"https:\/\/bojornal.pt\/index.php?rest_route=\/wp\/v2\/posts\/15186\/revisions"}],"wp:featuredmedia":[{"embeddable":true,"href":"https:\/\/bojornal.pt\/index.php?rest_route=\/wp\/v2\/media\/15187"}],"wp:attachment":[{"href":"https:\/\/bojornal.pt\/index.php?rest_route=%2Fwp%2Fv2%2Fmedia&parent=15186"}],"wp:term":[{"taxonomy":"category","embeddable":true,"href":"https:\/\/bojornal.pt\/index.php?rest_route=%2Fwp%2Fv2%2Fcategories&post=15186"},{"taxonomy":"post_tag","embeddable":true,"href":"https:\/\/bojornal.pt\/index.php?rest_route=%2Fwp%2Fv2%2Ftags&post=15186"}],"curies":[{"name":"wp","href":"https:\/\/api.w.org\/{rel}","templated":true}]}}