{"id":15009,"date":"2025-01-27T18:06:48","date_gmt":"2025-01-27T18:06:48","guid":{"rendered":"https:\/\/bojornal.pt\/?p=15009"},"modified":"2025-02-02T19:59:46","modified_gmt":"2025-02-02T19:59:46","slug":"olimpiadas-portuguesas-da-biologia","status":"publish","type":"post","link":"https:\/\/bojornal.pt\/?p=15009","title":{"rendered":"Olimp\u00edadas Portuguesas da Biologia"},"content":{"rendered":"\n<p><strong><em>Alunos de 9.\u00ba e 11.\u00ba anos participaram em atividade<\/em><\/strong><\/p>\n\n\n\n<figure class=\"wp-block-image size-large\"><img loading=\"lazy\" decoding=\"async\" width=\"1024\" height=\"1024\" src=\"https:\/\/bojornal.pt\/wp-content\/uploads\/2025\/01\/afeb2900-c22a-4622-a47c-09f7cd5ea3fc-1024x1024.jpg\" alt=\"\" class=\"wp-image-15184\" srcset=\"https:\/\/bojornal.pt\/wp-content\/uploads\/2025\/01\/afeb2900-c22a-4622-a47c-09f7cd5ea3fc-1024x1024.jpg 1024w, https:\/\/bojornal.pt\/wp-content\/uploads\/2025\/01\/afeb2900-c22a-4622-a47c-09f7cd5ea3fc-300x300.jpg 300w, https:\/\/bojornal.pt\/wp-content\/uploads\/2025\/01\/afeb2900-c22a-4622-a47c-09f7cd5ea3fc-150x150.jpg 150w, https:\/\/bojornal.pt\/wp-content\/uploads\/2025\/01\/afeb2900-c22a-4622-a47c-09f7cd5ea3fc-768x768.jpg 768w, https:\/\/bojornal.pt\/wp-content\/uploads\/2025\/01\/afeb2900-c22a-4622-a47c-09f7cd5ea3fc-1536x1536.jpg 1536w, https:\/\/bojornal.pt\/wp-content\/uploads\/2025\/01\/afeb2900-c22a-4622-a47c-09f7cd5ea3fc-80x80.jpg 80w, https:\/\/bojornal.pt\/wp-content\/uploads\/2025\/01\/afeb2900-c22a-4622-a47c-09f7cd5ea3fc-320x320.jpg 320w, https:\/\/bojornal.pt\/wp-content\/uploads\/2025\/01\/afeb2900-c22a-4622-a47c-09f7cd5ea3fc.jpg 2048w\" sizes=\"auto, (max-width: 1024px) 100vw, 1024px\" \/><\/figure>\n\n\n\n<p>Os alunos da Escola Em\u00eddio Garcia participaram nas Olimp\u00edadas Portuguesas da Biologia. Na categoria s\u00e9nior, direcionada para alunos de 11.\u00baano e realizada no dia 22 de janeiro, participaram 6 alunos. A categoria j\u00fanior, realizada no dia 24 de janeiro, contou com a participa\u00e7\u00e3o de 9 alunos. <\/p>\n\n\n\n<p><\/p>\n","protected":false},"excerpt":{"rendered":"<p>Alunos de 9.\u00ba e 11.\u00ba anos participaram em atividade Os alunos da Escola Em\u00eddio Garcia participaram nas Olimp\u00edadas Portuguesas da Biologia. Na categoria s\u00e9nior, direcionada para alunos de 11.\u00baano e realizada no dia 22&#46;&#46;&#46;<\/p>\n","protected":false},"author":2,"featured_media":15184,"comment_status":"closed","ping_status":"open","sticky":false,"template":"","format":"standard","meta":{"footnotes":""},"categories":[2],"tags":[],"class_list":["post-15009","post","type-post","status-publish","format-standard","has-post-thumbnail","hentry","category-atualidade"],"_links":{"self":[{"href":"https:\/\/bojornal.pt\/index.php?rest_route=\/wp\/v2\/posts\/15009","targetHints":{"allow":["GET"]}}],"collection":[{"href":"https:\/\/bojornal.pt\/index.php?rest_route=\/wp\/v2\/posts"}],"about":[{"href":"https:\/\/bojornal.pt\/index.php?rest_route=\/wp\/v2\/types\/post"}],"author":[{"embeddable":true,"href":"https:\/\/bojornal.pt\/index.php?rest_route=\/wp\/v2\/users\/2"}],"replies":[{"embeddable":true,"href":"https:\/\/bojornal.pt\/index.php?rest_route=%2Fwp%2Fv2%2Fcomments&post=15009"}],"version-history":[{"count":0,"href":"https:\/\/bojornal.pt\/index.php?rest_route=\/wp\/v2\/posts\/15009\/revisions"}],"wp:featuredmedia":[{"embeddable":true,"href":"https:\/\/bojornal.pt\/index.php?rest_route=\/wp\/v2\/media\/15184"}],"wp:attachment":[{"href":"https:\/\/bojornal.pt\/index.php?rest_route=%2Fwp%2Fv2%2Fmedia&parent=15009"}],"wp:term":[{"taxonomy":"category","embeddable":true,"href":"https:\/\/bojornal.pt\/index.php?rest_route=%2Fwp%2Fv2%2Fcategories&post=15009"},{"taxonomy":"post_tag","embeddable":true,"href":"https:\/\/bojornal.pt\/index.php?rest_route=%2Fwp%2Fv2%2Ftags&post=15009"}],"curies":[{"name":"wp","href":"https:\/\/api.w.org\/{rel}","templated":true}]}}