{"id":15003,"date":"2025-01-29T18:15:55","date_gmt":"2025-01-29T18:15:55","guid":{"rendered":"https:\/\/bojornal.pt\/?p=15003"},"modified":"2025-02-02T19:58:18","modified_gmt":"2025-02-02T19:58:18","slug":"__trashed","status":"publish","type":"post","link":"https:\/\/bojornal.pt\/?p=15003","title":{"rendered":"Final entusiasmante"},"content":{"rendered":"\n<p><strong><em>Alunos de 8.\u00baano das escolas Em\u00eddio Garcia e Abade de Ba\u00e7al em Torneio EMRC Solid\u00e1rio<\/em><\/strong><\/p>\n\n\n\n<figure class=\"wp-block-image size-large\"><img loading=\"lazy\" decoding=\"async\" width=\"1024\" height=\"681\" src=\"https:\/\/bojornal.pt\/wp-content\/uploads\/2025\/01\/torneio-solidario_final-67-1024x681.jpg\" alt=\"\" class=\"wp-image-15181\" srcset=\"https:\/\/bojornal.pt\/wp-content\/uploads\/2025\/01\/torneio-solidario_final-67-1024x681.jpg 1024w, https:\/\/bojornal.pt\/wp-content\/uploads\/2025\/01\/torneio-solidario_final-67-300x199.jpg 300w, https:\/\/bojornal.pt\/wp-content\/uploads\/2025\/01\/torneio-solidario_final-67-150x100.jpg 150w, https:\/\/bojornal.pt\/wp-content\/uploads\/2025\/01\/torneio-solidario_final-67-768x511.jpg 768w, https:\/\/bojornal.pt\/wp-content\/uploads\/2025\/01\/torneio-solidario_final-67-1536x1021.jpg 1536w, https:\/\/bojornal.pt\/wp-content\/uploads\/2025\/01\/torneio-solidario_final-67-2048x1362.jpg 2048w\" sizes=\"auto, (max-width: 1024px) 100vw, 1024px\" \/><\/figure>\n\n\n\n<p>O Pavilh\u00e3o do Liceu de Bragan\u00e7a acolheu a <em>Final\u00edssima <\/em>da 1.\u00aa Edi\u00e7\u00e3o do Torneio EMRC Solid\u00e1rio, com dois jogos de futsal entre equipas das escolas Em\u00eddio Garcia e Abade de Ba\u00e7al. Os finalistas de cada escola, da 1.\u00aa fase no Torneio Natal Solid\u00e1rio, defrontaram-se, numa tarde muito animada, na qual n\u00e3o faltou divers\u00e3o, desportivismo e emo\u00e7\u00e3o. Esta iniciativa serviu como encerramento e agradecimento a todos pelo empenho e esp\u00edrito solid\u00e1rio manifestado no contributo para a entrega de cabazes de Natal.<\/p>\n\n\n\n<p> No primeiro jogo, defrontaram-se as turmas finalistas vencidas: o 8.\u00baD (Abade de Ba\u00e7al) venceu o 8.\u00baG (Liceu) por 4-2. Por fim, no grande jogo que colocou frente a frente os vencedores de cada uma das escolas, o 8.\u00baA (Liceu) venceu por 4-3 a equipa de 8.\u00ba E (Abade de Ba\u00e7al).<\/p>\n\n\n\n<p>Nesta atividade, o resultado que mais interessou foi a aquisi\u00e7\u00e3o de valores essenciais na forma\u00e7\u00e3o integral dos alunos: atletas, \u00e1rbitros, treinadores e espetadores. <\/p>\n\n\n\n<p>Parab\u00e9ns a todos os intervenientes! <\/p>\n\n\n\n<p><\/p>\n","protected":false},"excerpt":{"rendered":"<p>Alunos de 8.\u00baano das escolas Em\u00eddio Garcia e Abade de Ba\u00e7al em Torneio EMRC Solid\u00e1rio O Pavilh\u00e3o do Liceu de Bragan\u00e7a acolheu a Final\u00edssima da 1.\u00aa Edi\u00e7\u00e3o do Torneio EMRC Solid\u00e1rio, com dois jogos&#46;&#46;&#46;<\/p>\n","protected":false},"author":2,"featured_media":15181,"comment_status":"closed","ping_status":"open","sticky":false,"template":"","format":"standard","meta":{"footnotes":""},"categories":[2],"tags":[],"class_list":["post-15003","post","type-post","status-publish","format-standard","has-post-thumbnail","hentry","category-atualidade"],"_links":{"self":[{"href":"https:\/\/bojornal.pt\/index.php?rest_route=\/wp\/v2\/posts\/15003","targetHints":{"allow":["GET"]}}],"collection":[{"href":"https:\/\/bojornal.pt\/index.php?rest_route=\/wp\/v2\/posts"}],"about":[{"href":"https:\/\/bojornal.pt\/index.php?rest_route=\/wp\/v2\/types\/post"}],"author":[{"embeddable":true,"href":"https:\/\/bojornal.pt\/index.php?rest_route=\/wp\/v2\/users\/2"}],"replies":[{"embeddable":true,"href":"https:\/\/bojornal.pt\/index.php?rest_route=%2Fwp%2Fv2%2Fcomments&post=15003"}],"version-history":[{"count":0,"href":"https:\/\/bojornal.pt\/index.php?rest_route=\/wp\/v2\/posts\/15003\/revisions"}],"wp:featuredmedia":[{"embeddable":true,"href":"https:\/\/bojornal.pt\/index.php?rest_route=\/wp\/v2\/media\/15181"}],"wp:attachment":[{"href":"https:\/\/bojornal.pt\/index.php?rest_route=%2Fwp%2Fv2%2Fmedia&parent=15003"}],"wp:term":[{"taxonomy":"category","embeddable":true,"href":"https:\/\/bojornal.pt\/index.php?rest_route=%2Fwp%2Fv2%2Fcategories&post=15003"},{"taxonomy":"post_tag","embeddable":true,"href":"https:\/\/bojornal.pt\/index.php?rest_route=%2Fwp%2Fv2%2Ftags&post=15003"}],"curies":[{"name":"wp","href":"https:\/\/api.w.org\/{rel}","templated":true}]}}