{"id":14975,"date":"2025-01-26T18:51:05","date_gmt":"2025-01-26T18:51:05","guid":{"rendered":"https:\/\/bojornal.pt\/?p=14975"},"modified":"2025-01-29T18:43:45","modified_gmt":"2025-01-29T18:43:45","slug":"escolas-do-agrupamento-cantam-os-reis","status":"publish","type":"post","link":"https:\/\/bojornal.pt\/?p=14975","title":{"rendered":"Escolas do Agrupamento cantam os Reis"},"content":{"rendered":"\n<p><strong><em>Durante o m\u00eas de janeiro, as diversas escolas do Agrupamento de Escolas Em\u00eddio Garcia cumpriram a tradi\u00e7\u00e3o<\/em><\/strong><\/p>\n\n\n\n<figure class=\"wp-block-gallery has-nested-images columns-default is-cropped wp-block-gallery-1 is-layout-flex wp-block-gallery-is-layout-flex\">\n<figure class=\"wp-block-image size-large\"><img loading=\"lazy\" decoding=\"async\" width=\"1024\" height=\"768\" data-id=\"14989\" src=\"https:\/\/bojornal.pt\/wp-content\/uploads\/2025\/01\/WhatsApp-Image-2025-01-25-at-13.00.13-1024x768.jpeg\" alt=\"\" class=\"wp-image-14989\" srcset=\"https:\/\/bojornal.pt\/wp-content\/uploads\/2025\/01\/WhatsApp-Image-2025-01-25-at-13.00.13-1024x768.jpeg 1024w, https:\/\/bojornal.pt\/wp-content\/uploads\/2025\/01\/WhatsApp-Image-2025-01-25-at-13.00.13-300x225.jpeg 300w, https:\/\/bojornal.pt\/wp-content\/uploads\/2025\/01\/WhatsApp-Image-2025-01-25-at-13.00.13-150x113.jpeg 150w, https:\/\/bojornal.pt\/wp-content\/uploads\/2025\/01\/WhatsApp-Image-2025-01-25-at-13.00.13-768x576.jpeg 768w, https:\/\/bojornal.pt\/wp-content\/uploads\/2025\/01\/WhatsApp-Image-2025-01-25-at-13.00.13-1536x1152.jpeg 1536w, https:\/\/bojornal.pt\/wp-content\/uploads\/2025\/01\/WhatsApp-Image-2025-01-25-at-13.00.13.jpeg 1824w\" sizes=\"auto, (max-width: 1024px) 100vw, 1024px\" \/><\/figure>\n\n\n\n<figure class=\"wp-block-image size-large\"><img loading=\"lazy\" decoding=\"async\" width=\"1024\" height=\"768\" data-id=\"14997\" src=\"https:\/\/bojornal.pt\/wp-content\/uploads\/2025\/01\/WhatsApp-Image-2025-01-25-at-13.00.12-1024x768.jpeg\" alt=\"\" class=\"wp-image-14997\" srcset=\"https:\/\/bojornal.pt\/wp-content\/uploads\/2025\/01\/WhatsApp-Image-2025-01-25-at-13.00.12-1024x768.jpeg 1024w, https:\/\/bojornal.pt\/wp-content\/uploads\/2025\/01\/WhatsApp-Image-2025-01-25-at-13.00.12-300x225.jpeg 300w, https:\/\/bojornal.pt\/wp-content\/uploads\/2025\/01\/WhatsApp-Image-2025-01-25-at-13.00.12-150x113.jpeg 150w, https:\/\/bojornal.pt\/wp-content\/uploads\/2025\/01\/WhatsApp-Image-2025-01-25-at-13.00.12-768x576.jpeg 768w, https:\/\/bojornal.pt\/wp-content\/uploads\/2025\/01\/WhatsApp-Image-2025-01-25-at-13.00.12-1536x1152.jpeg 1536w, https:\/\/bojornal.pt\/wp-content\/uploads\/2025\/01\/WhatsApp-Image-2025-01-25-at-13.00.12.jpeg 2048w\" sizes=\"auto, (max-width: 1024px) 100vw, 1024px\" \/><\/figure>\n\n\n\n<figure class=\"wp-block-image size-large\"><img loading=\"lazy\" decoding=\"async\" width=\"1024\" height=\"683\" data-id=\"14999\" src=\"https:\/\/bojornal.pt\/wp-content\/uploads\/2025\/01\/Cantar-Reis-Campo-Redondo6-1024x683.jpg\" alt=\"\" class=\"wp-image-14999\" srcset=\"https:\/\/bojornal.pt\/wp-content\/uploads\/2025\/01\/Cantar-Reis-Campo-Redondo6-1024x683.jpg 1024w, https:\/\/bojornal.pt\/wp-content\/uploads\/2025\/01\/Cantar-Reis-Campo-Redondo6-300x200.jpg 300w, https:\/\/bojornal.pt\/wp-content\/uploads\/2025\/01\/Cantar-Reis-Campo-Redondo6-150x100.jpg 150w, https:\/\/bojornal.pt\/wp-content\/uploads\/2025\/01\/Cantar-Reis-Campo-Redondo6-768x512.jpg 768w, https:\/\/bojornal.pt\/wp-content\/uploads\/2025\/01\/Cantar-Reis-Campo-Redondo6-1536x1024.jpg 1536w, https:\/\/bojornal.pt\/wp-content\/uploads\/2025\/01\/Cantar-Reis-Campo-Redondo6.jpg 2048w\" sizes=\"auto, (max-width: 1024px) 100vw, 1024px\" \/><\/figure>\n\n\n\n<figure class=\"wp-block-image size-large\"><img loading=\"lazy\" decoding=\"async\" width=\"1024\" height=\"768\" data-id=\"14993\" src=\"https:\/\/bojornal.pt\/wp-content\/uploads\/2025\/01\/WhatsApp-Image-2025-01-25-at-13.00.12-1-1024x768.jpeg\" alt=\"\" class=\"wp-image-14993\" srcset=\"https:\/\/bojornal.pt\/wp-content\/uploads\/2025\/01\/WhatsApp-Image-2025-01-25-at-13.00.12-1-1024x768.jpeg 1024w, https:\/\/bojornal.pt\/wp-content\/uploads\/2025\/01\/WhatsApp-Image-2025-01-25-at-13.00.12-1-300x225.jpeg 300w, https:\/\/bojornal.pt\/wp-content\/uploads\/2025\/01\/WhatsApp-Image-2025-01-25-at-13.00.12-1-150x113.jpeg 150w, https:\/\/bojornal.pt\/wp-content\/uploads\/2025\/01\/WhatsApp-Image-2025-01-25-at-13.00.12-1-768x576.jpeg 768w, https:\/\/bojornal.pt\/wp-content\/uploads\/2025\/01\/WhatsApp-Image-2025-01-25-at-13.00.12-1-1536x1152.jpeg 1536w, https:\/\/bojornal.pt\/wp-content\/uploads\/2025\/01\/WhatsApp-Image-2025-01-25-at-13.00.12-1.jpeg 1824w\" sizes=\"auto, (max-width: 1024px) 100vw, 1024px\" \/><\/figure>\n\n\n\n<figure class=\"wp-block-image size-large\"><img loading=\"lazy\" decoding=\"async\" width=\"1024\" height=\"683\" data-id=\"14990\" src=\"https:\/\/bojornal.pt\/wp-content\/uploads\/2025\/01\/Cantar-Reis-Campo-Redondo5-1024x683.jpg\" alt=\"\" class=\"wp-image-14990\" srcset=\"https:\/\/bojornal.pt\/wp-content\/uploads\/2025\/01\/Cantar-Reis-Campo-Redondo5-1024x683.jpg 1024w, https:\/\/bojornal.pt\/wp-content\/uploads\/2025\/01\/Cantar-Reis-Campo-Redondo5-300x200.jpg 300w, https:\/\/bojornal.pt\/wp-content\/uploads\/2025\/01\/Cantar-Reis-Campo-Redondo5-150x100.jpg 150w, https:\/\/bojornal.pt\/wp-content\/uploads\/2025\/01\/Cantar-Reis-Campo-Redondo5-768x512.jpg 768w, https:\/\/bojornal.pt\/wp-content\/uploads\/2025\/01\/Cantar-Reis-Campo-Redondo5-1536x1024.jpg 1536w, https:\/\/bojornal.pt\/wp-content\/uploads\/2025\/01\/Cantar-Reis-Campo-Redondo5.jpg 2048w\" sizes=\"auto, (max-width: 1024px) 100vw, 1024px\" \/><\/figure>\n\n\n\n<figure class=\"wp-block-image size-large\"><img loading=\"lazy\" decoding=\"async\" width=\"1024\" height=\"683\" data-id=\"14992\" src=\"https:\/\/bojornal.pt\/wp-content\/uploads\/2025\/01\/Cantar-Reis-Campo-Redondo4-1024x683.jpg\" alt=\"\" class=\"wp-image-14992\" srcset=\"https:\/\/bojornal.pt\/wp-content\/uploads\/2025\/01\/Cantar-Reis-Campo-Redondo4-1024x683.jpg 1024w, https:\/\/bojornal.pt\/wp-content\/uploads\/2025\/01\/Cantar-Reis-Campo-Redondo4-300x200.jpg 300w, https:\/\/bojornal.pt\/wp-content\/uploads\/2025\/01\/Cantar-Reis-Campo-Redondo4-150x100.jpg 150w, https:\/\/bojornal.pt\/wp-content\/uploads\/2025\/01\/Cantar-Reis-Campo-Redondo4-768x512.jpg 768w, https:\/\/bojornal.pt\/wp-content\/uploads\/2025\/01\/Cantar-Reis-Campo-Redondo4-1536x1024.jpg 1536w, https:\/\/bojornal.pt\/wp-content\/uploads\/2025\/01\/Cantar-Reis-Campo-Redondo4.jpg 2048w\" sizes=\"auto, (max-width: 1024px) 100vw, 1024px\" \/><\/figure>\n\n\n\n<figure class=\"wp-block-image size-large\"><img loading=\"lazy\" decoding=\"async\" width=\"1024\" height=\"683\" data-id=\"14995\" src=\"https:\/\/bojornal.pt\/wp-content\/uploads\/2025\/01\/Cantar-Reis-Campo-Redondo2-1024x683.jpg\" alt=\"\" class=\"wp-image-14995\" srcset=\"https:\/\/bojornal.pt\/wp-content\/uploads\/2025\/01\/Cantar-Reis-Campo-Redondo2-1024x683.jpg 1024w, https:\/\/bojornal.pt\/wp-content\/uploads\/2025\/01\/Cantar-Reis-Campo-Redondo2-300x200.jpg 300w, https:\/\/bojornal.pt\/wp-content\/uploads\/2025\/01\/Cantar-Reis-Campo-Redondo2-150x100.jpg 150w, https:\/\/bojornal.pt\/wp-content\/uploads\/2025\/01\/Cantar-Reis-Campo-Redondo2-768x512.jpg 768w, https:\/\/bojornal.pt\/wp-content\/uploads\/2025\/01\/Cantar-Reis-Campo-Redondo2-1536x1024.jpg 1536w, https:\/\/bojornal.pt\/wp-content\/uploads\/2025\/01\/Cantar-Reis-Campo-Redondo2.jpg 2048w\" sizes=\"auto, (max-width: 1024px) 100vw, 1024px\" \/><\/figure>\n\n\n\n<figure class=\"wp-block-image size-large\"><img loading=\"lazy\" decoding=\"async\" width=\"1024\" height=\"683\" data-id=\"14994\" src=\"https:\/\/bojornal.pt\/wp-content\/uploads\/2025\/01\/Cantar-Reis-Campo-Redondo-1024x683.jpg\" alt=\"\" class=\"wp-image-14994\" srcset=\"https:\/\/bojornal.pt\/wp-content\/uploads\/2025\/01\/Cantar-Reis-Campo-Redondo-1024x683.jpg 1024w, https:\/\/bojornal.pt\/wp-content\/uploads\/2025\/01\/Cantar-Reis-Campo-Redondo-300x200.jpg 300w, https:\/\/bojornal.pt\/wp-content\/uploads\/2025\/01\/Cantar-Reis-Campo-Redondo-150x100.jpg 150w, https:\/\/bojornal.pt\/wp-content\/uploads\/2025\/01\/Cantar-Reis-Campo-Redondo-768x512.jpg 768w, https:\/\/bojornal.pt\/wp-content\/uploads\/2025\/01\/Cantar-Reis-Campo-Redondo-1536x1024.jpg 1536w, https:\/\/bojornal.pt\/wp-content\/uploads\/2025\/01\/Cantar-Reis-Campo-Redondo.jpg 2048w\" sizes=\"auto, (max-width: 1024px) 100vw, 1024px\" \/><\/figure>\n\n\n\n<figure class=\"wp-block-image size-large\"><img loading=\"lazy\" decoding=\"async\" width=\"1024\" height=\"683\" data-id=\"14996\" src=\"https:\/\/bojornal.pt\/wp-content\/uploads\/2025\/01\/Cantar-Reis-Beatas2-1024x683.jpg\" alt=\"\" class=\"wp-image-14996\" srcset=\"https:\/\/bojornal.pt\/wp-content\/uploads\/2025\/01\/Cantar-Reis-Beatas2-1024x683.jpg 1024w, https:\/\/bojornal.pt\/wp-content\/uploads\/2025\/01\/Cantar-Reis-Beatas2-300x200.jpg 300w, https:\/\/bojornal.pt\/wp-content\/uploads\/2025\/01\/Cantar-Reis-Beatas2-150x100.jpg 150w, https:\/\/bojornal.pt\/wp-content\/uploads\/2025\/01\/Cantar-Reis-Beatas2-768x512.jpg 768w, https:\/\/bojornal.pt\/wp-content\/uploads\/2025\/01\/Cantar-Reis-Beatas2-1536x1024.jpg 1536w, https:\/\/bojornal.pt\/wp-content\/uploads\/2025\/01\/Cantar-Reis-Beatas2.jpg 2048w\" sizes=\"auto, (max-width: 1024px) 100vw, 1024px\" \/><\/figure>\n\n\n\n<figure class=\"wp-block-image size-large\"><img loading=\"lazy\" decoding=\"async\" width=\"1024\" height=\"683\" data-id=\"14998\" src=\"https:\/\/bojornal.pt\/wp-content\/uploads\/2025\/01\/Cantar-Reis-Beatas1-1024x683.jpg\" alt=\"\" class=\"wp-image-14998\" srcset=\"https:\/\/bojornal.pt\/wp-content\/uploads\/2025\/01\/Cantar-Reis-Beatas1-1024x683.jpg 1024w, https:\/\/bojornal.pt\/wp-content\/uploads\/2025\/01\/Cantar-Reis-Beatas1-300x200.jpg 300w, https:\/\/bojornal.pt\/wp-content\/uploads\/2025\/01\/Cantar-Reis-Beatas1-150x100.jpg 150w, https:\/\/bojornal.pt\/wp-content\/uploads\/2025\/01\/Cantar-Reis-Beatas1-768x512.jpg 768w, https:\/\/bojornal.pt\/wp-content\/uploads\/2025\/01\/Cantar-Reis-Beatas1-1536x1024.jpg 1536w, https:\/\/bojornal.pt\/wp-content\/uploads\/2025\/01\/Cantar-Reis-Beatas1.jpg 2048w\" sizes=\"auto, (max-width: 1024px) 100vw, 1024px\" \/><\/figure>\n\n\n\n<figure class=\"wp-block-image size-large\"><img loading=\"lazy\" decoding=\"async\" width=\"1024\" height=\"683\" data-id=\"15000\" src=\"https:\/\/bojornal.pt\/wp-content\/uploads\/2025\/01\/Cantar-Reis-Beatas-1024x683.jpg\" alt=\"\" class=\"wp-image-15000\" srcset=\"https:\/\/bojornal.pt\/wp-content\/uploads\/2025\/01\/Cantar-Reis-Beatas-1024x683.jpg 1024w, https:\/\/bojornal.pt\/wp-content\/uploads\/2025\/01\/Cantar-Reis-Beatas-300x200.jpg 300w, https:\/\/bojornal.pt\/wp-content\/uploads\/2025\/01\/Cantar-Reis-Beatas-150x100.jpg 150w, https:\/\/bojornal.pt\/wp-content\/uploads\/2025\/01\/Cantar-Reis-Beatas-768x512.jpg 768w, https:\/\/bojornal.pt\/wp-content\/uploads\/2025\/01\/Cantar-Reis-Beatas-1536x1024.jpg 1536w, https:\/\/bojornal.pt\/wp-content\/uploads\/2025\/01\/Cantar-Reis-Beatas.jpg 2048w\" sizes=\"auto, (max-width: 1024px) 100vw, 1024px\" \/><\/figure>\n<\/figure>\n\n\n\n<figure class=\"wp-block-image size-large\"><img loading=\"lazy\" decoding=\"async\" width=\"1024\" height=\"509\" src=\"https:\/\/bojornal.pt\/wp-content\/uploads\/2025\/01\/casinhas-profissionais-1-2-1024x509.jpeg\" alt=\"\" class=\"wp-image-15001\" srcset=\"https:\/\/bojornal.pt\/wp-content\/uploads\/2025\/01\/casinhas-profissionais-1-2-1024x509.jpeg 1024w, https:\/\/bojornal.pt\/wp-content\/uploads\/2025\/01\/casinhas-profissionais-1-2-300x149.jpeg 300w, https:\/\/bojornal.pt\/wp-content\/uploads\/2025\/01\/casinhas-profissionais-1-2-150x75.jpeg 150w, https:\/\/bojornal.pt\/wp-content\/uploads\/2025\/01\/casinhas-profissionais-1-2-768x382.jpeg 768w, https:\/\/bojornal.pt\/wp-content\/uploads\/2025\/01\/casinhas-profissionais-1-2-1536x763.jpeg 1536w, https:\/\/bojornal.pt\/wp-content\/uploads\/2025\/01\/casinhas-profissionais-1-2.jpeg 1695w\" sizes=\"auto, (max-width: 1024px) 100vw, 1024px\" \/><\/figure>\n\n\n\n<p>As diversas escolas do Agrupamento de Escolas Em\u00eddio Garcia (AEEG) cumpriram a tradi\u00e7\u00e3o com o &#8220;Cantar dos Reis&#8221;, em diversas institui\u00e7\u00f5es da cidade de Bragan\u00e7a. Os alunos das escolas \ud835\uddd8\ud835\uddd5\ud835\udfed \ud835\uddd6\ud835\uddee\ud835\uddfa\ud835\uddfd\ud835\uddfc \ud835\udde5\ud835\uddf2\ud835\uddf1\ud835\uddfc\ud835\uddfb\ud835\uddf1\ud835\uddfc e \ud835\uddd8\ud835\uddd5\ud835\udfed \ud835\uddf1\ud835\uddee\ud835\ude00 \ud835\uddd5\ud835\uddf2\ud835\uddee\ud835\ude01\ud835\uddee\ud835\ude00 visitaram a C\u00e2mara Municipal de Bragan\u00e7a, onde cantaram e irradiaram de alegria o Executivo e funcion\u00e1rios do Munic\u00edpio. No <strong>Centro Escolar da S\u00e9,<\/strong> as diversas turmas cantaram os reis pelas salas e contaram com a visita de um grupo muito especial, os utentes da APADI (Associa\u00e7\u00e3o de Pais e Amigos do Diminu\u00eddo Intelectual). Por fim, no Liceu, os alunos do <strong>Grupo Coral Em\u00eddio Garcia<\/strong> cantaram as janeiras aos alunos, professores, funcion\u00e1rios e dire\u00e7\u00e3o.<\/p>\n\n\n\n<p><\/p>\n","protected":false},"excerpt":{"rendered":"<p>Durante o m\u00eas de janeiro, as diversas escolas do Agrupamento de Escolas Em\u00eddio Garcia cumpriram a tradi\u00e7\u00e3o As diversas escolas do Agrupamento de Escolas Em\u00eddio Garcia (AEEG) cumpriram a tradi\u00e7\u00e3o com o &#8220;Cantar dos&#46;&#46;&#46;<\/p>\n","protected":false},"author":2,"featured_media":14999,"comment_status":"closed","ping_status":"open","sticky":false,"template":"","format":"standard","meta":{"footnotes":""},"categories":[14,2,9,13,16,15],"tags":[],"class_list":["post-14975","post","type-post","status-publish","format-standard","has-post-thumbnail","hentry","category-1o-ciclo","category-atualidade","category-em-foco","category-escola-paulo-quintela","category-escola-secundaria-emidio-garcia","category-pre-escolar"],"_links":{"self":[{"href":"https:\/\/bojornal.pt\/index.php?rest_route=\/wp\/v2\/posts\/14975","targetHints":{"allow":["GET"]}}],"collection":[{"href":"https:\/\/bojornal.pt\/index.php?rest_route=\/wp\/v2\/posts"}],"about":[{"href":"https:\/\/bojornal.pt\/index.php?rest_route=\/wp\/v2\/types\/post"}],"author":[{"embeddable":true,"href":"https:\/\/bojornal.pt\/index.php?rest_route=\/wp\/v2\/users\/2"}],"replies":[{"embeddable":true,"href":"https:\/\/bojornal.pt\/index.php?rest_route=%2Fwp%2Fv2%2Fcomments&post=14975"}],"version-history":[{"count":0,"href":"https:\/\/bojornal.pt\/index.php?rest_route=\/wp\/v2\/posts\/14975\/revisions"}],"wp:featuredmedia":[{"embeddable":true,"href":"https:\/\/bojornal.pt\/index.php?rest_route=\/wp\/v2\/media\/14999"}],"wp:attachment":[{"href":"https:\/\/bojornal.pt\/index.php?rest_route=%2Fwp%2Fv2%2Fmedia&parent=14975"}],"wp:term":[{"taxonomy":"category","embeddable":true,"href":"https:\/\/bojornal.pt\/index.php?rest_route=%2Fwp%2Fv2%2Fcategories&post=14975"},{"taxonomy":"post_tag","embeddable":true,"href":"https:\/\/bojornal.pt\/index.php?rest_route=%2Fwp%2Fv2%2Ftags&post=14975"}],"curies":[{"name":"wp","href":"https:\/\/api.w.org\/{rel}","templated":true}]}}