{"id":14852,"date":"2025-01-24T10:53:46","date_gmt":"2025-01-24T10:53:46","guid":{"rendered":"https:\/\/bojornal.pt\/?p=14852"},"modified":"2025-01-29T18:44:46","modified_gmt":"2025-01-29T18:44:46","slug":"celebracao-de-luis-de-camoes-na-biblioteca-escolar","status":"publish","type":"post","link":"https:\/\/bojornal.pt\/?p=14852","title":{"rendered":"Celebra\u00e7\u00e3o de Lu\u00eds de Cam\u00f5es na Biblioteca Escolar!"},"content":{"rendered":"\n<figure class=\"wp-block-gallery has-nested-images columns-default is-cropped wp-block-gallery-1 is-layout-flex wp-block-gallery-is-layout-flex\">\n<figure class=\"wp-block-image size-large\"><img loading=\"lazy\" decoding=\"async\" width=\"1024\" height=\"768\" data-id=\"14854\" src=\"https:\/\/bojornal.pt\/wp-content\/uploads\/2025\/01\/P_20250123_121129-1024x768.jpg\" alt=\"\" class=\"wp-image-14854\" srcset=\"https:\/\/bojornal.pt\/wp-content\/uploads\/2025\/01\/P_20250123_121129-1024x768.jpg 1024w, https:\/\/bojornal.pt\/wp-content\/uploads\/2025\/01\/P_20250123_121129-300x225.jpg 300w, https:\/\/bojornal.pt\/wp-content\/uploads\/2025\/01\/P_20250123_121129-150x113.jpg 150w, https:\/\/bojornal.pt\/wp-content\/uploads\/2025\/01\/P_20250123_121129-768x576.jpg 768w, https:\/\/bojornal.pt\/wp-content\/uploads\/2025\/01\/P_20250123_121129-1536x1152.jpg 1536w, https:\/\/bojornal.pt\/wp-content\/uploads\/2025\/01\/P_20250123_121129-2048x1536.jpg 2048w\" sizes=\"auto, (max-width: 1024px) 100vw, 1024px\" \/><\/figure>\n\n\n\n<figure class=\"wp-block-image size-large\"><img loading=\"lazy\" decoding=\"async\" width=\"1024\" height=\"768\" data-id=\"14857\" src=\"https:\/\/bojornal.pt\/wp-content\/uploads\/2025\/01\/P_20250123_121219-1024x768.jpg\" alt=\"\" class=\"wp-image-14857\" srcset=\"https:\/\/bojornal.pt\/wp-content\/uploads\/2025\/01\/P_20250123_121219-1024x768.jpg 1024w, https:\/\/bojornal.pt\/wp-content\/uploads\/2025\/01\/P_20250123_121219-300x225.jpg 300w, https:\/\/bojornal.pt\/wp-content\/uploads\/2025\/01\/P_20250123_121219-150x113.jpg 150w, https:\/\/bojornal.pt\/wp-content\/uploads\/2025\/01\/P_20250123_121219-768x576.jpg 768w, https:\/\/bojornal.pt\/wp-content\/uploads\/2025\/01\/P_20250123_121219-1536x1152.jpg 1536w, https:\/\/bojornal.pt\/wp-content\/uploads\/2025\/01\/P_20250123_121219-2048x1536.jpg 2048w\" sizes=\"auto, (max-width: 1024px) 100vw, 1024px\" \/><\/figure>\n\n\n\n<figure class=\"wp-block-image size-large\"><img loading=\"lazy\" decoding=\"async\" width=\"1024\" height=\"768\" data-id=\"14856\" src=\"https:\/\/bojornal.pt\/wp-content\/uploads\/2025\/01\/P_20250123_121728-1024x768.jpg\" alt=\"\" class=\"wp-image-14856\" srcset=\"https:\/\/bojornal.pt\/wp-content\/uploads\/2025\/01\/P_20250123_121728-1024x768.jpg 1024w, https:\/\/bojornal.pt\/wp-content\/uploads\/2025\/01\/P_20250123_121728-300x225.jpg 300w, https:\/\/bojornal.pt\/wp-content\/uploads\/2025\/01\/P_20250123_121728-150x113.jpg 150w, https:\/\/bojornal.pt\/wp-content\/uploads\/2025\/01\/P_20250123_121728-768x576.jpg 768w, https:\/\/bojornal.pt\/wp-content\/uploads\/2025\/01\/P_20250123_121728-1536x1152.jpg 1536w, https:\/\/bojornal.pt\/wp-content\/uploads\/2025\/01\/P_20250123_121728-2048x1536.jpg 2048w\" sizes=\"auto, (max-width: 1024px) 100vw, 1024px\" \/><\/figure>\n\n\n\n<figure class=\"wp-block-image size-large\"><img loading=\"lazy\" decoding=\"async\" width=\"1024\" height=\"768\" data-id=\"14853\" src=\"https:\/\/bojornal.pt\/wp-content\/uploads\/2025\/01\/P_20250123_144752-1024x768.jpg\" alt=\"\" class=\"wp-image-14853\" srcset=\"https:\/\/bojornal.pt\/wp-content\/uploads\/2025\/01\/P_20250123_144752-1024x768.jpg 1024w, https:\/\/bojornal.pt\/wp-content\/uploads\/2025\/01\/P_20250123_144752-300x225.jpg 300w, https:\/\/bojornal.pt\/wp-content\/uploads\/2025\/01\/P_20250123_144752-150x113.jpg 150w, https:\/\/bojornal.pt\/wp-content\/uploads\/2025\/01\/P_20250123_144752-768x576.jpg 768w, https:\/\/bojornal.pt\/wp-content\/uploads\/2025\/01\/P_20250123_144752-1536x1152.jpg 1536w, https:\/\/bojornal.pt\/wp-content\/uploads\/2025\/01\/P_20250123_144752-2048x1536.jpg 2048w\" sizes=\"auto, (max-width: 1024px) 100vw, 1024px\" \/><\/figure>\n\n\n\n<figure class=\"wp-block-image size-large\"><img loading=\"lazy\" decoding=\"async\" width=\"1024\" height=\"768\" data-id=\"14855\" src=\"https:\/\/bojornal.pt\/wp-content\/uploads\/2025\/01\/P_20250123_144844-1024x768.jpg\" alt=\"\" class=\"wp-image-14855\" srcset=\"https:\/\/bojornal.pt\/wp-content\/uploads\/2025\/01\/P_20250123_144844-1024x768.jpg 1024w, https:\/\/bojornal.pt\/wp-content\/uploads\/2025\/01\/P_20250123_144844-300x225.jpg 300w, https:\/\/bojornal.pt\/wp-content\/uploads\/2025\/01\/P_20250123_144844-150x113.jpg 150w, https:\/\/bojornal.pt\/wp-content\/uploads\/2025\/01\/P_20250123_144844-768x576.jpg 768w, https:\/\/bojornal.pt\/wp-content\/uploads\/2025\/01\/P_20250123_144844-1536x1152.jpg 1536w, https:\/\/bojornal.pt\/wp-content\/uploads\/2025\/01\/P_20250123_144844-2048x1536.jpg 2048w\" sizes=\"auto, (max-width: 1024px) 100vw, 1024px\" \/><\/figure>\n<\/figure>\n\n\n\n<p><br \/>A Biblioteca Escolar da Escola Em\u00eddio Garcia vestiu-se de gala para celebrar os 500 anos do nascimento de Lu\u00eds de Cam\u00f5es, um dos maiores poetas da l\u00edngua portuguesa, com uma s\u00e9rie de atividades liter\u00e1rias! Os alunos do 9.\u00ba ano participaram em leituras partilhadas e expressivas de algumas das obras mais emblem\u00e1ticas de Cam\u00f5es. A emo\u00e7\u00e3o e a paix\u00e3o com que declamaram os versos do nosso poeta foram verdadeiramente inspiradoras!<br \/>Para tornar o dia ainda mais especial, tivemos a presen\u00e7a do nosso Coro de Leitura em Voz Alta, composto por 6 talentosos alunos do 11.\u00ba, 12.\u00ba e do curso profissional. As suas vozes ressoaram pela biblioteca, dando vida \u00e0s palavras de Cam\u00f5es e encantando todos os presentes. Foi um dia memor\u00e1vel que nos lembrou a import\u00e2ncia da literatura e da heran\u00e7a cultural que Cam\u00f5es nos deixou. Agradecemos a todos os alunos e professores que tornaram este evento poss\u00edvel. Continuaremos a celebrar o legado de Lu\u00eds de Cam\u00f5es e a promover o gosto pela leitura entre os jovens. <\/p>\n\n\n\n<p>Fiquem atentos \u00e0s pr\u00f3ximas atividades!<\/p>\n","protected":false},"excerpt":{"rendered":"<p>A Biblioteca Escolar da Escola Em\u00eddio Garcia vestiu-se de gala para celebrar os 500 anos do nascimento de Lu\u00eds de Cam\u00f5es, um dos maiores poetas da l\u00edngua portuguesa, com uma s\u00e9rie de atividades liter\u00e1rias!&#46;&#46;&#46;<\/p>\n","protected":false},"author":2,"featured_media":14857,"comment_status":"closed","ping_status":"open","sticky":false,"template":"","format":"standard","meta":{"footnotes":""},"categories":[16],"tags":[],"class_list":["post-14852","post","type-post","status-publish","format-standard","has-post-thumbnail","hentry","category-escola-secundaria-emidio-garcia"],"_links":{"self":[{"href":"https:\/\/bojornal.pt\/index.php?rest_route=\/wp\/v2\/posts\/14852","targetHints":{"allow":["GET"]}}],"collection":[{"href":"https:\/\/bojornal.pt\/index.php?rest_route=\/wp\/v2\/posts"}],"about":[{"href":"https:\/\/bojornal.pt\/index.php?rest_route=\/wp\/v2\/types\/post"}],"author":[{"embeddable":true,"href":"https:\/\/bojornal.pt\/index.php?rest_route=\/wp\/v2\/users\/2"}],"replies":[{"embeddable":true,"href":"https:\/\/bojornal.pt\/index.php?rest_route=%2Fwp%2Fv2%2Fcomments&post=14852"}],"version-history":[{"count":0,"href":"https:\/\/bojornal.pt\/index.php?rest_route=\/wp\/v2\/posts\/14852\/revisions"}],"wp:featuredmedia":[{"embeddable":true,"href":"https:\/\/bojornal.pt\/index.php?rest_route=\/wp\/v2\/media\/14857"}],"wp:attachment":[{"href":"https:\/\/bojornal.pt\/index.php?rest_route=%2Fwp%2Fv2%2Fmedia&parent=14852"}],"wp:term":[{"taxonomy":"category","embeddable":true,"href":"https:\/\/bojornal.pt\/index.php?rest_route=%2Fwp%2Fv2%2Fcategories&post=14852"},{"taxonomy":"post_tag","embeddable":true,"href":"https:\/\/bojornal.pt\/index.php?rest_route=%2Fwp%2Fv2%2Ftags&post=14852"}],"curies":[{"name":"wp","href":"https:\/\/api.w.org\/{rel}","templated":true}]}}