{"id":14732,"date":"2025-01-23T10:15:41","date_gmt":"2025-01-23T10:15:41","guid":{"rendered":"https:\/\/bojornal.pt\/?p=14732"},"modified":"2025-01-29T18:47:49","modified_gmt":"2025-01-29T18:47:49","slug":"sessao-escolar-do-parlamento-dos-jovens-ensino-basico","status":"publish","type":"post","link":"https:\/\/bojornal.pt\/?p=14732","title":{"rendered":"Sess\u00e3o Escolar do Parlamento dos Jovens &#8211; Ensino B\u00e1sico"},"content":{"rendered":"\n<p><strong><em>As seis listas candidatas votaram as medidas e elegeram os deputados que participar\u00e3o na Sess\u00e3o Distrital<\/em><\/strong><\/p>\n\n\n\n<figure class=\"wp-block-image size-large\"><img loading=\"lazy\" decoding=\"async\" width=\"1024\" height=\"681\" src=\"https:\/\/bojornal.pt\/wp-content\/uploads\/2025\/01\/Sessao-Escolar-Basico-2025-98-1024x681.jpg\" alt=\"\" class=\"wp-image-14840\" srcset=\"https:\/\/bojornal.pt\/wp-content\/uploads\/2025\/01\/Sessao-Escolar-Basico-2025-98-1024x681.jpg 1024w, https:\/\/bojornal.pt\/wp-content\/uploads\/2025\/01\/Sessao-Escolar-Basico-2025-98-300x199.jpg 300w, https:\/\/bojornal.pt\/wp-content\/uploads\/2025\/01\/Sessao-Escolar-Basico-2025-98-150x100.jpg 150w, https:\/\/bojornal.pt\/wp-content\/uploads\/2025\/01\/Sessao-Escolar-Basico-2025-98-768x511.jpg 768w, https:\/\/bojornal.pt\/wp-content\/uploads\/2025\/01\/Sessao-Escolar-Basico-2025-98-1536x1021.jpg 1536w, https:\/\/bojornal.pt\/wp-content\/uploads\/2025\/01\/Sessao-Escolar-Basico-2025-98-2048x1362.jpg 2048w\" sizes=\"auto, (max-width: 1024px) 100vw, 1024px\" \/><\/figure>\n\n\n\n<p>Terminou a primeira fase do Parlamento dos Jovens atrav\u00e9s da realiza\u00e7\u00e3o da Sess\u00e3o Escolar, do Ensino B\u00e1sico. Os 31 deputados eleitos, representantes das seis listas candidatas, reuniram-se no Sal\u00e3o Nobre da Escola Em\u00eddio Garcia para debater o tema: &#8220;Novas Tecnologias: oportunidades e desafios para os jovens&#8221;.<\/p>\n\n\n\n<p>As alunas: In\u00eas Bru\u00e7\u00f3, Ana Clara Fernandes; Catarina Borges; Daniela Vaz, Eduarda Frias e Ana Rita Santos foram as deputadas eleitas para representarem o Agrupamento na Sess\u00e3o Distrital e defenderem o Projeto de Recomenda\u00e7\u00e3o, aprovado na mesma sess\u00e3o. <\/p>\n\n\n\n<p><\/p>\n","protected":false},"excerpt":{"rendered":"<p>As seis listas candidatas votaram as medidas e elegeram os deputados que participar\u00e3o na Sess\u00e3o Distrital Terminou a primeira fase do Parlamento dos Jovens atrav\u00e9s da realiza\u00e7\u00e3o da Sess\u00e3o Escolar, do Ensino B\u00e1sico. Os&#46;&#46;&#46;<\/p>\n","protected":false},"author":2,"featured_media":14840,"comment_status":"closed","ping_status":"open","sticky":false,"template":"","format":"standard","meta":{"footnotes":""},"categories":[2,9,16],"tags":[],"class_list":["post-14732","post","type-post","status-publish","format-standard","has-post-thumbnail","hentry","category-atualidade","category-em-foco","category-escola-secundaria-emidio-garcia"],"_links":{"self":[{"href":"https:\/\/bojornal.pt\/index.php?rest_route=\/wp\/v2\/posts\/14732","targetHints":{"allow":["GET"]}}],"collection":[{"href":"https:\/\/bojornal.pt\/index.php?rest_route=\/wp\/v2\/posts"}],"about":[{"href":"https:\/\/bojornal.pt\/index.php?rest_route=\/wp\/v2\/types\/post"}],"author":[{"embeddable":true,"href":"https:\/\/bojornal.pt\/index.php?rest_route=\/wp\/v2\/users\/2"}],"replies":[{"embeddable":true,"href":"https:\/\/bojornal.pt\/index.php?rest_route=%2Fwp%2Fv2%2Fcomments&post=14732"}],"version-history":[{"count":0,"href":"https:\/\/bojornal.pt\/index.php?rest_route=\/wp\/v2\/posts\/14732\/revisions"}],"wp:featuredmedia":[{"embeddable":true,"href":"https:\/\/bojornal.pt\/index.php?rest_route=\/wp\/v2\/media\/14840"}],"wp:attachment":[{"href":"https:\/\/bojornal.pt\/index.php?rest_route=%2Fwp%2Fv2%2Fmedia&parent=14732"}],"wp:term":[{"taxonomy":"category","embeddable":true,"href":"https:\/\/bojornal.pt\/index.php?rest_route=%2Fwp%2Fv2%2Fcategories&post=14732"},{"taxonomy":"post_tag","embeddable":true,"href":"https:\/\/bojornal.pt\/index.php?rest_route=%2Fwp%2Fv2%2Ftags&post=14732"}],"curies":[{"name":"wp","href":"https:\/\/api.w.org\/{rel}","templated":true}]}}