{"id":14629,"date":"2024-12-07T11:13:22","date_gmt":"2024-12-07T11:13:22","guid":{"rendered":"https:\/\/bojornal.pt\/?p=14629"},"modified":"2025-01-10T11:17:47","modified_gmt":"2025-01-10T11:17:47","slug":"torneio-natal-solidario-emrc","status":"publish","type":"post","link":"https:\/\/bojornal.pt\/?p=14629","title":{"rendered":"Torneio Natal Solid\u00e1rio &#8211; EMRC"},"content":{"rendered":"\n<p><strong><em>Alunos de 8.\u00baano vestiram a camisola da solidariedade<\/em><\/strong><\/p>\n\n\n\n<figure class=\"wp-block-gallery has-nested-images columns-default is-cropped wp-block-gallery-1 is-layout-flex wp-block-gallery-is-layout-flex\">\n<figure class=\"wp-block-image size-large\"><img loading=\"lazy\" decoding=\"async\" width=\"1024\" height=\"681\" data-id=\"14632\" src=\"https:\/\/bojornal.pt\/wp-content\/uploads\/2025\/01\/torneio-natal-solidario-2024-146-1024x681.jpg\" alt=\"\" class=\"wp-image-14632\" srcset=\"https:\/\/bojornal.pt\/wp-content\/uploads\/2025\/01\/torneio-natal-solidario-2024-146-1024x681.jpg 1024w, https:\/\/bojornal.pt\/wp-content\/uploads\/2025\/01\/torneio-natal-solidario-2024-146-300x199.jpg 300w, https:\/\/bojornal.pt\/wp-content\/uploads\/2025\/01\/torneio-natal-solidario-2024-146-150x100.jpg 150w, https:\/\/bojornal.pt\/wp-content\/uploads\/2025\/01\/torneio-natal-solidario-2024-146-768x511.jpg 768w, https:\/\/bojornal.pt\/wp-content\/uploads\/2025\/01\/torneio-natal-solidario-2024-146-1536x1021.jpg 1536w, https:\/\/bojornal.pt\/wp-content\/uploads\/2025\/01\/torneio-natal-solidario-2024-146-2048x1362.jpg 2048w\" sizes=\"auto, (max-width: 1024px) 100vw, 1024px\" \/><\/figure>\n\n\n\n<figure class=\"wp-block-image size-large\"><img loading=\"lazy\" decoding=\"async\" width=\"1024\" height=\"691\" data-id=\"14633\" src=\"https:\/\/bojornal.pt\/wp-content\/uploads\/2025\/01\/torneio-natal-solidario-2024-155-1024x691.jpg\" alt=\"\" class=\"wp-image-14633\" srcset=\"https:\/\/bojornal.pt\/wp-content\/uploads\/2025\/01\/torneio-natal-solidario-2024-155-1024x691.jpg 1024w, https:\/\/bojornal.pt\/wp-content\/uploads\/2025\/01\/torneio-natal-solidario-2024-155-300x202.jpg 300w, https:\/\/bojornal.pt\/wp-content\/uploads\/2025\/01\/torneio-natal-solidario-2024-155-150x101.jpg 150w, https:\/\/bojornal.pt\/wp-content\/uploads\/2025\/01\/torneio-natal-solidario-2024-155-768x518.jpg 768w, https:\/\/bojornal.pt\/wp-content\/uploads\/2025\/01\/torneio-natal-solidario-2024-155-1536x1036.jpg 1536w, https:\/\/bojornal.pt\/wp-content\/uploads\/2025\/01\/torneio-natal-solidario-2024-155.jpg 2004w\" sizes=\"auto, (max-width: 1024px) 100vw, 1024px\" \/><\/figure>\n\n\n\n<figure class=\"wp-block-image size-large\"><img loading=\"lazy\" decoding=\"async\" width=\"1024\" height=\"801\" data-id=\"14631\" src=\"https:\/\/bojornal.pt\/wp-content\/uploads\/2025\/01\/torneio-natal-solidario-2024-167-1024x801.jpg\" alt=\"\" class=\"wp-image-14631\" srcset=\"https:\/\/bojornal.pt\/wp-content\/uploads\/2025\/01\/torneio-natal-solidario-2024-167-1024x801.jpg 1024w, https:\/\/bojornal.pt\/wp-content\/uploads\/2025\/01\/torneio-natal-solidario-2024-167-300x235.jpg 300w, https:\/\/bojornal.pt\/wp-content\/uploads\/2025\/01\/torneio-natal-solidario-2024-167-150x117.jpg 150w, https:\/\/bojornal.pt\/wp-content\/uploads\/2025\/01\/torneio-natal-solidario-2024-167-768x601.jpg 768w, https:\/\/bojornal.pt\/wp-content\/uploads\/2025\/01\/torneio-natal-solidario-2024-167.jpg 1392w\" sizes=\"auto, (max-width: 1024px) 100vw, 1024px\" \/><\/figure>\n\n\n\n<figure class=\"wp-block-image size-large\"><img loading=\"lazy\" decoding=\"async\" width=\"1024\" height=\"639\" data-id=\"14634\" src=\"https:\/\/bojornal.pt\/wp-content\/uploads\/2025\/01\/torneio-natal-solidario-2024-197-1024x639.jpg\" alt=\"\" class=\"wp-image-14634\" srcset=\"https:\/\/bojornal.pt\/wp-content\/uploads\/2025\/01\/torneio-natal-solidario-2024-197-1024x639.jpg 1024w, https:\/\/bojornal.pt\/wp-content\/uploads\/2025\/01\/torneio-natal-solidario-2024-197-300x187.jpg 300w, https:\/\/bojornal.pt\/wp-content\/uploads\/2025\/01\/torneio-natal-solidario-2024-197-150x94.jpg 150w, https:\/\/bojornal.pt\/wp-content\/uploads\/2025\/01\/torneio-natal-solidario-2024-197-768x479.jpg 768w, https:\/\/bojornal.pt\/wp-content\/uploads\/2025\/01\/torneio-natal-solidario-2024-197-1536x958.jpg 1536w, https:\/\/bojornal.pt\/wp-content\/uploads\/2025\/01\/torneio-natal-solidario-2024-197-2048x1278.jpg 2048w\" sizes=\"auto, (max-width: 1024px) 100vw, 1024px\" \/><\/figure>\n\n\n\n<figure class=\"wp-block-image size-large\"><img loading=\"lazy\" decoding=\"async\" width=\"1024\" height=\"677\" data-id=\"14630\" src=\"https:\/\/bojornal.pt\/wp-content\/uploads\/2025\/01\/torneio-natal-solidario-2024-224-1024x677.jpg\" alt=\"\" class=\"wp-image-14630\" srcset=\"https:\/\/bojornal.pt\/wp-content\/uploads\/2025\/01\/torneio-natal-solidario-2024-224-1024x677.jpg 1024w, https:\/\/bojornal.pt\/wp-content\/uploads\/2025\/01\/torneio-natal-solidario-2024-224-300x198.jpg 300w, https:\/\/bojornal.pt\/wp-content\/uploads\/2025\/01\/torneio-natal-solidario-2024-224-150x99.jpg 150w, https:\/\/bojornal.pt\/wp-content\/uploads\/2025\/01\/torneio-natal-solidario-2024-224-768x507.jpg 768w, https:\/\/bojornal.pt\/wp-content\/uploads\/2025\/01\/torneio-natal-solidario-2024-224.jpg 1397w\" sizes=\"auto, (max-width: 1024px) 100vw, 1024px\" \/><\/figure>\n<\/figure>\n\n\n\n<p>Realizou-se a primeira edi\u00e7\u00e3o do TORNEIO NATAL SOLID\u00c1RIO &#8211; EMRC. Os alunos de 8.\u00baano, inscritos em EMRC (Educa\u00e7\u00e3o Moral e Religiosa Cat\u00f3lica), vestiram a camisola da solidariedade, entraram em campo e ampliaram a diferen\u00e7a, num jogo sem cart\u00f5es. Al\u00e9m do fair-play demonstrado dentro do campo, nos jogos do dia 6 de dezembro, os nossos alunos aproveitaram o seu gosto pelo futsal para ajudar colegas a terem um Natal melhor, colaborando na campanha do &#8220;Natal Solid\u00e1rio&#8221;.<\/p>\n\n\n\n<p><\/p>\n","protected":false},"excerpt":{"rendered":"<p>Alunos de 8.\u00baano vestiram a camisola da solidariedade Realizou-se a primeira edi\u00e7\u00e3o do TORNEIO NATAL SOLID\u00c1RIO &#8211; EMRC. Os alunos de 8.\u00baano, inscritos em EMRC (Educa\u00e7\u00e3o Moral e Religiosa Cat\u00f3lica), vestiram a camisola da&#46;&#46;&#46;<\/p>\n","protected":false},"author":2,"featured_media":14634,"comment_status":"closed","ping_status":"open","sticky":false,"template":"","format":"standard","meta":{"footnotes":""},"categories":[9,16],"tags":[],"class_list":["post-14629","post","type-post","status-publish","format-standard","has-post-thumbnail","hentry","category-em-foco","category-escola-secundaria-emidio-garcia"],"_links":{"self":[{"href":"https:\/\/bojornal.pt\/index.php?rest_route=\/wp\/v2\/posts\/14629","targetHints":{"allow":["GET"]}}],"collection":[{"href":"https:\/\/bojornal.pt\/index.php?rest_route=\/wp\/v2\/posts"}],"about":[{"href":"https:\/\/bojornal.pt\/index.php?rest_route=\/wp\/v2\/types\/post"}],"author":[{"embeddable":true,"href":"https:\/\/bojornal.pt\/index.php?rest_route=\/wp\/v2\/users\/2"}],"replies":[{"embeddable":true,"href":"https:\/\/bojornal.pt\/index.php?rest_route=%2Fwp%2Fv2%2Fcomments&post=14629"}],"version-history":[{"count":0,"href":"https:\/\/bojornal.pt\/index.php?rest_route=\/wp\/v2\/posts\/14629\/revisions"}],"wp:featuredmedia":[{"embeddable":true,"href":"https:\/\/bojornal.pt\/index.php?rest_route=\/wp\/v2\/media\/14634"}],"wp:attachment":[{"href":"https:\/\/bojornal.pt\/index.php?rest_route=%2Fwp%2Fv2%2Fmedia&parent=14629"}],"wp:term":[{"taxonomy":"category","embeddable":true,"href":"https:\/\/bojornal.pt\/index.php?rest_route=%2Fwp%2Fv2%2Fcategories&post=14629"},{"taxonomy":"post_tag","embeddable":true,"href":"https:\/\/bojornal.pt\/index.php?rest_route=%2Fwp%2Fv2%2Ftags&post=14629"}],"curies":[{"name":"wp","href":"https:\/\/api.w.org\/{rel}","templated":true}]}}