{"id":14595,"date":"2024-12-12T21:42:03","date_gmt":"2024-12-12T21:42:03","guid":{"rendered":"https:\/\/bojornal.pt\/?p=14595"},"modified":"2025-01-09T21:57:15","modified_gmt":"2025-01-09T21:57:15","slug":"semear-tratar-e-plantar","status":"publish","type":"post","link":"https:\/\/bojornal.pt\/?p=14595","title":{"rendered":"Semear, Tratar e Plantar"},"content":{"rendered":"\n<p><strong><em>Projeto de Educa\u00e7\u00e3o Ambiental<\/em><\/strong> &#8211; <strong><em>parceria entre Em\u00eddio Garcia e ICNF<\/em><\/strong><\/p>\n\n\n\n<figure class=\"wp-block-image size-large\"><img loading=\"lazy\" decoding=\"async\" width=\"1024\" height=\"768\" src=\"https:\/\/bojornal.pt\/wp-content\/uploads\/2025\/01\/33_Protocolo-ICNF-42-1-1024x768.jpg\" alt=\"\" class=\"wp-image-14607\" srcset=\"https:\/\/bojornal.pt\/wp-content\/uploads\/2025\/01\/33_Protocolo-ICNF-42-1-1024x768.jpg 1024w, https:\/\/bojornal.pt\/wp-content\/uploads\/2025\/01\/33_Protocolo-ICNF-42-1-300x225.jpg 300w, https:\/\/bojornal.pt\/wp-content\/uploads\/2025\/01\/33_Protocolo-ICNF-42-1-150x113.jpg 150w, https:\/\/bojornal.pt\/wp-content\/uploads\/2025\/01\/33_Protocolo-ICNF-42-1-768x576.jpg 768w, https:\/\/bojornal.pt\/wp-content\/uploads\/2025\/01\/33_Protocolo-ICNF-42-1-1536x1152.jpg 1536w, https:\/\/bojornal.pt\/wp-content\/uploads\/2025\/01\/33_Protocolo-ICNF-42-1-2048x1536.jpg 2048w\" sizes=\"auto, (max-width: 1024px) 100vw, 1024px\" \/><\/figure>\n\n\n\n<figure class=\"wp-block-gallery has-nested-images columns-default is-cropped wp-block-gallery-1 is-layout-flex wp-block-gallery-is-layout-flex\">\n<figure class=\"wp-block-image size-large\"><img loading=\"lazy\" decoding=\"async\" width=\"1024\" height=\"768\" data-id=\"14609\" src=\"https:\/\/bojornal.pt\/wp-content\/uploads\/2025\/01\/33_Protocolo-ICNF-13-1024x768.jpg\" alt=\"\" class=\"wp-image-14609\" srcset=\"https:\/\/bojornal.pt\/wp-content\/uploads\/2025\/01\/33_Protocolo-ICNF-13-1024x768.jpg 1024w, https:\/\/bojornal.pt\/wp-content\/uploads\/2025\/01\/33_Protocolo-ICNF-13-300x225.jpg 300w, https:\/\/bojornal.pt\/wp-content\/uploads\/2025\/01\/33_Protocolo-ICNF-13-150x113.jpg 150w, https:\/\/bojornal.pt\/wp-content\/uploads\/2025\/01\/33_Protocolo-ICNF-13-768x576.jpg 768w, https:\/\/bojornal.pt\/wp-content\/uploads\/2025\/01\/33_Protocolo-ICNF-13-1536x1152.jpg 1536w, https:\/\/bojornal.pt\/wp-content\/uploads\/2025\/01\/33_Protocolo-ICNF-13-2048x1536.jpg 2048w\" sizes=\"auto, (max-width: 1024px) 100vw, 1024px\" \/><\/figure>\n\n\n\n<figure class=\"wp-block-image size-large\"><img loading=\"lazy\" decoding=\"async\" width=\"1024\" height=\"768\" data-id=\"14608\" src=\"https:\/\/bojornal.pt\/wp-content\/uploads\/2025\/01\/33_Protocolo-ICNF-16-1024x768.jpg\" alt=\"\" class=\"wp-image-14608\" srcset=\"https:\/\/bojornal.pt\/wp-content\/uploads\/2025\/01\/33_Protocolo-ICNF-16-1024x768.jpg 1024w, https:\/\/bojornal.pt\/wp-content\/uploads\/2025\/01\/33_Protocolo-ICNF-16-300x225.jpg 300w, https:\/\/bojornal.pt\/wp-content\/uploads\/2025\/01\/33_Protocolo-ICNF-16-150x113.jpg 150w, https:\/\/bojornal.pt\/wp-content\/uploads\/2025\/01\/33_Protocolo-ICNF-16-768x576.jpg 768w, https:\/\/bojornal.pt\/wp-content\/uploads\/2025\/01\/33_Protocolo-ICNF-16-1536x1152.jpg 1536w, https:\/\/bojornal.pt\/wp-content\/uploads\/2025\/01\/33_Protocolo-ICNF-16-2048x1536.jpg 2048w\" sizes=\"auto, (max-width: 1024px) 100vw, 1024px\" \/><\/figure>\n\n\n\n<figure class=\"wp-block-image size-large\"><img loading=\"lazy\" decoding=\"async\" width=\"1024\" height=\"768\" data-id=\"14610\" src=\"https:\/\/bojornal.pt\/wp-content\/uploads\/2025\/01\/33_Protocolo-ICNF-28-1-1024x768.jpg\" alt=\"\" class=\"wp-image-14610\" srcset=\"https:\/\/bojornal.pt\/wp-content\/uploads\/2025\/01\/33_Protocolo-ICNF-28-1-1024x768.jpg 1024w, https:\/\/bojornal.pt\/wp-content\/uploads\/2025\/01\/33_Protocolo-ICNF-28-1-300x225.jpg 300w, https:\/\/bojornal.pt\/wp-content\/uploads\/2025\/01\/33_Protocolo-ICNF-28-1-150x113.jpg 150w, https:\/\/bojornal.pt\/wp-content\/uploads\/2025\/01\/33_Protocolo-ICNF-28-1-768x576.jpg 768w, https:\/\/bojornal.pt\/wp-content\/uploads\/2025\/01\/33_Protocolo-ICNF-28-1-1536x1152.jpg 1536w, https:\/\/bojornal.pt\/wp-content\/uploads\/2025\/01\/33_Protocolo-ICNF-28-1-2048x1536.jpg 2048w\" sizes=\"auto, (max-width: 1024px) 100vw, 1024px\" \/><\/figure>\n<\/figure>\n\n\n\n<p>O Agrupamento de Escolas Em\u00eddio Garcia e o Instituto da Conserva\u00e7\u00e3o da Natureza e das Florestas (ICNF) assinaram, no dia 3 de dezembro, &nbsp;um protoloco no \u00e2mbito do Projeto de Educa\u00e7\u00e3o Ambiental, denominado \u201cSemear, Tratar e Plantar\u201d. &nbsp;<\/p>\n\n\n\n<p>Esta iniciativa visa envolver a comunidade escolar na conserva\u00e7\u00e3o da natureza, no sentido de consciencializa\u00e7\u00e3o da import\u00e2ncia e dos principais benef\u00edcios das florestas no ecossistema. Este projeto pretende envolver todos os alunos, principalmente os de 7.\u00ba e 8.\u00ba ano, de forma a serem os pr\u00f3prios, ao longo do ano letivo, a concretizar a planta\u00e7\u00e3o das esp\u00e9cies que semearam, acompanhando desta forma o grau de sucesso desta experi\u00eancia.<\/p>\n\n\n\n<p>No lan\u00e7amento deste projeto, a turma do 7.\u00baF procedeu \u00e0 planta\u00e7\u00e3o de carvalho negral (<em>Quercus Pyrenaica<\/em>) e ao acompanhamento das plantas que est\u00e3o a crescer significativamente.<\/p>\n\n\n\n<p><\/p>\n\n\n\n<p><em>Veja mais imagens<\/em>:<\/p>\n\n\n\n<figure class=\"wp-block-gallery has-nested-images columns-default is-cropped wp-block-gallery-2 is-layout-flex wp-block-gallery-is-layout-flex\">\n<figure class=\"wp-block-image size-large\"><img loading=\"lazy\" decoding=\"async\" width=\"1024\" height=\"768\" data-id=\"14612\" src=\"https:\/\/bojornal.pt\/wp-content\/uploads\/2025\/01\/33_Protocolo-ICNF-14-1024x768.jpg\" alt=\"\" class=\"wp-image-14612\" srcset=\"https:\/\/bojornal.pt\/wp-content\/uploads\/2025\/01\/33_Protocolo-ICNF-14-1024x768.jpg 1024w, https:\/\/bojornal.pt\/wp-content\/uploads\/2025\/01\/33_Protocolo-ICNF-14-300x225.jpg 300w, https:\/\/bojornal.pt\/wp-content\/uploads\/2025\/01\/33_Protocolo-ICNF-14-150x113.jpg 150w, https:\/\/bojornal.pt\/wp-content\/uploads\/2025\/01\/33_Protocolo-ICNF-14-768x576.jpg 768w, https:\/\/bojornal.pt\/wp-content\/uploads\/2025\/01\/33_Protocolo-ICNF-14-1536x1152.jpg 1536w, https:\/\/bojornal.pt\/wp-content\/uploads\/2025\/01\/33_Protocolo-ICNF-14-2048x1536.jpg 2048w\" sizes=\"auto, (max-width: 1024px) 100vw, 1024px\" \/><\/figure>\n\n\n\n<figure class=\"wp-block-image size-large\"><img loading=\"lazy\" decoding=\"async\" width=\"1024\" height=\"768\" data-id=\"14614\" src=\"https:\/\/bojornal.pt\/wp-content\/uploads\/2025\/01\/33_Protocolo-ICNF-20-1-1024x768.jpg\" alt=\"\" class=\"wp-image-14614\" srcset=\"https:\/\/bojornal.pt\/wp-content\/uploads\/2025\/01\/33_Protocolo-ICNF-20-1-1024x768.jpg 1024w, https:\/\/bojornal.pt\/wp-content\/uploads\/2025\/01\/33_Protocolo-ICNF-20-1-300x225.jpg 300w, https:\/\/bojornal.pt\/wp-content\/uploads\/2025\/01\/33_Protocolo-ICNF-20-1-150x113.jpg 150w, https:\/\/bojornal.pt\/wp-content\/uploads\/2025\/01\/33_Protocolo-ICNF-20-1-768x576.jpg 768w, https:\/\/bojornal.pt\/wp-content\/uploads\/2025\/01\/33_Protocolo-ICNF-20-1-1536x1152.jpg 1536w, https:\/\/bojornal.pt\/wp-content\/uploads\/2025\/01\/33_Protocolo-ICNF-20-1-2048x1536.jpg 2048w\" sizes=\"auto, (max-width: 1024px) 100vw, 1024px\" \/><\/figure>\n\n\n\n<figure class=\"wp-block-image size-large\"><img loading=\"lazy\" decoding=\"async\" width=\"1024\" height=\"768\" data-id=\"14616\" src=\"https:\/\/bojornal.pt\/wp-content\/uploads\/2025\/01\/33_Protocolo-ICNF-21-1024x768.jpg\" alt=\"\" class=\"wp-image-14616\" srcset=\"https:\/\/bojornal.pt\/wp-content\/uploads\/2025\/01\/33_Protocolo-ICNF-21-1024x768.jpg 1024w, https:\/\/bojornal.pt\/wp-content\/uploads\/2025\/01\/33_Protocolo-ICNF-21-300x225.jpg 300w, https:\/\/bojornal.pt\/wp-content\/uploads\/2025\/01\/33_Protocolo-ICNF-21-150x113.jpg 150w, https:\/\/bojornal.pt\/wp-content\/uploads\/2025\/01\/33_Protocolo-ICNF-21-768x576.jpg 768w, https:\/\/bojornal.pt\/wp-content\/uploads\/2025\/01\/33_Protocolo-ICNF-21-1536x1152.jpg 1536w, https:\/\/bojornal.pt\/wp-content\/uploads\/2025\/01\/33_Protocolo-ICNF-21-2048x1536.jpg 2048w\" sizes=\"auto, (max-width: 1024px) 100vw, 1024px\" \/><\/figure>\n\n\n\n<figure class=\"wp-block-image size-large\"><img loading=\"lazy\" decoding=\"async\" width=\"1024\" height=\"768\" data-id=\"14613\" src=\"https:\/\/bojornal.pt\/wp-content\/uploads\/2025\/01\/33_Protocolo-ICNF-39-1024x768.jpg\" alt=\"\" class=\"wp-image-14613\" srcset=\"https:\/\/bojornal.pt\/wp-content\/uploads\/2025\/01\/33_Protocolo-ICNF-39-1024x768.jpg 1024w, https:\/\/bojornal.pt\/wp-content\/uploads\/2025\/01\/33_Protocolo-ICNF-39-300x225.jpg 300w, https:\/\/bojornal.pt\/wp-content\/uploads\/2025\/01\/33_Protocolo-ICNF-39-150x113.jpg 150w, https:\/\/bojornal.pt\/wp-content\/uploads\/2025\/01\/33_Protocolo-ICNF-39-768x576.jpg 768w, https:\/\/bojornal.pt\/wp-content\/uploads\/2025\/01\/33_Protocolo-ICNF-39-1536x1152.jpg 1536w, https:\/\/bojornal.pt\/wp-content\/uploads\/2025\/01\/33_Protocolo-ICNF-39-2048x1536.jpg 2048w\" sizes=\"auto, (max-width: 1024px) 100vw, 1024px\" \/><\/figure>\n<\/figure>\n\n\n\n<figure class=\"wp-block-gallery has-nested-images columns-default is-cropped wp-block-gallery-3 is-layout-flex wp-block-gallery-is-layout-flex\">\n<figure class=\"wp-block-image size-large\"><img loading=\"lazy\" decoding=\"async\" width=\"576\" height=\"1024\" data-id=\"14618\" src=\"https:\/\/bojornal.pt\/wp-content\/uploads\/2025\/01\/34_ProtocoloICNF-576x1024.jpeg\" alt=\"\" class=\"wp-image-14618\" srcset=\"https:\/\/bojornal.pt\/wp-content\/uploads\/2025\/01\/34_ProtocoloICNF-576x1024.jpeg 576w, https:\/\/bojornal.pt\/wp-content\/uploads\/2025\/01\/34_ProtocoloICNF-169x300.jpeg 169w, https:\/\/bojornal.pt\/wp-content\/uploads\/2025\/01\/34_ProtocoloICNF-84x150.jpeg 84w, https:\/\/bojornal.pt\/wp-content\/uploads\/2025\/01\/34_ProtocoloICNF-768x1365.jpeg 768w, https:\/\/bojornal.pt\/wp-content\/uploads\/2025\/01\/34_ProtocoloICNF-864x1536.jpeg 864w, https:\/\/bojornal.pt\/wp-content\/uploads\/2025\/01\/34_ProtocoloICNF.jpeg 900w\" sizes=\"auto, (max-width: 576px) 100vw, 576px\" \/><\/figure>\n\n\n\n<figure class=\"wp-block-image size-large\"><img loading=\"lazy\" decoding=\"async\" width=\"576\" height=\"1024\" data-id=\"14617\" src=\"https:\/\/bojornal.pt\/wp-content\/uploads\/2025\/01\/WhatsApp-Image-2025-01-09-at-10.34.26-1-576x1024.jpeg\" alt=\"\" class=\"wp-image-14617\" srcset=\"https:\/\/bojornal.pt\/wp-content\/uploads\/2025\/01\/WhatsApp-Image-2025-01-09-at-10.34.26-1-576x1024.jpeg 576w, https:\/\/bojornal.pt\/wp-content\/uploads\/2025\/01\/WhatsApp-Image-2025-01-09-at-10.34.26-1-169x300.jpeg 169w, https:\/\/bojornal.pt\/wp-content\/uploads\/2025\/01\/WhatsApp-Image-2025-01-09-at-10.34.26-1-84x150.jpeg 84w, https:\/\/bojornal.pt\/wp-content\/uploads\/2025\/01\/WhatsApp-Image-2025-01-09-at-10.34.26-1-768x1365.jpeg 768w, https:\/\/bojornal.pt\/wp-content\/uploads\/2025\/01\/WhatsApp-Image-2025-01-09-at-10.34.26-1-864x1536.jpeg 864w, https:\/\/bojornal.pt\/wp-content\/uploads\/2025\/01\/WhatsApp-Image-2025-01-09-at-10.34.26-1.jpeg 900w\" sizes=\"auto, (max-width: 576px) 100vw, 576px\" \/><\/figure>\n\n\n\n<figure class=\"wp-block-image size-large\"><img loading=\"lazy\" decoding=\"async\" width=\"576\" height=\"1024\" data-id=\"14619\" src=\"https:\/\/bojornal.pt\/wp-content\/uploads\/2025\/01\/WhatsApp-Image-2025-01-09-at-10.34.27-1-576x1024.jpeg\" alt=\"\" class=\"wp-image-14619\" srcset=\"https:\/\/bojornal.pt\/wp-content\/uploads\/2025\/01\/WhatsApp-Image-2025-01-09-at-10.34.27-1-576x1024.jpeg 576w, https:\/\/bojornal.pt\/wp-content\/uploads\/2025\/01\/WhatsApp-Image-2025-01-09-at-10.34.27-1-169x300.jpeg 169w, https:\/\/bojornal.pt\/wp-content\/uploads\/2025\/01\/WhatsApp-Image-2025-01-09-at-10.34.27-1-84x150.jpeg 84w, https:\/\/bojornal.pt\/wp-content\/uploads\/2025\/01\/WhatsApp-Image-2025-01-09-at-10.34.27-1-768x1365.jpeg 768w, https:\/\/bojornal.pt\/wp-content\/uploads\/2025\/01\/WhatsApp-Image-2025-01-09-at-10.34.27-1-864x1536.jpeg 864w, https:\/\/bojornal.pt\/wp-content\/uploads\/2025\/01\/WhatsApp-Image-2025-01-09-at-10.34.27-1.jpeg 900w\" sizes=\"auto, (max-width: 576px) 100vw, 576px\" \/><\/figure>\n<\/figure>\n","protected":false},"excerpt":{"rendered":"<p>Projeto de Educa\u00e7\u00e3o Ambiental &#8211; parceria entre Em\u00eddio Garcia e ICNF O Agrupamento de Escolas Em\u00eddio Garcia e o Instituto da Conserva\u00e7\u00e3o da Natureza e das Florestas (ICNF) assinaram, no dia 3 de dezembro,&#46;&#46;&#46;<\/p>\n","protected":false},"author":2,"featured_media":14601,"comment_status":"closed","ping_status":"open","sticky":false,"template":"","format":"standard","meta":{"footnotes":""},"categories":[9,16],"tags":[],"class_list":["post-14595","post","type-post","status-publish","format-standard","has-post-thumbnail","hentry","category-em-foco","category-escola-secundaria-emidio-garcia"],"_links":{"self":[{"href":"https:\/\/bojornal.pt\/index.php?rest_route=\/wp\/v2\/posts\/14595","targetHints":{"allow":["GET"]}}],"collection":[{"href":"https:\/\/bojornal.pt\/index.php?rest_route=\/wp\/v2\/posts"}],"about":[{"href":"https:\/\/bojornal.pt\/index.php?rest_route=\/wp\/v2\/types\/post"}],"author":[{"embeddable":true,"href":"https:\/\/bojornal.pt\/index.php?rest_route=\/wp\/v2\/users\/2"}],"replies":[{"embeddable":true,"href":"https:\/\/bojornal.pt\/index.php?rest_route=%2Fwp%2Fv2%2Fcomments&post=14595"}],"version-history":[{"count":0,"href":"https:\/\/bojornal.pt\/index.php?rest_route=\/wp\/v2\/posts\/14595\/revisions"}],"wp:featuredmedia":[{"embeddable":true,"href":"https:\/\/bojornal.pt\/index.php?rest_route=\/wp\/v2\/media\/14601"}],"wp:attachment":[{"href":"https:\/\/bojornal.pt\/index.php?rest_route=%2Fwp%2Fv2%2Fmedia&parent=14595"}],"wp:term":[{"taxonomy":"category","embeddable":true,"href":"https:\/\/bojornal.pt\/index.php?rest_route=%2Fwp%2Fv2%2Fcategories&post=14595"},{"taxonomy":"post_tag","embeddable":true,"href":"https:\/\/bojornal.pt\/index.php?rest_route=%2Fwp%2Fv2%2Ftags&post=14595"}],"curies":[{"name":"wp","href":"https:\/\/api.w.org\/{rel}","templated":true}]}}