{"id":14582,"date":"2024-12-15T10:54:19","date_gmt":"2024-12-15T10:54:19","guid":{"rendered":"https:\/\/bojornal.pt\/?p=14582"},"modified":"2025-01-08T10:57:50","modified_gmt":"2025-01-08T10:57:50","slug":"alunos-de-economia-dinamizam-comercio-na-escolar","status":"publish","type":"post","link":"https:\/\/bojornal.pt\/?p=14582","title":{"rendered":"Alunos de Economia dinamizam \u201cCom\u00e9rcio na Escola\u201d"},"content":{"rendered":"\n<figure class=\"wp-block-gallery has-nested-images columns-default is-cropped wp-block-gallery-1 is-layout-flex wp-block-gallery-is-layout-flex\">\n<figure class=\"wp-block-image size-large\"><img loading=\"lazy\" decoding=\"async\" width=\"1024\" height=\"576\" data-id=\"14583\" src=\"https:\/\/bojornal.pt\/wp-content\/uploads\/2025\/01\/WhatsApp-Image-2025-01-06-at-09.00.25-1-1024x576.jpeg\" alt=\"\" class=\"wp-image-14583\" srcset=\"https:\/\/bojornal.pt\/wp-content\/uploads\/2025\/01\/WhatsApp-Image-2025-01-06-at-09.00.25-1-1024x576.jpeg 1024w, https:\/\/bojornal.pt\/wp-content\/uploads\/2025\/01\/WhatsApp-Image-2025-01-06-at-09.00.25-1-300x169.jpeg 300w, https:\/\/bojornal.pt\/wp-content\/uploads\/2025\/01\/WhatsApp-Image-2025-01-06-at-09.00.25-1-150x84.jpeg 150w, https:\/\/bojornal.pt\/wp-content\/uploads\/2025\/01\/WhatsApp-Image-2025-01-06-at-09.00.25-1-768x432.jpeg 768w, https:\/\/bojornal.pt\/wp-content\/uploads\/2025\/01\/WhatsApp-Image-2025-01-06-at-09.00.25-1-1536x864.jpeg 1536w, https:\/\/bojornal.pt\/wp-content\/uploads\/2025\/01\/WhatsApp-Image-2025-01-06-at-09.00.25-1.jpeg 2048w\" sizes=\"auto, (max-width: 1024px) 100vw, 1024px\" \/><\/figure>\n\n\n\n<figure class=\"wp-block-image size-large\"><img loading=\"lazy\" decoding=\"async\" width=\"1024\" height=\"576\" data-id=\"14584\" src=\"https:\/\/bojornal.pt\/wp-content\/uploads\/2025\/01\/WhatsApp-Image-2025-01-06-at-09.00.25-1024x576.jpeg\" alt=\"\" class=\"wp-image-14584\" srcset=\"https:\/\/bojornal.pt\/wp-content\/uploads\/2025\/01\/WhatsApp-Image-2025-01-06-at-09.00.25-1024x576.jpeg 1024w, https:\/\/bojornal.pt\/wp-content\/uploads\/2025\/01\/WhatsApp-Image-2025-01-06-at-09.00.25-300x169.jpeg 300w, https:\/\/bojornal.pt\/wp-content\/uploads\/2025\/01\/WhatsApp-Image-2025-01-06-at-09.00.25-150x84.jpeg 150w, https:\/\/bojornal.pt\/wp-content\/uploads\/2025\/01\/WhatsApp-Image-2025-01-06-at-09.00.25-768x432.jpeg 768w, https:\/\/bojornal.pt\/wp-content\/uploads\/2025\/01\/WhatsApp-Image-2025-01-06-at-09.00.25-1536x864.jpeg 1536w, https:\/\/bojornal.pt\/wp-content\/uploads\/2025\/01\/WhatsApp-Image-2025-01-06-at-09.00.25.jpeg 2048w\" sizes=\"auto, (max-width: 1024px) 100vw, 1024px\" \/><\/figure>\n\n\n\n<figure class=\"wp-block-image size-large\"><img loading=\"lazy\" decoding=\"async\" width=\"1024\" height=\"576\" data-id=\"14585\" src=\"https:\/\/bojornal.pt\/wp-content\/uploads\/2025\/01\/WhatsApp-Image-2025-01-06-at-09.00.24-1024x576.jpeg\" alt=\"\" class=\"wp-image-14585\" srcset=\"https:\/\/bojornal.pt\/wp-content\/uploads\/2025\/01\/WhatsApp-Image-2025-01-06-at-09.00.24-1024x576.jpeg 1024w, https:\/\/bojornal.pt\/wp-content\/uploads\/2025\/01\/WhatsApp-Image-2025-01-06-at-09.00.24-300x169.jpeg 300w, https:\/\/bojornal.pt\/wp-content\/uploads\/2025\/01\/WhatsApp-Image-2025-01-06-at-09.00.24-150x84.jpeg 150w, https:\/\/bojornal.pt\/wp-content\/uploads\/2025\/01\/WhatsApp-Image-2025-01-06-at-09.00.24-768x432.jpeg 768w, https:\/\/bojornal.pt\/wp-content\/uploads\/2025\/01\/WhatsApp-Image-2025-01-06-at-09.00.24-1536x864.jpeg 1536w, https:\/\/bojornal.pt\/wp-content\/uploads\/2025\/01\/WhatsApp-Image-2025-01-06-at-09.00.24.jpeg 2048w\" sizes=\"auto, (max-width: 1024px) 100vw, 1024px\" \/><\/figure>\n\n\n\n<figure class=\"wp-block-image size-large\"><img loading=\"lazy\" decoding=\"async\" width=\"1024\" height=\"576\" data-id=\"14587\" src=\"https:\/\/bojornal.pt\/wp-content\/uploads\/2025\/01\/WhatsApp-Image-2025-01-06-at-09.00.23-1-1024x576.jpeg\" alt=\"\" class=\"wp-image-14587\" srcset=\"https:\/\/bojornal.pt\/wp-content\/uploads\/2025\/01\/WhatsApp-Image-2025-01-06-at-09.00.23-1-1024x576.jpeg 1024w, https:\/\/bojornal.pt\/wp-content\/uploads\/2025\/01\/WhatsApp-Image-2025-01-06-at-09.00.23-1-300x169.jpeg 300w, https:\/\/bojornal.pt\/wp-content\/uploads\/2025\/01\/WhatsApp-Image-2025-01-06-at-09.00.23-1-150x84.jpeg 150w, https:\/\/bojornal.pt\/wp-content\/uploads\/2025\/01\/WhatsApp-Image-2025-01-06-at-09.00.23-1-768x432.jpeg 768w, https:\/\/bojornal.pt\/wp-content\/uploads\/2025\/01\/WhatsApp-Image-2025-01-06-at-09.00.23-1-1536x864.jpeg 1536w, https:\/\/bojornal.pt\/wp-content\/uploads\/2025\/01\/WhatsApp-Image-2025-01-06-at-09.00.23-1.jpeg 2048w\" sizes=\"auto, (max-width: 1024px) 100vw, 1024px\" \/><\/figure>\n\n\n\n<figure class=\"wp-block-image size-large\"><img loading=\"lazy\" decoding=\"async\" width=\"1024\" height=\"576\" data-id=\"14588\" src=\"https:\/\/bojornal.pt\/wp-content\/uploads\/2025\/01\/WhatsApp-Image-2025-01-06-at-09.00.23-1024x576.jpeg\" alt=\"\" class=\"wp-image-14588\" srcset=\"https:\/\/bojornal.pt\/wp-content\/uploads\/2025\/01\/WhatsApp-Image-2025-01-06-at-09.00.23-1024x576.jpeg 1024w, https:\/\/bojornal.pt\/wp-content\/uploads\/2025\/01\/WhatsApp-Image-2025-01-06-at-09.00.23-300x169.jpeg 300w, https:\/\/bojornal.pt\/wp-content\/uploads\/2025\/01\/WhatsApp-Image-2025-01-06-at-09.00.23-150x84.jpeg 150w, https:\/\/bojornal.pt\/wp-content\/uploads\/2025\/01\/WhatsApp-Image-2025-01-06-at-09.00.23-768x432.jpeg 768w, https:\/\/bojornal.pt\/wp-content\/uploads\/2025\/01\/WhatsApp-Image-2025-01-06-at-09.00.23-1536x864.jpeg 1536w, https:\/\/bojornal.pt\/wp-content\/uploads\/2025\/01\/WhatsApp-Image-2025-01-06-at-09.00.23.jpeg 2048w\" sizes=\"auto, (max-width: 1024px) 100vw, 1024px\" \/><\/figure>\n\n\n\n<figure class=\"wp-block-image size-large\"><img loading=\"lazy\" decoding=\"async\" width=\"1024\" height=\"576\" data-id=\"14586\" src=\"https:\/\/bojornal.pt\/wp-content\/uploads\/2025\/01\/WhatsApp-Image-2025-01-06-at-09.00.22-1024x576.jpeg\" alt=\"\" class=\"wp-image-14586\" srcset=\"https:\/\/bojornal.pt\/wp-content\/uploads\/2025\/01\/WhatsApp-Image-2025-01-06-at-09.00.22-1024x576.jpeg 1024w, https:\/\/bojornal.pt\/wp-content\/uploads\/2025\/01\/WhatsApp-Image-2025-01-06-at-09.00.22-300x169.jpeg 300w, https:\/\/bojornal.pt\/wp-content\/uploads\/2025\/01\/WhatsApp-Image-2025-01-06-at-09.00.22-150x84.jpeg 150w, https:\/\/bojornal.pt\/wp-content\/uploads\/2025\/01\/WhatsApp-Image-2025-01-06-at-09.00.22-768x432.jpeg 768w, https:\/\/bojornal.pt\/wp-content\/uploads\/2025\/01\/WhatsApp-Image-2025-01-06-at-09.00.22-1536x864.jpeg 1536w, https:\/\/bojornal.pt\/wp-content\/uploads\/2025\/01\/WhatsApp-Image-2025-01-06-at-09.00.22.jpeg 2048w\" sizes=\"auto, (max-width: 1024px) 100vw, 1024px\" \/><\/figure>\n<\/figure>\n\n\n\n<p>A atividade \u201cO Com\u00e9rcio na Escola \u2013 Feira do Com\u00e9rcio e Presta\u00e7\u00e3o de Servi\u00e7os\u201d foi&nbsp;dinamizada pelos&nbsp;alunos de Economia, nos dias 10 e 11 de dezembro e envolveu um conjunto de atividades promotoras de uma maior&nbsp;integra\u00e7\u00e3o entre os alunos e entre os alunos e os restantes elementos da comunidade escolar (professores,&nbsp;alunos e funcion\u00e1rios).<\/p>\n\n\n\n<p>Com efeito, pretendeu-se que os alunos desenvolvessem a capacidade de trabalho em equipa e coopera\u00e7\u00e3o,&nbsp;sentido de responsabilidade e iniciativa, caracter\u00edsticas fundamentais para o mercado de trabalho onde&nbsp;pretendem ingressar.<\/p>\n\n\n\n<p>A&nbsp;Feira do Com\u00e9rcio e Presta\u00e7\u00e3o de Servi\u00e7os&nbsp;proporcionou um espa\u00e7o de aprendizagem e troca de ideias, onde a comunidade escolar, pode conhecer mais sobre os projetos desenvolvidos e ver de perto o compromisso com a educa\u00e7\u00e3o de qualidade e sucesso, que refor\u00e7a a miss\u00e3o&nbsp;de transformar o saber numa experi\u00eancia inspiradora e acess\u00edvel para todos.&nbsp;<\/p>\n\n\n\n<p>Isabel Vila Moura<\/p>\n\n\n\n<p><\/p>\n","protected":false},"excerpt":{"rendered":"<p>A atividade \u201cO Com\u00e9rcio na Escola \u2013 Feira do Com\u00e9rcio e Presta\u00e7\u00e3o de Servi\u00e7os\u201d foi&nbsp;dinamizada pelos&nbsp;alunos de Economia, nos dias 10 e 11 de dezembro e envolveu um conjunto de atividades promotoras de uma&#46;&#46;&#46;<\/p>\n","protected":false},"author":2,"featured_media":14587,"comment_status":"closed","ping_status":"open","sticky":false,"template":"","format":"standard","meta":{"footnotes":""},"categories":[2],"tags":[],"class_list":["post-14582","post","type-post","status-publish","format-standard","has-post-thumbnail","hentry","category-atualidade"],"_links":{"self":[{"href":"https:\/\/bojornal.pt\/index.php?rest_route=\/wp\/v2\/posts\/14582","targetHints":{"allow":["GET"]}}],"collection":[{"href":"https:\/\/bojornal.pt\/index.php?rest_route=\/wp\/v2\/posts"}],"about":[{"href":"https:\/\/bojornal.pt\/index.php?rest_route=\/wp\/v2\/types\/post"}],"author":[{"embeddable":true,"href":"https:\/\/bojornal.pt\/index.php?rest_route=\/wp\/v2\/users\/2"}],"replies":[{"embeddable":true,"href":"https:\/\/bojornal.pt\/index.php?rest_route=%2Fwp%2Fv2%2Fcomments&post=14582"}],"version-history":[{"count":0,"href":"https:\/\/bojornal.pt\/index.php?rest_route=\/wp\/v2\/posts\/14582\/revisions"}],"wp:featuredmedia":[{"embeddable":true,"href":"https:\/\/bojornal.pt\/index.php?rest_route=\/wp\/v2\/media\/14587"}],"wp:attachment":[{"href":"https:\/\/bojornal.pt\/index.php?rest_route=%2Fwp%2Fv2%2Fmedia&parent=14582"}],"wp:term":[{"taxonomy":"category","embeddable":true,"href":"https:\/\/bojornal.pt\/index.php?rest_route=%2Fwp%2Fv2%2Fcategories&post=14582"},{"taxonomy":"post_tag","embeddable":true,"href":"https:\/\/bojornal.pt\/index.php?rest_route=%2Fwp%2Fv2%2Ftags&post=14582"}],"curies":[{"name":"wp","href":"https:\/\/api.w.org\/{rel}","templated":true}]}}