{"id":14507,"date":"2024-12-11T18:42:33","date_gmt":"2024-12-11T18:42:33","guid":{"rendered":"https:\/\/bojornal.pt\/?p=14507"},"modified":"2024-12-16T18:46:11","modified_gmt":"2024-12-16T18:46:11","slug":"saude-educacao-alimentar-e-atividade-fisica","status":"publish","type":"post","link":"https:\/\/bojornal.pt\/?p=14507","title":{"rendered":"Sa\u00fade: Educa\u00e7\u00e3o Alimentar e Atividade F\u00edsica"},"content":{"rendered":"\n<p><strong><em>Tema trabalhado pelos alunos do 9.\u00baH, no \u00e2mbito do Projeto de Cidadania e Desenvolvimento<\/em><\/strong><\/p>\n\n\n\n<figure class=\"wp-block-gallery has-nested-images columns-default is-cropped wp-block-gallery-1 is-layout-flex wp-block-gallery-is-layout-flex\">\n<figure class=\"wp-block-image size-large\"><img loading=\"lazy\" decoding=\"async\" width=\"1024\" height=\"768\" data-id=\"14509\" src=\"https:\/\/bojornal.pt\/wp-content\/uploads\/2024\/12\/4-Sedentarismo._9oH_Diego_5-1024x768.jpg\" alt=\"\" class=\"wp-image-14509\" srcset=\"https:\/\/bojornal.pt\/wp-content\/uploads\/2024\/12\/4-Sedentarismo._9oH_Diego_5-1024x768.jpg 1024w, https:\/\/bojornal.pt\/wp-content\/uploads\/2024\/12\/4-Sedentarismo._9oH_Diego_5-300x225.jpg 300w, https:\/\/bojornal.pt\/wp-content\/uploads\/2024\/12\/4-Sedentarismo._9oH_Diego_5-150x113.jpg 150w, https:\/\/bojornal.pt\/wp-content\/uploads\/2024\/12\/4-Sedentarismo._9oH_Diego_5-768x576.jpg 768w, https:\/\/bojornal.pt\/wp-content\/uploads\/2024\/12\/4-Sedentarismo._9oH_Diego_5-1536x1152.jpg 1536w, https:\/\/bojornal.pt\/wp-content\/uploads\/2024\/12\/4-Sedentarismo._9oH_Diego_5.jpg 2048w\" sizes=\"auto, (max-width: 1024px) 100vw, 1024px\" \/><\/figure>\n\n\n\n<figure class=\"wp-block-image size-large\"><img loading=\"lazy\" decoding=\"async\" width=\"1024\" height=\"768\" data-id=\"14508\" src=\"https:\/\/bojornal.pt\/wp-content\/uploads\/2024\/12\/3-Sedentarismo._9oH_3_13_14_15-1024x768.jpg\" alt=\"\" class=\"wp-image-14508\" srcset=\"https:\/\/bojornal.pt\/wp-content\/uploads\/2024\/12\/3-Sedentarismo._9oH_3_13_14_15-1024x768.jpg 1024w, https:\/\/bojornal.pt\/wp-content\/uploads\/2024\/12\/3-Sedentarismo._9oH_3_13_14_15-300x225.jpg 300w, https:\/\/bojornal.pt\/wp-content\/uploads\/2024\/12\/3-Sedentarismo._9oH_3_13_14_15-150x113.jpg 150w, https:\/\/bojornal.pt\/wp-content\/uploads\/2024\/12\/3-Sedentarismo._9oH_3_13_14_15-768x576.jpg 768w, https:\/\/bojornal.pt\/wp-content\/uploads\/2024\/12\/3-Sedentarismo._9oH_3_13_14_15-1536x1152.jpg 1536w, https:\/\/bojornal.pt\/wp-content\/uploads\/2024\/12\/3-Sedentarismo._9oH_3_13_14_15.jpg 2048w\" sizes=\"auto, (max-width: 1024px) 100vw, 1024px\" \/><\/figure>\n\n\n\n<figure class=\"wp-block-image size-large\"><img loading=\"lazy\" decoding=\"async\" width=\"768\" height=\"1024\" data-id=\"14510\" src=\"https:\/\/bojornal.pt\/wp-content\/uploads\/2024\/12\/2-Gr.1_9oH_Peq.-Alm_10_12_17-768x1024.jpg\" alt=\"\" class=\"wp-image-14510\" srcset=\"https:\/\/bojornal.pt\/wp-content\/uploads\/2024\/12\/2-Gr.1_9oH_Peq.-Alm_10_12_17-768x1024.jpg 768w, https:\/\/bojornal.pt\/wp-content\/uploads\/2024\/12\/2-Gr.1_9oH_Peq.-Alm_10_12_17-225x300.jpg 225w, https:\/\/bojornal.pt\/wp-content\/uploads\/2024\/12\/2-Gr.1_9oH_Peq.-Alm_10_12_17-113x150.jpg 113w, https:\/\/bojornal.pt\/wp-content\/uploads\/2024\/12\/2-Gr.1_9oH_Peq.-Alm_10_12_17-1152x1536.jpg 1152w, https:\/\/bojornal.pt\/wp-content\/uploads\/2024\/12\/2-Gr.1_9oH_Peq.-Alm_10_12_17.jpg 1536w\" sizes=\"auto, (max-width: 768px) 100vw, 768px\" \/><\/figure>\n\n\n\n<figure class=\"wp-block-image size-large\"><img loading=\"lazy\" decoding=\"async\" width=\"1024\" height=\"785\" data-id=\"14511\" src=\"https:\/\/bojornal.pt\/wp-content\/uploads\/2024\/12\/1-Foto_9oH_6_7_11_16-1024x785.jpg\" alt=\"\" class=\"wp-image-14511\" srcset=\"https:\/\/bojornal.pt\/wp-content\/uploads\/2024\/12\/1-Foto_9oH_6_7_11_16-1024x785.jpg 1024w, https:\/\/bojornal.pt\/wp-content\/uploads\/2024\/12\/1-Foto_9oH_6_7_11_16-300x230.jpg 300w, https:\/\/bojornal.pt\/wp-content\/uploads\/2024\/12\/1-Foto_9oH_6_7_11_16-150x115.jpg 150w, https:\/\/bojornal.pt\/wp-content\/uploads\/2024\/12\/1-Foto_9oH_6_7_11_16-768x589.jpg 768w, https:\/\/bojornal.pt\/wp-content\/uploads\/2024\/12\/1-Foto_9oH_6_7_11_16-1536x1178.jpg 1536w, https:\/\/bojornal.pt\/wp-content\/uploads\/2024\/12\/1-Foto_9oH_6_7_11_16-2048x1570.jpg 2048w\" sizes=\"auto, (max-width: 1024px) 100vw, 1024px\" \/><\/figure>\n<\/figure>\n\n\n\n<p>No \u00e2mbito do Projeto de Cidadania e Desenvolvimento, os alunos do 9.\u00ba H abordaram o dom\u00ednio da Sa\u00fade, em particular, os temas da \u00abEduca\u00e7\u00e3o Alimentar e Atividade F\u00edsica\u00bb. Assim, realizaram trabalhos de pesquisa, s\u00edntese de informa\u00e7\u00f5es provindas de diversas fontes bibliogr\u00e1ficas, apresenta\u00e7\u00e3o, debate e divulga\u00e7\u00e3o atrav\u00e9s da plataforma Padlet referentes aos subtemas \u00abImport\u00e2ncia do Pequeno-Almo\u00e7o\u00bb e \u00abSedentarismo &#8211; import\u00e2ncia de uma Vida Ativa\u00bb.<br \/>O registo dos trabalhos com diversas apresenta\u00e7\u00f5es de \u00abbons\u00bb e \u00abmaus\u00bb pequenos-almo\u00e7os e com a dinamiza\u00e7\u00e3o de atividades f\u00edsicas diversas nas aulas de Educa\u00e7\u00e3o F\u00edsica encontram-se dispon\u00edveis para consulta atrav\u00e9s do C\u00f3digo QR aqui publicado.<br \/>Este projeto foi desenvolvido com a colabora\u00e7\u00e3o das disciplinas de Cidadania e Desenvolvimento, Educa\u00e7\u00e3o F\u00edsica, Portugu\u00eas, Ingl\u00eas e Ci\u00eancias Naturais.<\/p>\n\n\n\n<p class=\"has-text-align-right\"><em>Diretor de Turma: Rui Pires<\/em><\/p>\n\n\n\n<p><\/p>\n","protected":false},"excerpt":{"rendered":"<p>Tema trabalhado pelos alunos do 9.\u00baH, no \u00e2mbito do Projeto de Cidadania e Desenvolvimento No \u00e2mbito do Projeto de Cidadania e Desenvolvimento, os alunos do 9.\u00ba H abordaram o dom\u00ednio da Sa\u00fade, em particular,&#46;&#46;&#46;<\/p>\n","protected":false},"author":2,"featured_media":14511,"comment_status":"closed","ping_status":"open","sticky":false,"template":"","format":"standard","meta":{"footnotes":""},"categories":[16],"tags":[],"class_list":["post-14507","post","type-post","status-publish","format-standard","has-post-thumbnail","hentry","category-escola-secundaria-emidio-garcia"],"_links":{"self":[{"href":"https:\/\/bojornal.pt\/index.php?rest_route=\/wp\/v2\/posts\/14507","targetHints":{"allow":["GET"]}}],"collection":[{"href":"https:\/\/bojornal.pt\/index.php?rest_route=\/wp\/v2\/posts"}],"about":[{"href":"https:\/\/bojornal.pt\/index.php?rest_route=\/wp\/v2\/types\/post"}],"author":[{"embeddable":true,"href":"https:\/\/bojornal.pt\/index.php?rest_route=\/wp\/v2\/users\/2"}],"replies":[{"embeddable":true,"href":"https:\/\/bojornal.pt\/index.php?rest_route=%2Fwp%2Fv2%2Fcomments&post=14507"}],"version-history":[{"count":0,"href":"https:\/\/bojornal.pt\/index.php?rest_route=\/wp\/v2\/posts\/14507\/revisions"}],"wp:featuredmedia":[{"embeddable":true,"href":"https:\/\/bojornal.pt\/index.php?rest_route=\/wp\/v2\/media\/14511"}],"wp:attachment":[{"href":"https:\/\/bojornal.pt\/index.php?rest_route=%2Fwp%2Fv2%2Fmedia&parent=14507"}],"wp:term":[{"taxonomy":"category","embeddable":true,"href":"https:\/\/bojornal.pt\/index.php?rest_route=%2Fwp%2Fv2%2Fcategories&post=14507"},{"taxonomy":"post_tag","embeddable":true,"href":"https:\/\/bojornal.pt\/index.php?rest_route=%2Fwp%2Fv2%2Ftags&post=14507"}],"curies":[{"name":"wp","href":"https:\/\/api.w.org\/{rel}","templated":true}]}}